{"id":15968,"date":"2025-04-10T22:16:14","date_gmt":"2025-04-10T22:16:14","guid":{"rendered":"https:\/\/www.europesays.com\/fr\/15968\/"},"modified":"2025-04-10T22:16:14","modified_gmt":"2025-04-10T22:16:14","slug":"cyclisme-gravel-tudor-pro-cycling-se-lance-dans-le-gravel-avec-deux-suisses","status":"publish","type":"post","link":"https:\/\/www.europesays.com\/fr\/15968\/","title":{"rendered":"Cyclisme. Gravel &#8211; Tudor Pro Cycling se lance dans le Gravel avec deux Suisses"},"content":{"rendered":"<p>En constante progression et \u00e9volution depuis sa cr\u00e9ation, la formation <strong>Tudor Pro Cycling Team<\/strong> poursuit son d\u00e9veloppement et se lance officiellement dans la comp\u00e9titon gravel ! L&rsquo;annonce a \u00e9t\u00e9 faite par l&rsquo;\u00e9quipe suisse ce mercredi au travers d&rsquo;un communiqu\u00e9, expliquant cette initiative par une volont\u00e9 de \u00ab\u00a0renforcer son engagement en faveur de la performance et de l&rsquo;innovation dans le cyclisme\u00a0\u00bb, avec pour objectif de se servir du Gravel comme d&rsquo;un \u00ab\u00a0pilier compl\u00e9mentaire de son programme sur route\u00a0\u00bb. Pour ses d\u00e9buts sur la sc\u00e8ne gravel, en plein essor ces derni\u00e8res ann\u00e9es, la ProTeam dirig\u00e9e par <strong>Fabian Cancellara<\/strong> a d\u00e9cid\u00e9 de miser sur deux coureurs helv\u00e8tes, \u00e0 savoir <strong><a href=\"https:\/\/www.cyclismactu.net\/..\/news-route-simon-pellaud-resigne-hirschi-alaphilippe-j-ai-accepte-mon-sort-85274.html\" target=\"_blank\" rel=\"noopener\">Simon Pellaud<\/a><\/strong>\u00a0(32 ans) et <strong>Jan St\u00f6ckli<\/strong> (26) et de cibler les \u00e9v\u00e9nements majeurs am\u00e9ricains et europ\u00e9ens, notamment l&#8217;embl\u00e9matique s\u00e9rie <strong>Life Time Grand Prix series<\/strong>, <strong>Spain\u2019s The Traka<\/strong> et plusieurs \u00e9preuves de l&rsquo;UCI Gravel Series.<\/p>\n<p>Vid\u00e9o &#8211; Matej Mohoric Champion du Monde de Gravel 2023 en Italie Lire la suite de l&rsquo;article&#13;<\/p>\n<p>\u00a0<\/p>\n<p>&#13;<br \/>\nSimon Pellaud : \u00ab\u00a0Ce nouveau chapitre de ma carri\u00e8re arrive \u00e0 point nomm\u00e9\u00a0\u00bb&#13;<\/p>\n<p>\u00ab\u00a0Le gravel est plus qu&rsquo;une simple tendance : c&rsquo;est une discipline en plein essor qui s&rsquo;inscrit parfaitement dans notre philosophie\u00a0\u00bb, se r\u00e9jouit <strong>Raphael Meyer<\/strong>, PDG de <strong>Tudor<\/strong>. \u00ab\u00a0Il s&rsquo;agit de courage et de d\u00e9passement de soi. En adoptant le gravel, nous \u00e9largissons la d\u00e9finition d&rsquo;une \u00e9quipe cycliste moderne et renfor\u00e7ons notre approche \u00ab Born To Dare \u00bb.\u00a0\u00bb<\/p>\n<p>&#13;<\/p>\n<p><strong>Simon Pellaud<\/strong> conna\u00eet bien la maison, lui qui a couru deux ans sur la route chez <strong>Tudor<\/strong> en 2023 et 2024 avant de devoir s&rsquo;exiler chez\u00a0la Conti chinoise\u00a0<strong>Li Ning Star<\/strong> cette ann\u00e9e, faute de prolongation de contrat. Un retour aux sources qui le ravit. \u00ab\u00a0Ce nouveau chapitre de ma carri\u00e8re arrive \u00e0 point nomm\u00e9. Je suis loin d&rsquo;\u00eatre un cycliste sur route retrait\u00e9, et je me suis pr\u00e9par\u00e9 pour cette saison comme je l&rsquo;ai fait pour toutes les saisons pr\u00e9c\u00e9dentes. Ma \u00ab Grinta \u00bb est intacte et je suis l\u00e0 pour donner le meilleur de moi-m\u00eame\u00a0\u00bb, explique l&rsquo;\u00e9ternel baroudeur. <\/p>\n<p>&#13;<\/p>\n<p>Sans \u00e9quipe en 2025 apr\u00e8s avoir port\u00e9 le maillot de la\u00a0<strong>Team corratec &#8211; Vini Fantini<a href=\"https:\/\/firstcycling.com\/team.php?l=34139\" target=\"_blank\" rel=\"noopener\"><\/strong>\u00a0pendant trois ans,\u00a0<strong>Jan St\u00f6ckli<\/strong>\u00a0est lui aussi tr\u00e8s enthousiaste. \u00ab\u00a0J&rsquo;adore l&rsquo;aventure et la possibilit\u00e9 d&rsquo;explorer de nouveaux endroits, et c&rsquo;est exactement ce qu&rsquo;offre le gravel. Cette \u00e9quipe ne se contente pas de courir pour gagner ; nous voulons partager nos exp\u00e9riences et nos aventures avec les autres, et c&rsquo;est ce qui me passionne\u00a0\u00bb.\u00a0Tudor Pro Cycling fera sa premi\u00e8re apparition en gravel avec <strong>Simon Pellaud<\/strong> lors du <strong>Life Time Grand Prix Sea Otter Classics<\/strong> (\u00c9tats-Unis) le jeudi 10 avril 2025.<\/p>\n","protected":false},"excerpt":{"rendered":"En constante progression et \u00e9volution depuis sa cr\u00e9ation, la formation Tudor Pro Cycling Team poursuit son d\u00e9veloppement et&hellip;\n","protected":false},"author":2,"featured_media":15969,"comment_status":"","ping_status":"","sticky":false,"template":"","format":"standard","meta":{"footnotes":""},"categories":[1411],"tags":[1154,207,211,1011,27,6620,209,60,210,212,208,213],"class_list":{"0":"post-15968","1":"post","2":"type-post","3":"status-publish","4":"format-standard","5":"has-post-thumbnail","7":"category-cyclisme","8":"tag-cycling","9":"tag-cyclisme","10":"tag-ffc","11":"tag-fr","12":"tag-france","13":"tag-gravel","14":"tag-route","15":"tag-sports","16":"tag-tour-de-france","17":"tag-uci","18":"tag-velo","19":"tag-world-tour"},"share_on_mastodon":{"url":"https:\/\/pubeurope.com\/@fr\/114315983807101325","error":""},"_links":{"self":[{"href":"https:\/\/www.europesays.com\/fr\/wp-json\/wp\/v2\/posts\/15968","targetHints":{"allow":["GET"]}}],"collection":[{"href":"https:\/\/www.europesays.com\/fr\/wp-json\/wp\/v2\/posts"}],"about":[{"href":"https:\/\/www.europesays.com\/fr\/wp-json\/wp\/v2\/types\/post"}],"author":[{"embeddable":true,"href":"https:\/\/www.europesays.com\/fr\/wp-json\/wp\/v2\/users\/2"}],"replies":[{"embeddable":true,"href":"https:\/\/www.europesays.com\/fr\/wp-json\/wp\/v2\/comments?post=15968"}],"version-history":[{"count":0,"href":"https:\/\/www.europesays.com\/fr\/wp-json\/wp\/v2\/posts\/15968\/revisions"}],"wp:featuredmedia":[{"embeddable":true,"href":"https:\/\/www.europesays.com\/fr\/wp-json\/wp\/v2\/media\/15969"}],"wp:attachment":[{"href":"https:\/\/www.europesays.com\/fr\/wp-json\/wp\/v2\/media?parent=15968"}],"wp:term":[{"taxonomy":"category","embeddable":true,"href":"https:\/\/www.europesays.com\/fr\/wp-json\/wp\/v2\/categories?post=15968"},{"taxonomy":"post_tag","embeddable":true,"href":"https:\/\/www.europesays.com\/fr\/wp-json\/wp\/v2\/tags?post=15968"}],"curies":[{"name":"wp","href":"https:\/\/api.w.org\/{rel}","templated":true}]}}