{"id":159703,"date":"2025-06-08T00:50:36","date_gmt":"2025-06-08T00:50:36","guid":{"rendered":"https:\/\/www.europesays.com\/fr\/159703\/"},"modified":"2025-06-08T00:50:36","modified_gmt":"2025-06-08T00:50:36","slug":"3-balades-strasbourgeoises-pour-faire-ses-10-000-pas-quotidiens","status":"publish","type":"post","link":"https:\/\/www.europesays.com\/fr\/159703\/","title":{"rendered":"3 balades strasbourgeoises pour faire ses 10 000 pas quotidiens"},"content":{"rendered":"<p><strong>Vous vous souvenez de cette r\u00e9solution du 1er janvier : \u00ab Cette ann\u00e9e je fais mes 10 000 pas par jour \u00bb ? Et bien on a d\u00e9cid\u00e9 de vous aider \u00e0 la concr\u00e9tiser ! Que vous soyez un(e) promeneur\/se du dimanche ou \u00e0 la recherche d\u2019astuces pour compl\u00e9ter votre objectif, voici 3 itin\u00e9raires th\u00e9matiques \u00e0 Strasbourg, pour joindre l\u2019utile \u00e0 l\u2019agr\u00e9able.<br \/><\/strong><\/p>\n<p style=\"text-align: left;\"><strong>M\u00eame si <a href=\"https:\/\/www.francetvinfo.fr\/vrai-ou-fake\/vrai-ou-fake-faut-il-vraiment-faire-10-000-pas-chaque-jour-pour-etre-en-bonne-sante_5825966.html\" target=\"_blank\" rel=\"noopener\">ce chiffre n\u2019est bas\u00e9 sur aucune preuve scientifique<\/a>,<\/strong> de nombreuses marques de sport pr\u00e9conisent de faire 10 000 pas par jour, simplement pour nous inciter \u00e0 bouger. <\/p>\n<p style=\"text-align: left;\"><strong>Et quitte \u00e0 bouger, autant en profiter pour d\u00e9couvrir la ville \u00e0 travers des parcours th\u00e9matiques.<\/strong> Histoire de bars et de caf\u00e9s, parcs et balade au fil de l\u2019eau : on vous a concoct\u00e9 des itin\u00e9raires pour vous d\u00e9gourdir les jambes.<\/p>\n<p>    <img width=\"800\" height=\"600\" src=\"https:\/\/www.europesays.com\/fr\/wp-content\/uploads\/2025\/04\/img-4131-800x600.jpeg\" class=\"attachment-image-size-L size-image-size-L\" alt=\"cath\u00e9drale rue merci\u00e8re\" decoding=\"async\" loading=\"lazy\"  \/>         \u00a9 Anthony Jilli \/ Pokaa <\/p>\n<p>Pour vous \u00e9viter de devoir apprendre cet article par c\u0153ur, n\u2019h\u00e9sitez pas \u00e0 suivre les liens qui m\u00e8nent aux itin\u00e9raires pr\u00e9con\u00e7us sur Google Maps, \u00e0 la fin de chaque partie de cette page. <strong>Vous pouvez les rallonger, les raccourcir, ou juste vous en inspirer pour vous motiver \u00e0 bouger un peu plus.\u00a0<\/strong><\/p>\n<p>Itin\u00e9raire n\u00b01 : 10 000 pas d\u00e9di\u00e9s \u00e0 l&rsquo;histoire des bars et caf\u00e9s<\/p>\n<p>On commence par un itin\u00e9raire qui passe par <strong>des adresses historiques de bars, brasseries ou winstubs \u00e0 Strasbourg<\/strong>. L\u2019occasion d\u2019en apprendre plus sur l\u2019histoire des b\u00e2timents, mais \u00e9galement d\u2019y faire une petite pause. Serait-ce un nouveau concept de marathon gourmand ?<\/p>\n<p>    <img width=\"800\" height=\"421\" src=\"https:\/\/www.europesays.com\/fr\/wp-content\/uploads\/2025\/06\/capture-decran-13-5-2025-224946-wwwgooglefr-800x421.jpeg\" class=\"attachment-image-size-L size-image-size-L\" alt=\"itin\u00e9raire caf\u00e9s bars screenshot maps\" decoding=\"async\" loading=\"lazy\"  \/>         \u00a9 Google Maps \/ Capture d&rsquo;\u00e9cran <\/p>\n<p><strong>#1 : La Cour du Corbeau \u2013 rue des Couples<\/strong><\/p>\n<p>On d\u00e9marre \u00e0 la Cour du Corbeau. Cet ensemble de b\u00e2timents datant du XVe si\u00e8cle accueille aujourd\u2019hui un h\u00f4tel 4 \u00e9toiles et son restaurant. <strong>Mais, \u00e0 l\u2019origine, la Cour du Corbeau \u00e9tait une hostellerie qui a vu passer des dizaines de g\u00e9n\u00e9rations de voyageurs\/ses<\/strong>, des ducs et g\u00e9n\u00e9raux ainsi que plusieurs activit\u00e9s diff\u00e9rentes.\u00a0<\/p>\n<p>De la Poste \u00e0 cheval aux laboratoires du docteur Schuh, en passant par les vitraux de la Maison Ott, ce lieu est marqu\u00e9 par des si\u00e8cles d\u2019histoire.<\/p>\n<p>                <img width=\"333\" height=\"500\" src=\"https:\/\/www.europesays.com\/fr\/wp-content\/uploads\/2025\/06\/h16a9133.jpg\" class=\"attachment-gallery size-gallery\" alt=\"Cour du Corbeau\" data-full-url=\"https:\/\/www.europesays.com\/fr\/wp-content\/uploads\/2025\/06\/h16a9133.jpg\" decoding=\"async\" loading=\"lazy\"  \/>            <\/p>\n<p>                <img width=\"635\" height=\"500\" src=\"https:\/\/www.europesays.com\/fr\/wp-content\/uploads\/2025\/06\/courcorbeau10-635x500.jpg\" class=\"attachment-gallery size-gallery\" alt=\"Cour corbeau 10\" data-full-url=\"https:\/\/pokaa.fr\/wp-content\/uploads\/2024\/04\/26\/courcorbeau10.jpg\" decoding=\"async\" loading=\"lazy\"  \/>            <\/p>\n<p>                    1. \u00a9 Mathilde Piaud \/ Pokaa ; 2. \u00a9 Minist\u00e8re de la Culture (France) &#8211; m\u00e9diath\u00e8que du patrimoine et de la photographie, diffusion RMN-GP \/ Document remis<\/p>\n<p><strong>#2 : Le Caf\u00e9 Brant \u2013 place de l\u2019Universit\u00e9<\/strong><\/p>\n<p><strong>Le Caf\u00e9 Brant est rempli de r\u00e9f\u00e9rences historiques, \u00e0 commencer par son nom inspir\u00e9 de l\u2019\u00e9crivain humaniste et po\u00e8te allemand S\u00e9bastien Brant.<\/strong> Si ce nom lui a seulement \u00e9t\u00e9 donn\u00e9 en 1988, l\u2019immeuble a \u00e9t\u00e9 construit bien avant, en 1898, et imagin\u00e9 par les architectes Eduard et Andreas Ess.<\/p>\n<p>Pour les plus curieux\/ses, on vous raconte l\u2019histoire du caf\u00e9 juste en dessous.<\/p>\n<p>                <a href=\"https:\/\/pokaa.fr\/2023\/11\/05\/histoire-de-troquet-le-cafe-brant-strasbourg\/\" target=\"_blank\" rel=\"noopener\"><br \/>\n                    <img width=\"450\" height=\"270\" src=\"https:\/\/www.europesays.com\/fr\/wp-content\/uploads\/2025\/06\/image00022-1-450x270.jpeg\" class=\"attachment-card-horizontal--same-subject size-card-horizontal--same-subject wp-post-image\" alt=\"\" decoding=\"async\" loading=\"lazy\"\/>                <\/a><\/p>\n<p><strong>#3 : Le Michel Caf\u00e9 Brasserie \u2013 avenue de la Marseillaise<\/strong><\/p>\n<p>Sur l\u2019avenue de la Marseillaise se trouve une institution : Le Michel ou Snack Michel pour les intimes. On y appr\u00e9cie la cuisine traditionnelle et g\u00e9n\u00e9reuse servie avec le sourire, dans un lieu typiquement fran\u00e7ais. \u00c9t\u00e9 comme hiver, c\u2019est le spot r\u00e9confortant parfait qui s\u2019invitera au milieu de vos kilom\u00e8tres \u00e0 pied.<\/p>\n<p><strong>Pour la petite anecdote, son nom vient de son premier propri\u00e9taire, Michel Spehner, qui s\u2019y est install\u00e9 en 1962. <\/strong>Six\u00a0ans plus tard, les nouveaux propri\u00e9taires ont tenu \u00e0 garder ce nom bien install\u00e9 sur la devanture !<\/p>\n<p>                <a href=\"https:\/\/pokaa.fr\/2024\/01\/03\/histoire-de-troquet-a-strasbourg-le-snack-michel-traverse-le-temps-sans-prendre-une-ride\/\" target=\"_blank\" rel=\"noopener\"><br \/>\n                    <img width=\"450\" height=\"270\" src=\"https:\/\/www.europesays.com\/fr\/wp-content\/uploads\/2025\/06\/image00012-450x270.jpeg\" class=\"attachment-card-horizontal--same-subject size-card-horizontal--same-subject wp-post-image\" alt=\"\" decoding=\"async\" loading=\"lazy\"\/>                <\/a><\/p>\n<p><strong>#4 : Le Petit Tigre \u2013 rue du Faubourg-National<\/strong><\/p>\n<p>Quelques kilom\u00e8tres plus loin, nous voil\u00e0 dans le quartier Gare pour un nouvel arr\u00eat. Petit de nom, il a pourtant tout d\u2019un grand : le Petit Tigre fait partie de la brasserie Le Tigre. <strong>Et c\u2019est en 1921 que sa marque de bi\u00e8res uniques, Tigre Bock, est n\u00e9e.<\/strong><\/p>\n<p>Aujourd\u2019hui, ces bi\u00e8res sont toujours produites sur place dans sa FabriK. Une raison parmi tant d\u2019autres de s\u2019y arr\u00eater pour <strong>d\u00e9couvrir ce lieu mythique<\/strong>, en alliant effort et r\u00e9confort.<\/p>\n<p>                <img width=\"375\" height=\"500\" src=\"https:\/\/www.europesays.com\/fr\/wp-content\/uploads\/2025\/06\/img-9916-375x500.jpg\" class=\"attachment-gallery size-gallery\" alt=\"tigre euro foot\" data-full-url=\"https:\/\/pokaa.fr\/wp-content\/uploads\/2024\/06\/18\/img-9916.jpg\" decoding=\"async\" loading=\"lazy\"  \/>            <\/p>\n<p>                <img width=\"749\" height=\"500\" src=\"https:\/\/www.europesays.com\/fr\/wp-content\/uploads\/2025\/06\/tigre-archi-2-scaled-e1715351440134-749x500.jpg\" class=\"attachment-gallery size-gallery\" alt=\"Tigre\" data-full-url=\"https:\/\/pokaa.fr\/wp-content\/uploads\/2024\/05\/10\/tigre-archi-2-1500x1000.jpg\" decoding=\"async\" loading=\"lazy\"  \/>            <\/p>\n<p>                    1. \u00a9 Coraline Lafon \/ Pokaa ; 2. \u00a9 Tigre \/ Document remis<\/p>\n<p><strong>#5 : Moonshiners \u2013 rue des Bateliers<\/strong><\/p>\n<p>Notre prochaine \u00e9tape est digne d\u2019une \u00e9nigme, puisqu\u2019il faut trouver un bouton pour pouvoir y acc\u00e9der : de quoi motiver les promeneurs\/ses adeptes d\u2019escape games et de cocktails. Dans une ambiance vintage hors du temps et \u00e9clair\u00e9e \u00e0 la bougie, les boissons sont travaill\u00e9es, saupoudr\u00e9es d\u2019un petit sentiment d\u2019interdit. <strong>Perch\u00e9 \u00e0 l\u2019\u00e9tage d\u2019un restaurant de la Grand\u2019Rue, ce speakeasy nous replonge dans le Strasbourg des ann\u00e9es 1920.<\/strong> Mais on ne vous en dit pas plus, ce serait trop facile\u2026<\/p>\n<p>Et on n\u2019oublie pas de repartir, parce qu\u2019on a une promenade \u00e0 finir !<\/p>\n<p>    <img width=\"800\" height=\"600\" src=\"https:\/\/www.europesays.com\/fr\/wp-content\/uploads\/2025\/06\/moonshiners.jpg\" class=\"attachment-image-size-L size-image-size-L\" alt=\"moonshiners\" decoding=\"async\" loading=\"lazy\"  \/>         \u00a9 Pokaa  <\/p>\n<p><strong>#6 : La Winstub Le Clou \u2013 rue du Chaudron<\/strong><\/p>\n<p>Bienvenue dans une winstub qui sent bon le bois patin\u00e9 et la cuisine conviviale : une v\u00e9ritable capsule alsacienne datant de 1975 au c\u0153ur du Carr\u00e9 d\u2019Or. On y entre pour une choucroute, on y reste pour l\u2019ambiance \u00ab heimlich \u00bb et les souvenirs de stars accroch\u00e9s aux murs. <strong>Apr\u00e8s un bon repas, il faut \u00e9videmment une marche digestive : \u00e7a tombe bien, il nous reste une adresse \u00e0 d\u00e9couvrir pour compl\u00e9ter nos 10 000 pas !<\/strong><\/p>\n<p>    <img width=\"800\" height=\"531\" src=\"https:\/\/www.europesays.com\/fr\/wp-content\/uploads\/2025\/06\/leclou1.jpg\" class=\"attachment-image-size-L size-image-size-L\" alt=\"LECLOU1\" decoding=\"async\" loading=\"lazy\"  \/>         \u00a9 Document remis <\/p>\n<p><strong>#7 : Caf\u00e9 Atlantico \u2013 quai des P\u00eacheurs<\/strong><\/p>\n<p>Et pour finir en beaut\u00e9, on file sur l\u2019eau pour une derni\u00e8re escale dans le quartier de la Krutenau : le Caf\u00e9 Atlantico. Avec ses airs de cabane de bord de mer en plein centre-ville, ce spot respire le large, les pieds (presque) dans l\u2019eau. <strong>Aujourd\u2019hui, on peut parfois observer quelques p\u00eacheurs\/ses sur la rive d\u2019en face !<\/strong><\/p>\n<p>Difficile de ne pas jeter l\u2019ancre pour un dernier caf\u00e9\u2026 Mais cette fois-ci, \u00e7a tombe vraiment bien, puisque les 10 000 pas sont boucl\u00e9s.<\/p>\n<p style=\"text-align: center;\"><a href=\"https:\/\/maps.app.goo.gl\/BMwAkMk3nPpu6EKJA\" target=\"_blank\" rel=\"noopener\"><strong>&gt;&gt; Suivre l\u2019itin\u00e9raire en ligne <\/strong><\/a><\/p>\n<p>                <img width=\"375\" height=\"500\" src=\"https:\/\/www.europesays.com\/fr\/wp-content\/uploads\/2025\/06\/img-9738-375x500.jpg\" class=\"attachment-gallery size-gallery\" alt=\"atlantico\" data-full-url=\"https:\/\/pokaa.fr\/wp-content\/uploads\/2025\/02\/11\/img-9738.jpg\" decoding=\"async\" loading=\"lazy\"  \/>            <\/p>\n<p>                <img width=\"678\" height=\"500\" src=\"https:\/\/www.europesays.com\/fr\/wp-content\/uploads\/2025\/06\/img-9736-678x500.jpg\" class=\"attachment-gallery size-gallery\" alt=\"atlantico\" data-full-url=\"https:\/\/pokaa.fr\/wp-content\/uploads\/2025\/02\/11\/img-9736.jpg\" decoding=\"async\" loading=\"lazy\"  \/>            <\/p>\n<p>                <img width=\"678\" height=\"500\" src=\"https:\/\/www.europesays.com\/fr\/wp-content\/uploads\/2025\/06\/img-9742-678x500.jpg\" class=\"attachment-gallery size-gallery\" alt=\"atlantico\" data-full-url=\"https:\/\/pokaa.fr\/wp-content\/uploads\/2025\/02\/11\/img-9742.jpg\" decoding=\"async\" loading=\"lazy\"  \/>            <\/p>\n<p>                    \u00a9 Coraline Lafon \/ Pokaa<\/p>\n<p>Itin\u00e9raire n\u00b02 : 10 000 pas au vert \u00e0 travers les parcs <\/p>\n<p>Marcher, c\u2019est bien. Les cheveux au vent dans la verdure, c\u2019est encore mieux. \u00c7a tombe bien, Strasbourg regorge de squares et de parcs. <strong>Pour vous aider \u00e0 trouver votre bonheur et peut-\u00eatre d\u00e9couvrir de nouveaux coins<\/strong>, on vous propose un itin\u00e9raire pour d\u00e9couvrir ou red\u00e9couvrir quatre parcs qu\u2019on peut relier en une boucle.<\/p>\n<p>    <img width=\"800\" height=\"455\" src=\"https:\/\/www.europesays.com\/fr\/wp-content\/uploads\/2025\/06\/capture-decran-13-5-2025-225740-wwwgooglefr-800x455.jpeg\" class=\"attachment-image-size-L size-image-size-L\" alt=\"itin\u00e9raire au vert screenshot maps\" decoding=\"async\" loading=\"lazy\"  \/>         \u00a9 Google Maps \/ Capture d&rsquo;\u00e9cran <\/p>\n<p><strong>#1 : Parc de l\u2019Orangerie<\/strong><\/p>\n<p>On commence cet itin\u00e9raire au parc de l\u2019Orangerie, le plus ancien et le plus grand de Strasbourg avec ses 26 hectares, ses grandes all\u00e9es, son lac romantique et son pavillon Jos\u00e9phine. <strong>Mais saviez-vous que son nom vient des 138 orangers qui ont \u00e9t\u00e9 mis dans le parc apr\u00e8s avoir \u00e9t\u00e9 confisqu\u00e9s \u00e0 une riche famille de nobles durant la R\u00e9volution ? Ils ont ensuite \u00e9t\u00e9 abrit\u00e9s dans le pavillon Jos\u00e9phine. <\/strong><\/p>\n<p>Malheureusement, en 1968, un incendie a d\u00e9truit le b\u00e2timent et presque tous les orangers. Aujourd\u2019hui, il n\u2019en reste que trois qui sont pr\u00e9serv\u00e9s dans les serres du parc !<\/p>\n<p>                <img width=\"667\" height=\"500\" src=\"https:\/\/www.europesays.com\/fr\/wp-content\/uploads\/2025\/06\/img-7970-667x500.jpg\" class=\"attachment-gallery size-gallery\" alt=\"pavillon jos\u00e9phine orangerie\" data-full-url=\"https:\/\/pokaa.fr\/wp-content\/uploads\/2025\/03\/07\/img-7970.jpg\" decoding=\"async\" loading=\"lazy\"  \/>            <\/p>\n<p>                <img width=\"667\" height=\"500\" src=\"https:\/\/www.europesays.com\/fr\/wp-content\/uploads\/2025\/06\/img-7972-667x500.jpg\" class=\"attachment-gallery size-gallery\" alt=\"orangerie\" data-full-url=\"https:\/\/pokaa.fr\/wp-content\/uploads\/2025\/03\/07\/img-7972.jpg\" decoding=\"async\" loading=\"lazy\"  \/>            <\/p>\n<p>                    \u00a9 MJ \/ Pokaa<\/p>\n<p>    <img width=\"800\" height=\"457\" src=\"https:\/\/www.europesays.com\/fr\/wp-content\/uploads\/2025\/06\/orangerie1-800x457.png\" class=\"attachment-image-size-L size-image-size-L\" alt=\"orangerie1\" decoding=\"async\" loading=\"lazy\"  \/>         \u00a9 Coraline Lafon \/ Pokaa <\/p>\n<p><strong>#2 : Parc de l\u2019Aar<\/strong><\/p>\n<p>Vous pouvez ensuite poursuivre vers les rives de l\u2019Aar, l\u2019un des bras majeurs de l\u2019Ill. Ce parc un peu excentr\u00e9 du c\u00f4t\u00e9 de Schiltigheim est riche en grands espaces verts, jeux pour enfants, pelouses immenses et sentiers ombrag\u00e9s. <strong>Le long des berges, vous aurez l\u2019occasion de suivre le \u00ab parcours des deux rivi\u00e8res \u00bb qui est ponctu\u00e9 de plusieurs \u00e9quipements sportifs pour les plus aventureux\/ses.<\/strong> <\/p>\n<p>Le parc est aussi \u00e9quip\u00e9 d\u2019un complexe sportif et de jardins familiaux. Un lieu de 15 000 m\u00b2, parfait pour y \u00eatre de passage ou s\u2019y arr\u00eater !<\/p>\n<p>                <img width=\"427\" height=\"500\" src=\"https:\/\/www.europesays.com\/fr\/wp-content\/uploads\/2025\/06\/img-20250514-wa0045-e1747254350980-427x500.jpg\" class=\"attachment-gallery size-gallery\" alt=\"Parc de l\u2019Aar personnes assises dans l\u2019herbe\" data-full-url=\"https:\/\/pokaa.fr\/wp-content\/uploads\/2025\/05\/14\/img-20250514-wa0045-e1747254350980.jpg\" decoding=\"async\" loading=\"lazy\"  \/>            <\/p>\n<p>                <img width=\"429\" height=\"500\" src=\"https:\/\/www.europesays.com\/fr\/wp-content\/uploads\/2025\/06\/img-20250514-wa0043-e1747254416851-429x500.jpg\" class=\"attachment-gallery size-gallery\" alt=\"parc de l\u2019Aar \u2013 personne assise devant l\u2019eau\" data-full-url=\"https:\/\/pokaa.fr\/wp-content\/uploads\/2025\/05\/14\/img-20250514-wa0043-e1747254416851.jpg\" decoding=\"async\" loading=\"lazy\"  \/>            <\/p>\n<p>                <img width=\"429\" height=\"500\" src=\"https:\/\/www.europesays.com\/fr\/wp-content\/uploads\/2025\/06\/img-20250514-wa0044-e1747254388397-429x500.jpg\" class=\"attachment-gallery size-gallery\" alt=\"Parc de l\u2019Aar \u2013 eau\" data-full-url=\"https:\/\/pokaa.fr\/wp-content\/uploads\/2025\/05\/14\/img-20250514-wa0044-e1747254388397.jpg\" decoding=\"async\" loading=\"lazy\"  \/>            <\/p>\n<p>                    \u00a9 Perrine Jost \/ Pokaa<\/p>\n<p><strong>#3 : Square du Tivoli<\/strong><\/p>\n<p>Le square du Tivoli, discret mais plein de vie, est lui aussi <strong>id\u00e9al pour marcher au grand air<\/strong>. Il y fait bon vivre depuis un peu toujours : en 1872, c\u2019\u00e9tait un lieu-dit avec une brasserie et son jardin d\u2019\u00e9t\u00e9, un rep\u00e8re des Strasbourgeois(es) en qu\u00eate d\u2019amusement. Ensuite, au XXe si\u00e8cle, il est am\u00e9nag\u00e9 en parc o\u00f9 les guinguettes et les bals battaient leur plein. <\/p>\n<p><strong>Depuis 2019, ce lieu porte le nom de square du Tivoli \u2013 Tomi Ungerer, en m\u00e9moire de l\u2019artiste dont la maison familiale se situe rue Jean-Jacques Rousseau, juste \u00e0 c\u00f4t\u00e9<\/strong>. Maintenant, on continue vers un autre parc voisin pour la derni\u00e8re \u00e9tape !<\/p>\n<p>                <img width=\"429\" height=\"500\" src=\"https:\/\/www.europesays.com\/fr\/wp-content\/uploads\/2025\/06\/img-20250514-wa0039-e1747254695929-429x500.jpg\" class=\"attachment-gallery size-gallery\" alt=\"Square du Tivoli \u2013 Tomi Ungerer vue centrale\" data-full-url=\"https:\/\/pokaa.fr\/wp-content\/uploads\/2025\/05\/14\/img-20250514-wa0039-e1747254695929.jpg\" decoding=\"async\" loading=\"lazy\"  \/>            <\/p>\n<p>                <img width=\"429\" height=\"500\" src=\"https:\/\/www.europesays.com\/fr\/wp-content\/uploads\/2025\/06\/img-20250514-wa0041-e1747254575625-429x500.jpg\" class=\"attachment-gallery size-gallery\" alt=\"Square du Tivoli \u2013 Tomi Ungerer \u2013 arbre et tram\" data-full-url=\"https:\/\/pokaa.fr\/wp-content\/uploads\/2025\/05\/14\/img-20250514-wa0041-e1747254575625.jpg\" decoding=\"async\" loading=\"lazy\"  \/>            <\/p>\n<p>                    \u00a9 Perrine Jost \/ Pokaa<\/p>\n<p><strong>#4 : Parc de Contades<\/strong><\/p>\n<p>On termine la boucle au parc de Contades, cr\u00e9\u00e9 en 1764 sur un ancien champ de tir et qui porte le nom de son fondateur, le mar\u00e9chal de Contades. <strong>Devenu une promenade publique en 1799, des tilleuls et des marronniers y ont \u00e9t\u00e9 plant\u00e9s \u00e0 cette \u00e9poque. Aujourd\u2019hui, on peut toujours admirer ces arbres centenaires !<\/strong> All\u00e9es bord\u00e9es d\u2019arbres, d\u2019un kiosque \u00e0 musique et de pelouses fleuries : ce ne serait pas l\u2019endroit parfait pour finir ces 10 000 pas ?<\/p>\n<p>P.S. : c\u2018est le nom \u00ab Parc de Contades \u00bb qui est utilis\u00e9 dans les recherches sur le patrimoine strasbourgeois, mais entre \u00ab Parc des Contades \u00bb, \u00ab Parc du Contades \u00bb ou juste \u00ab Parc Contades \u00bb, chacun l\u2019appelle diff\u00e9remment !<\/p>\n<p style=\"text-align: center;\"><a href=\"https:\/\/maps.app.goo.gl\/k5oay3TZ39vJ36jL9\" target=\"_blank\" rel=\"noopener\"><strong>&gt;&gt; Suivre l\u2019itin\u00e9raire en ligne <\/strong><\/a><\/p>\n<p>    <img width=\"800\" height=\"532\" src=\"https:\/\/www.europesays.com\/fr\/wp-content\/uploads\/2025\/06\/220719_pka_strasbourg_ete-26.jpg\" class=\"attachment-image-size-L size-image-size-L\" alt=\"Strasbourg \u00e9t\u00e9 chill concert contades\" decoding=\"async\" loading=\"lazy\"  \/>         \u00a9 Adrien Labit \/ Pokaa <\/p>\n<p>Itin\u00e9raire n\u00b03 : 10 000 pas au fil de l\u2019eau <\/p>\n<p>Strasbourg est travers\u00e9e par l\u2019Ill, un d\u00e9tail qui lui donne cet air de nature en ville et qui en ravit plus d\u2019un(e). <strong>Dans ce cas, rien de plus adapt\u00e9 qu\u2019un itin\u00e9raire le long des quais en marchant presque sur l\u2019eau.<\/strong><\/p>\n<p>    <img width=\"600\" height=\"471\" src=\"https:\/\/www.europesays.com\/fr\/wp-content\/uploads\/2025\/06\/capture-decran-13-5-2025-225940-wwwgooglecom-600x471.jpeg\" class=\"attachment-image-size-M size-image-size-M\" alt=\"itin\u00e9raire autour de l\u2019eau screenshot maps\" decoding=\"async\" loading=\"lazy\"  \/>         \u00a9 Google Maps \/ Capture d&rsquo;\u00e9cran <\/p>\n<p>    <img width=\"800\" height=\"600\" src=\"https:\/\/www.europesays.com\/fr\/wp-content\/uploads\/2025\/06\/img-4136-800x600.jpeg\" class=\"attachment-image-size-L size-image-size-L\" alt=\"quai bateliers batorama\" decoding=\"async\" loading=\"lazy\"  \/>         \u00a9 Anthony Jilli \/ Pokaa <\/p>\n<p><strong>#1 : Quai des Bateliers<\/strong><\/p>\n<p>On commence cette balade rue de Zurich, au d\u00e9but du quai des Bateliers. <strong>Cette rue est unique en son genre puisqu\u2019elle n\u2019a pas toujours \u00e9t\u00e9 ce qu\u2019elle est aujourd\u2019hui. Avant, c\u2019\u00e9tait\u2026 un cours d\u2019eau !<\/strong> <\/p>\n<p>Ce dernier reliait le Rhin et l\u2019Ill, et c\u2019est ce qui lui vaut cet aspect \u00e9trangement sinueux. En prenant la direction sud, on arrive bient\u00f4t pr\u00e8s d\u2019un autre cours d\u2019eau, <strong>le canal du Rh\u00f4ne au Rhin qui relie le bassin du Rh\u00f4ne \u00e0 celui du Rhin<\/strong>.<\/p>\n<p>    <img width=\"800\" height=\"533\" src=\"https:\/\/www.europesays.com\/fr\/wp-content\/uploads\/2025\/06\/dsc01672.jpg\" class=\"attachment-image-size-L size-image-size-L\" alt=\"quai des bateliers strasbourg tourisme\" decoding=\"async\" loading=\"lazy\"  \/>         \u00a9 Hugo Favre &#8211; Napoli \/ Pokaa <\/p>\n<p><strong>#2 : Quai des Alpes et parc de la Citadelle<\/strong><\/p>\n<p>Notre deuxi\u00e8me rep\u00e8re se trouve donc quai des Alpes, qui m\u00e8ne vers le quai des Belges un peu plus loin. Apr\u00e8s \u00eatre pass\u00e9(e) devant le bassin de la Citadelle puis celui des Remparts, on longe toujours le canal du Rh\u00f4ne au Rhin pour atteindre notre prochaine \u00e9tape. <\/p>\n<p><strong>Ce canal joue d\u2019ailleurs un r\u00f4le tr\u00e8s important puisqu\u2019il permet de connecter les ports maritimes du nord de l\u2019Europe avec ceux de la M\u00e9diterran\u00e9e, en passant par l\u2019Allemagne.<\/strong><\/p>\n<p>    <img width=\"800\" height=\"600\" src=\"https:\/\/www.europesays.com\/fr\/wp-content\/uploads\/2025\/06\/img-2671-800x600.jpg\" class=\"attachment-image-size-L size-image-size-L\" alt=\"pont d\u2019anvers\" decoding=\"async\" loading=\"lazy\"  \/>         \u00a9 Nicolas Kaspar \/ Pokaa <\/p>\n<p><strong>#3 : Rue du G\u00e9n\u00e9ral-Conrad<\/strong><\/p>\n<p>On atterrit ensuite \u00e0 la fin de la rue du G\u00e9n\u00e9ral-Conrad, au niveau de l\u2019\u00e9glise orthodoxe russe. Entre les arbres se dessinent les trois bulbes dor\u00e9s de cette b\u00e2tisse bleue et blanche, dans un coin entour\u00e9 par l\u2019eau. Un paysage idyllique autour de cette \u00e9glise inaugur\u00e9e en 2018. <strong>\u00c0 sa droite, le canal du Rh\u00f4ne au Rhin poursuit son chemin vers l\u2019Allemagne, aliment\u00e9 par un autre bras de l\u2019Ill qui passe juste derri\u00e8re l\u2019\u00e9glise.<\/strong><\/p>\n<p>Suivez \u00e0 pr\u00e9sent le virage \u00e0 gauche qui nous am\u00e8ne vers la suite de cet itin\u00e9raire, rue Boussingault.<\/p>\n<p>    <img width=\"800\" height=\"533\" src=\"https:\/\/www.europesays.com\/fr\/wp-content\/uploads\/2025\/06\/port-du-rhin39.jpg\" class=\"attachment-image-size-L size-image-size-L\" alt=\"Port du rhin \u00e9glise orthodoxe\" decoding=\"async\" loading=\"lazy\"  \/>         \u00a9 Samuel Compion \/ Pokaa <\/p>\n<p><strong>#4 : Parc de l\u2019Orangerie<\/strong><\/p>\n<p>Droit devant se trouve \u00e0 pr\u00e9sent <strong>le parc de l\u2019Orangerie qui est notre prochain arr\u00eat, gr\u00e2ce \u00e0 son lac<\/strong>. Profitez-en pour admirer les cigognes qui habitent dans le parc en le traversant dans sa longueur jusqu\u2019\u00e0 l\u2019avenue de l\u2019Europe.\u00a0<\/p>\n<p>                <img width=\"375\" height=\"500\" src=\"https:\/\/www.europesays.com\/fr\/wp-content\/uploads\/2025\/06\/orangerie-strasbourg.jpg\" class=\"attachment-gallery size-gallery\" alt=\"orangerie strasbourg\" data-full-url=\"https:\/\/www.europesays.com\/fr\/wp-content\/uploads\/2025\/06\/orangerie-strasbourg.jpg\" decoding=\"async\" loading=\"lazy\"  \/>            <\/p>\n<p>                <img width=\"502\" height=\"368\" src=\"https:\/\/www.europesays.com\/fr\/wp-content\/uploads\/2025\/06\/strasbourg_1809_parc_orangerie_strasbourg-eu_.jpg\" class=\"attachment-gallery size-gallery\" alt=\"Strasbourg_1809_Parc_Orangerie_Strasbourg.eu_\" data-full-url=\"https:\/\/www.europesays.com\/fr\/wp-content\/uploads\/2025\/06\/strasbourg_1809_parc_orangerie_strasbourg-eu_.jpg\" decoding=\"async\" loading=\"lazy\"  \/>            <\/p>\n<p>                    1. \u00a9 Coraline Lafon \/ Pokaa ; 2. \u00a9 Document remis<\/p>\n<p><strong>#5 : Quai Rouget-de-Lisle<\/strong><\/p>\n<p>Apr\u00e8s avoir pris quelques minutes pour admirer les institutions europ\u00e9ennes, rejoignez la rue du G\u00e9n\u00e9ral-Uhrich. Si vous apercevez le si\u00e8ge de la cha\u00eene ARTE et son homme-girafe, vous \u00eates au bon endroit ! <strong>Vous n\u2019avez plus qu\u2019\u00e0 rejoindre le quai Rouget-de-Lisle, dont le nom est un hommage \u00e0 Claude Joseph Rouget de Lisle qui a compos\u00e9 La Marseillaise \u00e0 Strasbourg en 1792.<\/strong> <\/p>\n<p>Sur votre chemin, vous pourrez admirer l\u2019ancienne Villa Offermann et le consulat honoraire du P\u00e9rou, <strong>en croisant bien s\u00fbr les bateaux-mouches strasbourgeois sur l\u2019Ill<\/strong>. Enfin, on continue tout droit vers le quai des Bateliers et hopla, la boucle est boucl\u00e9e !\u00a0<\/p>\n<p style=\"text-align: center;\"><a href=\"https:\/\/maps.app.goo.gl\/AyAzJiLEZSZCgqwr9\" target=\"_blank\" rel=\"noopener\"><strong>&gt;&gt; Suivre l\u2019itin\u00e9raire en ligne <\/strong><\/a><\/p>\n<p>                <img width=\"748\" height=\"500\" src=\"https:\/\/www.europesays.com\/fr\/wp-content\/uploads\/2025\/06\/arte-siege-strasbourg.jpg\" class=\"attachment-gallery size-gallery\" alt=\"Arte-Siege-Strasbourg\" data-full-url=\"https:\/\/www.europesays.com\/fr\/wp-content\/uploads\/2025\/06\/arte-siege-strasbourg.jpg\" decoding=\"async\" loading=\"lazy\"  \/>            <\/p>\n<p>                <img width=\"429\" height=\"500\" src=\"https:\/\/www.europesays.com\/fr\/wp-content\/uploads\/2025\/06\/img-20250514-wa0031-e1747254828756-429x500.jpg\" class=\"attachment-gallery size-gallery\" alt=\"Vue depuis quai Rouget-de-Lisle\" data-full-url=\"https:\/\/pokaa.fr\/wp-content\/uploads\/2025\/05\/14\/img-20250514-wa0031-e1747254828756.jpg\" decoding=\"async\" loading=\"lazy\"  \/>            <\/p>\n<p>                <img width=\"429\" height=\"500\" src=\"https:\/\/www.europesays.com\/fr\/wp-content\/uploads\/2025\/06\/img-20250514-wa0036-e1747254610690-429x500.jpg\" class=\"attachment-gallery size-gallery\" alt=\"Ancienne Villa Offermann \u2013 Quai Rouget-de-Lisle\" data-full-url=\"https:\/\/pokaa.fr\/wp-content\/uploads\/2025\/05\/14\/img-20250514-wa0036-e1747254610690.jpg\" decoding=\"async\" loading=\"lazy\"  \/>            <\/p>\n<p>                <img width=\"429\" height=\"500\" src=\"https:\/\/www.europesays.com\/fr\/wp-content\/uploads\/2025\/06\/img-20250514-wa0030-e1747254797134-429x500.jpg\" class=\"attachment-gallery size-gallery\" alt=\"Consulat Honoraire du P\u00e9rou \u00e0 Strasbourg \u2013 quai Rouget-de-Lisle\" data-full-url=\"https:\/\/pokaa.fr\/wp-content\/uploads\/2025\/05\/14\/img-20250514-wa0030-e1747254797134.jpg\" decoding=\"async\" loading=\"lazy\"  \/>            <\/p>\n<p>                    1. \u00a9 Fr\u00e9d\u00e9ric Maigrot \/ Document remis ; 2. \u00e0 4. \u00a9 Perrine Jost \/ Pokaa<\/p>\n<p style=\"text-align: center;\"><strong>Et vous, c\u2019est quoi votre itin\u00e9raire pr\u00e9f\u00e9r\u00e9 \u00e0 Strasbourg et ses environs ?\u00a0<\/strong><\/p>\n","protected":false},"excerpt":{"rendered":"Vous vous souvenez de cette r\u00e9solution du 1er janvier : \u00ab Cette ann\u00e9e je fais mes 10 000&hellip;\n","protected":false},"author":2,"featured_media":159704,"comment_status":"","ping_status":"","sticky":false,"template":"","format":"standard","meta":{"footnotes":""},"categories":[2820],"tags":[1111,11,7552,4305,1777,674,1011,27,775,12,153,25,640],"class_list":{"0":"post-159703","1":"post","2":"type-post","3":"status-publish","4":"format-standard","5":"has-post-thumbnail","7":"category-strasbourg","8":"tag-actu","9":"tag-actualites","10":"tag-balade","11":"tag-brasserie","12":"tag-eu","13":"tag-europe","14":"tag-fr","15":"tag-france","16":"tag-grand-est","17":"tag-news","18":"tag-parc","19":"tag-republique-francaise","20":"tag-strasbourg"},"share_on_mastodon":{"url":"https:\/\/pubeurope.com\/@fr\/114645004348489309","error":""},"_links":{"self":[{"href":"https:\/\/www.europesays.com\/fr\/wp-json\/wp\/v2\/posts\/159703","targetHints":{"allow":["GET"]}}],"collection":[{"href":"https:\/\/www.europesays.com\/fr\/wp-json\/wp\/v2\/posts"}],"about":[{"href":"https:\/\/www.europesays.com\/fr\/wp-json\/wp\/v2\/types\/post"}],"author":[{"embeddable":true,"href":"https:\/\/www.europesays.com\/fr\/wp-json\/wp\/v2\/users\/2"}],"replies":[{"embeddable":true,"href":"https:\/\/www.europesays.com\/fr\/wp-json\/wp\/v2\/comments?post=159703"}],"version-history":[{"count":0,"href":"https:\/\/www.europesays.com\/fr\/wp-json\/wp\/v2\/posts\/159703\/revisions"}],"wp:featuredmedia":[{"embeddable":true,"href":"https:\/\/www.europesays.com\/fr\/wp-json\/wp\/v2\/media\/159704"}],"wp:attachment":[{"href":"https:\/\/www.europesays.com\/fr\/wp-json\/wp\/v2\/media?parent=159703"}],"wp:term":[{"taxonomy":"category","embeddable":true,"href":"https:\/\/www.europesays.com\/fr\/wp-json\/wp\/v2\/categories?post=159703"},{"taxonomy":"post_tag","embeddable":true,"href":"https:\/\/www.europesays.com\/fr\/wp-json\/wp\/v2\/tags?post=159703"}],"curies":[{"name":"wp","href":"https:\/\/api.w.org\/{rel}","templated":true}]}}