{"id":159705,"date":"2025-06-08T00:51:42","date_gmt":"2025-06-08T00:51:42","guid":{"rendered":"https:\/\/www.europesays.com\/fr\/159705\/"},"modified":"2025-06-08T00:51:42","modified_gmt":"2025-06-08T00:51:42","slug":"suspension-de-laide-a-la-renovation-maprimerenov-des-juillet-2025","status":"publish","type":"post","link":"https:\/\/www.europesays.com\/fr\/159705\/","title":{"rendered":"Suspension de l\u2019aide \u00e0 la r\u00e9novation MaPrimeR\u00e9nov\u2019 d\u00e8s juillet 2025"},"content":{"rendered":"<p class=\"st-surtitre\">\n            R\u00e9action de Pia Imbs, pr\u00e9sidente de l\u2019Eurom\u00e9tropole de Strasbourg, Jeanne Barseghian, maire de Strasbourg, Danielle Dambach, vice-pr\u00e9sidente en charge de la coordination de la transition \u00e9cologique, et Suzanne Brolly, vice-pr\u00e9sidente en charge de la politique de l\u2019habitat, fonci\u00e8re et immobili\u00e8re\n        <\/p>\n<p>\u00ab Ce mercredi 4 juin, nous avons appris que le gouvernement suspendra le dispositif MaPrimeR\u00e9nov\u2019 d\u00e8s le 1er juillet, faute de cr\u00e9dits. Cette d\u00e9cision envoie un signal incompr\u00e9hensible \u00e0 toutes celles et ceux qui s\u2019engagent pour la transition \u00e9nerg\u00e9tique.<\/p>\n<p>Car si les fonds sont d\u00e9j\u00e0 \u00e9puis\u00e9s en milieu d\u2019ann\u00e9e, c\u2019est bien la preuve que le dispositif commence enfin \u00e0 fonctionner, gr\u00e2ce \u00e0 la r\u00e9organisation du service public de la r\u00e9novation \u00e9nerg\u00e9tique \u00e0 l&rsquo;\u00e9chelle de chaque territoire, et aux aides suppl\u00e9mentaires mises en place par les collectivit\u00e9s pour compl\u00e9ter le financement. Ce succ\u00e8s montre l\u2019urgence \u00e0 agir, pas \u00e0 reculer.<\/p>\n<p>\u00c0 l\u2019\u00e9chelle de l\u2019Eurom\u00e9tropole de Strasbourg, notre objectif est ambitieux : r\u00e9nover 8 000 logements par an, dont 6 000 dans le parc priv\u00e9. Ce d\u00e9fi climatique mobilise l\u2019ensemble des acteurs, avec une politique publique structur\u00e9e et des moyens in\u00e9dits. Aux c\u00f4t\u00e9s de MaPrimeR\u00e9nov\u2019, nous avons lanc\u00e9 une aide directe \u00e0 la r\u00e9novation \u00e9nerg\u00e9tique dot\u00e9e de 60 millions d\u2019euros jusqu\u2019en 2027, en partenariat avec la R\u00e9gion Grand Est. En 2024, pr\u00e8s de 2 000 logements priv\u00e9s sur le territoire ont d\u00e9j\u00e0 b\u00e9n\u00e9fici\u00e9 de subventions, avec un gain \u00e9nerg\u00e9tique moyen de 49,7 %.<\/p>\n<p>Mais cette dynamique naissante reste fragile. Pr\u00e8s de 13 % du parc priv\u00e9 de notre territoire est encore class\u00e9 F ou G. Priver les habitantes et habitants des aides promises revient \u00e0 p\u00e9naliser les plus modestes. C\u2019est \u00e9galement une remise en cause de l&rsquo;activit\u00e9 d&rsquo;une fili\u00e8re \u00e9conomique locale et d&#8217;emplois artisanaux non d\u00e9localisables qui vient fragiliser un secteur du b\u00e2timent d\u00e9j\u00e0 sous tension. Nos efforts collectifs sont ralentis.<\/p>\n<p>Alors que Strasbourg accueillera, du 24 au 26 juin, les Assises europ\u00e9ennes de la transition \u00e9nerg\u00e9tique, nous appelons solennellement le gouvernement \u00e0 maintenir les moyens allou\u00e9s. La transition ne peut pas attendre. Les citoyennes et citoyens sont pr\u00eats. \u00c0 l\u2019\u00c9tat d\u2019\u00eatre encore au rendez-vous. \u00bb<\/p>\n","protected":false},"excerpt":{"rendered":"R\u00e9action de Pia Imbs, pr\u00e9sidente de l\u2019Eurom\u00e9tropole de Strasbourg, Jeanne Barseghian, maire de Strasbourg, Danielle Dambach, vice-pr\u00e9sidente en&hellip;\n","protected":false},"author":2,"featured_media":159706,"comment_status":"","ping_status":"","sticky":false,"template":"","format":"standard","meta":{"footnotes":""},"categories":[2820],"tags":[1111,11,33,1777,674,1011,27,775,1908,12,25,640,1352],"class_list":{"0":"post-159705","1":"post","2":"type-post","3":"status-publish","4":"format-standard","5":"has-post-thumbnail","7":"category-strasbourg","8":"tag-actu","9":"tag-actualites","10":"tag-economie","11":"tag-eu","12":"tag-europe","13":"tag-fr","14":"tag-france","15":"tag-grand-est","16":"tag-logement","17":"tag-news","18":"tag-republique-francaise","19":"tag-strasbourg","20":"tag-urbanisme"},"share_on_mastodon":{"url":"https:\/\/pubeurope.com\/@fr\/114645007332270908","error":""},"_links":{"self":[{"href":"https:\/\/www.europesays.com\/fr\/wp-json\/wp\/v2\/posts\/159705","targetHints":{"allow":["GET"]}}],"collection":[{"href":"https:\/\/www.europesays.com\/fr\/wp-json\/wp\/v2\/posts"}],"about":[{"href":"https:\/\/www.europesays.com\/fr\/wp-json\/wp\/v2\/types\/post"}],"author":[{"embeddable":true,"href":"https:\/\/www.europesays.com\/fr\/wp-json\/wp\/v2\/users\/2"}],"replies":[{"embeddable":true,"href":"https:\/\/www.europesays.com\/fr\/wp-json\/wp\/v2\/comments?post=159705"}],"version-history":[{"count":0,"href":"https:\/\/www.europesays.com\/fr\/wp-json\/wp\/v2\/posts\/159705\/revisions"}],"wp:featuredmedia":[{"embeddable":true,"href":"https:\/\/www.europesays.com\/fr\/wp-json\/wp\/v2\/media\/159706"}],"wp:attachment":[{"href":"https:\/\/www.europesays.com\/fr\/wp-json\/wp\/v2\/media?parent=159705"}],"wp:term":[{"taxonomy":"category","embeddable":true,"href":"https:\/\/www.europesays.com\/fr\/wp-json\/wp\/v2\/categories?post=159705"},{"taxonomy":"post_tag","embeddable":true,"href":"https:\/\/www.europesays.com\/fr\/wp-json\/wp\/v2\/tags?post=159705"}],"curies":[{"name":"wp","href":"https:\/\/api.w.org\/{rel}","templated":true}]}}