{"id":159722,"date":"2025-06-08T01:02:10","date_gmt":"2025-06-08T01:02:10","guid":{"rendered":"https:\/\/www.europesays.com\/fr\/159722\/"},"modified":"2025-06-08T01:02:10","modified_gmt":"2025-06-08T01:02:10","slug":"a-marseille-le-festival-le-bon-air-electrise-la-friche-pour-lancer-la-saison-estivale","status":"publish","type":"post","link":"https:\/\/www.europesays.com\/fr\/159722\/","title":{"rendered":"\u00c0 Marseille, le festival \u00ab\u00a0Le Bon Air\u00a0\u00bb \u00e9lectrise La Friche pour lancer la saison estivale"},"content":{"rendered":"<p><a href=\"https:\/\/www.laprovence.com\/article\/culture-loisirs\/64124467552383\/le-bon-air-un-festival-electro-arty-et-vertueux-a-la-friche-la-belle-de-mai\" target=\"_blank\" rel=\"nofollow noopener\">Le festival Le Bon Air<\/a> a pour coutume de lancer la saison des festivals \u00e0 Marseille. Toujours programm\u00e9 sur le week-end de la Pentec\u00f4te, il annonce aussi les soir\u00e9es On Air qui vont \u00e9lectriser tout l&rsquo;\u00e9t\u00e9 le toit-terrasse de La Friche.<\/p>\n<p>De ce vendredi 6 juin \u00e0 dimanche 8, de jour comme de nuit, il r\u00e9unit plus de 70\u00a0artistes, locaux et internationaux, explorant les diff\u00e9rents courants \u00e9lectroniques techno, house, trance, bass, et leurs d\u00e9riv\u00e9s plus alternatifs, avec des propositions rares ou des duos\/duels in\u00e9dits.<\/p>\n<p>Ce vendredi, le premier round s&rsquo;est donc tenu sur le toit du complexe industrio-culturel de la Belle-de-Mai, sous un ciel plut\u00f4t voil\u00e9, avec aux platines L&rsquo;Amateur, DJ r\u00e9f\u00e9rent de la sc\u00e8ne marseillaise, programmateur et activiste des ondes de Radio Grenouille depuis une trentaine d&rsquo;ann\u00e9es, ou encore Sassy J.<\/p>\n<p>Une 10e\u00a0\u00e9dition bien lanc\u00e9e<\/p>\n<p>Si le collectif local Bass Juice prenait d&rsquo;assaut une plus petite sc\u00e8ne situ\u00e9e au niveau des Grandes Tables, Folamour, artiste lyonnais, gourou des dancefloors avec sa house d\u00e9brid\u00e9e convoquant soul, funk, disco, afrobeat et pop, \u00e9tait la t\u00eate d&rsquo;affiche de ce before en plein air. Souriant, bob noir enfonc\u00e9 sur la t\u00eate, il a lanc\u00e9 cette 10e\u00a0\u00e9dition sur de good vibes. Ainsi en ce d\u00e9but de soir\u00e9e, les festivaliers humaient joyeusement l&rsquo;air du temps, partageant bi\u00e8res sur les tabl\u00e9es et dans les transats, tandis que d&rsquo;autres se laissaient prendre par le rythme, sous les lampions.<\/p>\n<p>Une entr\u00e9e en mati\u00e8re tranquille et gaie, marqu\u00e9e par une mont\u00e9e en puissance, avant justement de poursuivre les festivit\u00e9s dans les entrailles de La Friche. <a href=\"https:\/\/www.laprovence.com\/article\/culture-loisirs\/48699935069284\/marseille-le-festival-de-musique-electronique-le-bon-air-fete-ses-10-ans-du-6-au-8-juin-2025-a-la-friche-la-belle-de-mai\" target=\"_blank\" rel=\"nofollow noopener\">C&rsquo;est \u00e0 partir de minuit que Le Bon Air entrait dans le vif du sujet<\/a> o\u00f9 environ 6\u00a0000\u00a0noctambules \u00e9taient attendus sur les quatre sc\u00e8nes, en plus d&rsquo;une sc\u00e8ne secr\u00e8te. Parmi les artistes pris\u00e9s\u00a0: le duo anglais Bicep qui pr\u00e9sentait son projet Chroma et la productrice fran\u00e7aise de techno acide Anetha, en r\u00e9sidence sur le festival. On la retrouve ce samedi soir pour un live audiovisuel Exhibit confectionn\u00e9 avec l&rsquo;artiste Femur mais aussi la l\u00e9gende Richie Hawtin. \u00c0 noter la cl\u00f4ture sur le toit dimanche avec DJ Gigola, r\u00e9put\u00e9e pour ses s\u00e9lections senties et puissantes, taill\u00e9es pour le dancefloor. Et on l&rsquo;esp\u00e8re sous le soleil exactement.<\/p>\n","protected":false},"excerpt":{"rendered":"Le festival Le Bon Air a pour coutume de lancer la saison des festivals \u00e0 Marseille. Toujours programm\u00e9&hellip;\n","protected":false},"author":2,"featured_media":159723,"comment_status":"","ping_status":"","sticky":false,"template":"","format":"standard","meta":{"footnotes":""},"categories":[2814],"tags":[930,17,1111,11,2965,9207,251,25233,1777,674,849,1011,27,3009,884,12,882,25],"class_list":{"0":"post-159722","1":"post","2":"type-post","3":"status-publish","4":"format-standard","5":"has-post-thumbnail","7":"category-marseille","8":"tag-le","9":"tag-17","10":"tag-actu","11":"tag-actualites","12":"tag-air","13":"tag-bon","14":"tag-culture","15":"tag-electrise","16":"tag-eu","17":"tag-europe","18":"tag-festival","19":"tag-fr","20":"tag-france","21":"tag-friche","22":"tag-marseille","23":"tag-news","24":"tag-provence-alpes-cote-dazur","25":"tag-republique-francaise"},"share_on_mastodon":{"url":"https:\/\/pubeurope.com\/@fr\/114645050797971781","error":""},"_links":{"self":[{"href":"https:\/\/www.europesays.com\/fr\/wp-json\/wp\/v2\/posts\/159722","targetHints":{"allow":["GET"]}}],"collection":[{"href":"https:\/\/www.europesays.com\/fr\/wp-json\/wp\/v2\/posts"}],"about":[{"href":"https:\/\/www.europesays.com\/fr\/wp-json\/wp\/v2\/types\/post"}],"author":[{"embeddable":true,"href":"https:\/\/www.europesays.com\/fr\/wp-json\/wp\/v2\/users\/2"}],"replies":[{"embeddable":true,"href":"https:\/\/www.europesays.com\/fr\/wp-json\/wp\/v2\/comments?post=159722"}],"version-history":[{"count":0,"href":"https:\/\/www.europesays.com\/fr\/wp-json\/wp\/v2\/posts\/159722\/revisions"}],"wp:featuredmedia":[{"embeddable":true,"href":"https:\/\/www.europesays.com\/fr\/wp-json\/wp\/v2\/media\/159723"}],"wp:attachment":[{"href":"https:\/\/www.europesays.com\/fr\/wp-json\/wp\/v2\/media?parent=159722"}],"wp:term":[{"taxonomy":"category","embeddable":true,"href":"https:\/\/www.europesays.com\/fr\/wp-json\/wp\/v2\/categories?post=159722"},{"taxonomy":"post_tag","embeddable":true,"href":"https:\/\/www.europesays.com\/fr\/wp-json\/wp\/v2\/tags?post=159722"}],"curies":[{"name":"wp","href":"https:\/\/api.w.org\/{rel}","templated":true}]}}