{"id":159732,"date":"2025-06-08T01:09:14","date_gmt":"2025-06-08T01:09:14","guid":{"rendered":"https:\/\/www.europesays.com\/fr\/159732\/"},"modified":"2025-06-08T01:09:14","modified_gmt":"2025-06-08T01:09:14","slug":"roland-garros-coco-gauff-renverse-aryna-sabalenka-et-devient-la-nouvelle-reine-de-paris","status":"publish","type":"post","link":"https:\/\/www.europesays.com\/fr\/159732\/","title":{"rendered":"Roland-Garros\u00a0: Coco Gauff renverse Aryna Sabalenka et devient la nouvelle reine de Paris"},"content":{"rendered":"<p class=\"paragraph text_align_left\">La terre battue a trouv\u00e9 sa nouvelle championne. Apr\u00e8s trois ann\u00e9es de domination d\u2019Iga Swiatek, <a href=\"https:\/\/www.leparisien.fr\/sports\/tennis\/roland-garros\/roland-garros-coco-gauff-finaliste-americaine-sous-linfluence-francaise-de-jean-christophe-faurel-07-06-2025-R7K57IP235EDFDOJCHJQSVZNTY.php\" target=\"_blank\" rel=\"noreferrer noopener\">place au r\u00e8gne de Coco Gauff<\/a>. Uniquement d\u00e9faite par la Polonaise depuis 2022 \u00e0 Paris, l\u2019Am\u00e9ricaine de 21 ans confirme ses pr\u00e9dispositions sur ocre et remporte son premier titre \u00e0<a href=\"https:\/\/www.leparisien.fr\/sports\/tennis\/roland-garros\/\" target=\"_blank\" rel=\"noreferrer noopener\"> Roland-Garros<\/a>, sept ans apr\u00e8s son succ\u00e8s en junior. En 2h37 de jeu, elle a renvers\u00e9 Aryna Sabalenka, num\u00e9ro un mondiale ((3) 6-7, 6-2, 6-4) au cours d\u2019une magnifique finale.<\/p>\n<p class=\"paragraph text_align_left\">D\u00e9but\u00e9e par un premier set d\u2019une exceptionnelle tension en forme de montagnes (bi\u00e9lo) russes pour Aryna Sabalenka, pass\u00e9e proche du 6-1 tout comme du 5-7 en faveur de Coco Gauff. La num\u00e9ro un mondiale \u00e9tait la mieux partie sur un court Philippe-Chatrier au toit ouvert, menant 4-1 sur son service. Avant que le vent ne s\u2019en m\u00eale, que ses id\u00e9es s\u2019emm\u00ealent et que l\u2019Am\u00e9ricaine se montre \u00e0 la hauteur de l\u2019\u00e9v\u00e9nement. Sabalenka s\u2019est noy\u00e9e, laissant Gauff recoller \u00e0 4-4.<\/p>\n<p class=\"paragraph text_align_left\">Dans une fin de set conclue par cinq jeux de service perdus, place au tie-break, toujours aussi tendu. Le moment pour la Bi\u00e9lorusse d\u2019arr\u00eater de martyriser les balles et de varier les coups. Tout en gardant le contr\u00f4le des \u00e9changes, elle est enfin parvenue \u00e0 d\u00e9stabiliser la d\u00e9fense de Gauff pour boucler la manche en 1H18 (7-6 (5)).<\/p>\n<p>Le public derri\u00e8re Gauff<\/p>\n<p class=\"paragraph text_align_left\">\u00c7a m\u00e9ritait bien une pause pour que les deux meilleures actrices du tournoi reprennent leur souffle. Comme depuis le d\u00e9but de ce Roland-Garros, Coco Gauff ne s\u2019est pas d\u00e9mobilis\u00e9e, prenant deux jeux de suite pour d\u00e9marrer. Solide sur son service, l\u2019Am\u00e9ricaine a profit\u00e9 d\u2019une baisse de r\u00e9gime nette de Sabalenka pour \u00e9galiser \u00e0 un set partout en 35 minutes (6-2).<\/p>\n<p class=\"paragraph text_align_left\">La troisi\u00e8me manche a d\u00e9but\u00e9 par un cri de soulagement pour la Bi\u00e9lorusse. Un hurlement vers son clan apr\u00e8s un jeu de service assur\u00e9 pour mener la derni\u00e8re danse. Mais quelque chose a tourn\u00e9 dans cette finale. Pouss\u00e9e par un public nettement derri\u00e8re elle, Coco Gauff est rest\u00e9e impassible de bout en bout, contenant ses \u00e9motions et son jeu d\u00e9fensif, parfait sur terre battue.<\/p>\n<p class=\"paragraph text_align_left\">Face \u00e0 la puissance sans ma\u00eetrise de Sabalenka, l\u2019Am\u00e9ricaine \u00e9tait bien la meilleure et remporte ce dernier set (6-4). Dix ans apr\u00e8s la victoire de Serena Williams, derni\u00e8re repr\u00e9sentante des \u00c9tats-Unis \u00e0 gagner \u00e0 Paris, Coco Gauff s\u2019adjuge le troph\u00e9e Suzanne-Lenglen. Son deuxi\u00e8me Grand Chelem apr\u00e8s l\u2019US Open en 2023 qu\u2019elle avait gagn\u00e9 face \u00e0\u2026 Sabalenka.<\/p>\n","protected":false},"excerpt":{"rendered":"La terre battue a trouv\u00e9 sa nouvelle championne. Apr\u00e8s trois ann\u00e9es de domination d\u2019Iga Swiatek, place au r\u00e8gne&hellip;\n","protected":false},"author":2,"featured_media":159733,"comment_status":"","ping_status":"","sticky":false,"template":"","format":"standard","meta":{"footnotes":""},"categories":[1888],"tags":[1111,1928,11,1927,1777,674,1011,27,12,1926,626,1925,25,4171,60,1467],"class_list":{"0":"post-159732","1":"post","2":"type-post","3":"status-publish","4":"format-standard","5":"has-post-thumbnail","7":"category-paris","8":"tag-actu","9":"tag-actu-paris","10":"tag-actualites","11":"tag-actualites-paris","12":"tag-eu","13":"tag-europe","14":"tag-fr","15":"tag-france","16":"tag-news","17":"tag-news-paris","18":"tag-paris","19":"tag-paris-news","20":"tag-republique-francaise","21":"tag-roland-garros","22":"tag-sports","23":"tag-tennis"},"share_on_mastodon":{"url":"https:\/\/pubeurope.com\/@fr\/114645078069848697","error":""},"_links":{"self":[{"href":"https:\/\/www.europesays.com\/fr\/wp-json\/wp\/v2\/posts\/159732","targetHints":{"allow":["GET"]}}],"collection":[{"href":"https:\/\/www.europesays.com\/fr\/wp-json\/wp\/v2\/posts"}],"about":[{"href":"https:\/\/www.europesays.com\/fr\/wp-json\/wp\/v2\/types\/post"}],"author":[{"embeddable":true,"href":"https:\/\/www.europesays.com\/fr\/wp-json\/wp\/v2\/users\/2"}],"replies":[{"embeddable":true,"href":"https:\/\/www.europesays.com\/fr\/wp-json\/wp\/v2\/comments?post=159732"}],"version-history":[{"count":0,"href":"https:\/\/www.europesays.com\/fr\/wp-json\/wp\/v2\/posts\/159732\/revisions"}],"wp:featuredmedia":[{"embeddable":true,"href":"https:\/\/www.europesays.com\/fr\/wp-json\/wp\/v2\/media\/159733"}],"wp:attachment":[{"href":"https:\/\/www.europesays.com\/fr\/wp-json\/wp\/v2\/media?parent=159732"}],"wp:term":[{"taxonomy":"category","embeddable":true,"href":"https:\/\/www.europesays.com\/fr\/wp-json\/wp\/v2\/categories?post=159732"},{"taxonomy":"post_tag","embeddable":true,"href":"https:\/\/www.europesays.com\/fr\/wp-json\/wp\/v2\/tags?post=159732"}],"curies":[{"name":"wp","href":"https:\/\/api.w.org\/{rel}","templated":true}]}}