{"id":159734,"date":"2025-06-08T01:10:17","date_gmt":"2025-06-08T01:10:17","guid":{"rendered":"https:\/\/www.europesays.com\/fr\/159734\/"},"modified":"2025-06-08T01:10:17","modified_gmt":"2025-06-08T01:10:17","slug":"le-chauffeur-ne-laurait-pas-vue-a-courbevoie-une-femme-meurt-renversee-par-un-bus-de-la-ratp","status":"publish","type":"post","link":"https:\/\/www.europesays.com\/fr\/159734\/","title":{"rendered":"\u00ab Le chauffeur ne l\u2019aurait pas vue \u00bb : \u00e0 Courbevoie, une femme meurt renvers\u00e9e par un bus de la RATP"},"content":{"rendered":"<p class=\"paragraph text_align_left\">Tragique accident \u00e0 Courbevoie. Vendredi soir, une femme de 69 ans a \u00e9t\u00e9 tu\u00e9e apr\u00e8s avoir \u00e9t\u00e9 percut\u00e9e par un bus de la RATP alors qu\u2019elle traversait la chauss\u00e9e. Le drame s\u2019est nou\u00e9 peu avant 21h30, \u00e0 la jonction de la tr\u00e8s fr\u00e9quent\u00e9e rue de l\u2019Alma et de la place H\u00e9rold. \u00ab La victime se trouvait pourtant sur un passage prot\u00e9g\u00e9, pr\u00e9cise une source polici\u00e8re. Mais selon les premi\u00e8res constatations, le chauffeur du bus ne l\u2019aurait tout simplement pas vue. \u00bb<\/p>\n<p class=\"paragraph text_align_left\">Un sc\u00e9nario confirm\u00e9 par le visionnage des images capt\u00e9es par les cam\u00e9ras de vid\u00e9osurveillance de la ville. Happ\u00e9e par l\u2019essieu arri\u00e8re du bus, la victime, inconsciente \u00e0 l\u2019arriv\u00e9e des premiers secours, n\u2019a pas surv\u00e9cu \u00e0 ses graves blessures. Malgr\u00e9 une tentative de r\u00e9animation, son d\u00e9c\u00e8s a \u00e9t\u00e9 prononc\u00e9 sur place, quelques minutes apr\u00e8s l\u2019accident.<\/p>\n<p>L\u2019enqu\u00eate confi\u00e9e au commissariat de Courbevoie<\/p>\n<p class=\"paragraph text_align_left\">Sous le choc, le machiniste s\u2019est soumis aux tests de d\u00e9pistage alcool et stup\u00e9fiants. Des tests qui se sont tous r\u00e9v\u00e9l\u00e9s n\u00e9gatifs. L\u2019homme a \u00e9t\u00e9 transport\u00e9 au centre hospitalier Max-Fourestier, \u00e0 Nanterre. Une enqu\u00eate a \u00e9t\u00e9 ouverte et confi\u00e9e aux policiers du commissariat de Courbevoie. <\/p>\n<p class=\"paragraph text_align_left\">\u00ab La cellule d\u2019aide aux victimes a \u00e9t\u00e9 d\u00e9clench\u00e9e \u00bb, indique ce samedi au \u00ab Parisien \u00bb la RATP. La r\u00e9gie de transports franciliens fait part de \u00ab sa vive \u00e9motion \u00bb et pr\u00e9sente \u00ab ses condol\u00e9ances les plus sinc\u00e8res \u00e0 la famille de la victime \u00bb.<\/p>\n<p class=\"paragraph text_align_left\">Mercredi, <a href=\"https:\/\/www.leparisien.fr\/val-de-marne-94\/apres-un-grave-accident-avec-une-trottinette-la-polemique-sur-les-voies-de-bus-relancee-05-06-2025-YHJZJN5CKBFONMYIW2AF4KWLSY.php\" target=\"_self\" rel=\"noopener\">un grave accident impliquant d\u00e9j\u00e0 un bus de la RATP est survenu \u00e0 Chevilly-Larue<\/a>, dans le Val-de-Marne. Le machiniste, qui circulait sur sa voie d\u00e9di\u00e9e et o\u00f9 tout autre v\u00e9hicule est interdit, a percut\u00e9 un homme sans casque au guidon d\u2019une trottinette \u00e9lectrique. Ce dernier, gri\u00e8vement bless\u00e9, avait \u00e9t\u00e9 transport\u00e9 \u00e0 l\u2019h\u00f4pital de La Piti\u00e9-Salp\u00eatri\u00e8re \u00e0 Paris (XIIIe).<\/p>\n","protected":false},"excerpt":{"rendered":"Tragique accident \u00e0 Courbevoie. Vendredi soir, une femme de 69 ans a \u00e9t\u00e9 tu\u00e9e apr\u00e8s avoir \u00e9t\u00e9 percut\u00e9e&hellip;\n","protected":false},"author":2,"featured_media":159735,"comment_status":"","ping_status":"","sticky":false,"template":"","format":"standard","meta":{"footnotes":""},"categories":[1888],"tags":[11,29126,1777,674,1011,27,3314,1944,12,626,25],"class_list":{"0":"post-159734","1":"post","2":"type-post","3":"status-publish","4":"format-standard","5":"has-post-thumbnail","7":"category-paris","8":"tag-actualites","9":"tag-courbevoie-92400","10":"tag-eu","11":"tag-europe","12":"tag-fr","13":"tag-france","14":"tag-hauts-de-seine","15":"tag-ma-ville","16":"tag-news","17":"tag-paris","18":"tag-republique-francaise"},"share_on_mastodon":{"url":"https:\/\/pubeurope.com\/@fr\/114645081971020214","error":""},"_links":{"self":[{"href":"https:\/\/www.europesays.com\/fr\/wp-json\/wp\/v2\/posts\/159734","targetHints":{"allow":["GET"]}}],"collection":[{"href":"https:\/\/www.europesays.com\/fr\/wp-json\/wp\/v2\/posts"}],"about":[{"href":"https:\/\/www.europesays.com\/fr\/wp-json\/wp\/v2\/types\/post"}],"author":[{"embeddable":true,"href":"https:\/\/www.europesays.com\/fr\/wp-json\/wp\/v2\/users\/2"}],"replies":[{"embeddable":true,"href":"https:\/\/www.europesays.com\/fr\/wp-json\/wp\/v2\/comments?post=159734"}],"version-history":[{"count":0,"href":"https:\/\/www.europesays.com\/fr\/wp-json\/wp\/v2\/posts\/159734\/revisions"}],"wp:featuredmedia":[{"embeddable":true,"href":"https:\/\/www.europesays.com\/fr\/wp-json\/wp\/v2\/media\/159735"}],"wp:attachment":[{"href":"https:\/\/www.europesays.com\/fr\/wp-json\/wp\/v2\/media?parent=159734"}],"wp:term":[{"taxonomy":"category","embeddable":true,"href":"https:\/\/www.europesays.com\/fr\/wp-json\/wp\/v2\/categories?post=159734"},{"taxonomy":"post_tag","embeddable":true,"href":"https:\/\/www.europesays.com\/fr\/wp-json\/wp\/v2\/tags?post=159734"}],"curies":[{"name":"wp","href":"https:\/\/api.w.org\/{rel}","templated":true}]}}