{"id":159739,"date":"2025-06-08T01:13:26","date_gmt":"2025-06-08T01:13:26","guid":{"rendered":"https:\/\/www.europesays.com\/fr\/159739\/"},"modified":"2025-06-08T01:13:26","modified_gmt":"2025-06-08T01:13:26","slug":"la-russie-et-lukraine-saccusent-de-perturber-lechange-de-prisonniers-apres-des-frappes-russes","status":"publish","type":"post","link":"https:\/\/www.europesays.com\/fr\/159739\/","title":{"rendered":"La Russie et l&rsquo;Ukraine s&rsquo;accusent de perturber l&rsquo;\u00e9change de prisonniers apr\u00e8s des frappes russes"},"content":{"rendered":"<p>Selon le n\u00e9gociateur en chef russe Vladimir Medinski, \u00ab\u00a0la partie ukrainienne a report\u00e9 de mani\u00e8re inattendue la r\u00e9ception des corps\u00a0\u00bb de soldats tu\u00e9s \u00ab\u00a0et l&rsquo;\u00e9change de prisonniers de guerre \u00e0 une date ind\u00e9termin\u00e9e\u00a0\u00bb.<\/p>\n<p>C\u00f4t\u00e9 ukrainien, le Quartier g\u00e9n\u00e9ral de coordination pour le traitement des prisonniers de guerre a d\u00e9menti ces d\u00e9clarations, accusant Moscou de \u00ab\u00a0jeux d\u00e9loyaux\u00a0\u00bb et de \u00ab\u00a0manipulation\u00a0\u00bb.<\/p>\n<p>Cet \u00e9change programm\u00e9 pour ce week-end selon Moscou et Kiev \u00e9tait le seul r\u00e9sultat concret des pourparlers directs russo-ukrainiens en Turquie lundi.<\/p>\n<p>Les deux parties avaient alors convenu de lib\u00e9rer tous les prisonniers de guerre gri\u00e8vement bless\u00e9s ou malades, ainsi que ceux \u00e2g\u00e9s de moins de 25 ans, ce qui aurait fait de cet \u00e9change le plus important de la guerre apr\u00e8s un pr\u00e9c\u00e9dent ayant concern\u00e9 1.000 personnes de chaque c\u00f4t\u00e9 en mai.<\/p>\n<p>A l&rsquo;issue des n\u00e9gociations d&rsquo;Istanbul, le pr\u00e9sident ukrainien Volodymyr Zelensky avait assur\u00e9 qu&rsquo;il aurait lieu ce week-end et la Russie avait dit \u00eatre pr\u00eate pour samedi, dimanche ou lundi.<\/p>\n<p>Samedi, Moscou a affirm\u00e9 avoir transmis une liste \u00e0 l&rsquo;Ukraine, qui, selon elle, ne \u00ab\u00a0correspond pas\u00a0\u00bb aux termes de l&rsquo;accord.<\/p>\n<p>Concernant les d\u00e9pouilles, le n\u00e9gociateur russe Vladimir Medinski a appel\u00e9 Kiev \u00e0 \u00ab\u00a0r\u00e9cup\u00e9rer les corps de 6.000 soldats\u00a0\u00bb ukrainiens, dont \u00ab\u00a01.212 sont d\u00e9j\u00e0 sur le lieu d&rsquo;\u00e9change\u00a0\u00bb. L&rsquo;Ukraine a r\u00e9pliqu\u00e9 qu&rsquo;aucune \u00ab\u00a0date n?avait encore \u00e9t\u00e9 fix\u00e9e\u00a0\u00bb.<\/p>\n<p> Kharkiv vis\u00e9e <\/p>\n<p>              <img ci-src=\"https:\/\/www.nicematin.com\/conflits\/afp\/86d429c562f5482f45642c1d581e166c9c9b9111-NP7dCKKn.jpg?vh=9c3d87&amp;ci_seal=4f2ad17fe1\" alt=\"\"\/><br \/>\n        Des pompiers luttent contre un incendie dans un immeuble apr\u00e8s une s\u00e9rie d&rsquo;attaques russes contre la ville de Kharkiv, dans l&rsquo;est de l&rsquo;Ukraine, le 7 juin 2025 <strong>AFP \/ SERGEY BOBOK.<\/strong> <\/p>\n<p>Ces accusations interviennent apr\u00e8s d&rsquo;importantes frappes russes nocturnes en Ukraine, apr\u00e8s la promesse de Moscou d&rsquo;une \u00ab\u00a0riposte\u00a0\u00bb \u00e0 la destruction d&rsquo;une partie de sa flotte de combat a\u00e9rienne.<\/p>\n<p>Au total, il y a eu huit morts samedi sur le territoire ukrainien, donc cinq dans les bombardements de la nuit derni\u00e8re.<\/p>\n<p>A Kharkiv, une ville particuli\u00e8rement vis\u00e9e, trois personnes ont p\u00e9ri et au moins 17 ont \u00e9t\u00e9 bless\u00e9es, selon son maire Igor Terekhov.<\/p>\n<p>Cette cit\u00e9 a subi \u00ab\u00a0l&rsquo;attaque la plus puissante depuis le d\u00e9but de la guerre\u00a0\u00bb, a-t-il comment\u00e9.<\/p>\n<p>Selon les autorit\u00e9s r\u00e9gionales, deux personnes ont aussi perdu la vie \u00e0 Kherson (sud), tandis que, pr\u00e8s du front, dans la r\u00e9gion de Donetsk (est), des frappes ont fait trois morts.<\/p>\n<p>\u00ab\u00a0La Russie poursuit sa terreur contre les civils\u00a0\u00bb, a d\u00e9nonc\u00e9 le ministre ukrainien des Affaires \u00e9trang\u00e8res Andri\u00ef Sybiga, appelant \u00e0 \u00ab\u00a0accro\u00eetre la pression sur Moscou\u00a0\u00bb pour \u00ab\u00a0mettre fin aux massacres et aux destructions perp\u00e9tr\u00e9s par la Russie\u00a0\u00bb.<\/p>\n<p>Dans la nuit de vendredi \u00e0 samedi, un total de 206 drones Shahed et de neuf missiles ont \u00e9t\u00e9 tir\u00e9s par les forces russes, a recens\u00e9 l&rsquo;arm\u00e9e de l&rsquo;air ukrainienne.<\/p>\n<p>De son c\u00f4t\u00e9, le commandement russe a assur\u00e9 avoir cibl\u00e9 des \u00ab\u00a0entreprises du complexe militaro-industriel ukrainien, des ateliers d&rsquo;assemblage de drones, des centres de maintenance technique et de r\u00e9paration d&rsquo;armes et de mat\u00e9riel militaire, ainsi que des d\u00e9p\u00f4ts de munitions\u00a0\u00bb.<\/p>\n<p>Le minist\u00e8re russe de la D\u00e9fense a affirm\u00e9 que 36 drones ukrainiens avaient \u00e9t\u00e9 d\u00e9truits dans la nuit de vendredi \u00e0 samedi dans les r\u00e9gions de Moscou, de Koursk et de Smolensk notamment.<\/p>\n<p> \u00ab\u00a0Riposte\u00a0\u00bb<\/p>\n<p>              <img ci-src=\"https:\/\/www.nicematin.com\/conflits\/afp\/19b4049d67766d8a51f5704028603ce90a5c45d6-e461wsJg.jpg?vh=fca7ee&amp;ci_seal=66cee3b7b2\" alt=\"\"\/><br \/>\n        Des pompiers luttent contre un incendie dans un immeuble apr\u00e8s une s\u00e9rie d&rsquo;attaques russes contre la ville de Kharkiv, dans l&rsquo;est de l&rsquo;Ukraine, le 7 juin 2025 <strong>AFP \/ SERGEY BOBOK.<\/strong> <\/p>\n<p>Moscou a \u00e9voqu\u00e9 vendredi \u00ab\u00a0une riposte\u00a0\u00bb apr\u00e8s les attaques ukrainiennes qui ont touch\u00e9 dimanche plusieurs a\u00e9rodromes russes loin du front, destruction de plusieurs bombardiers \u00e0 la cl\u00e9.<\/p>\n<p>Ces frappes interviennent \u00e0 un moment o\u00f9 les n\u00e9gociations de paix sont dans l&rsquo;impasse apr\u00e8s le deuxi\u00e8me cycle de pourparlers directs entre Russes et Ukrainiens \u00e0 Istanbul lundi.<\/p>\n<p>Signe de son intransigeance, tandis que les exigences des deux camps semblent inconciliables, le Kremlin a pr\u00e9sent\u00e9 l&rsquo;invasion de l&rsquo;Ukraine, qu&rsquo;il a d\u00e9clench\u00e9e en f\u00e9vrier 2022, comme \u00ab\u00a0une question existentielle\u00a0\u00bb.<\/p>\n<p>Les troupes russes, qui occupent environ 20% du territoire ukrainien, bombardent quasi quotidiennement des villes ukrainiennes depuis 2022. En repr\u00e9sailles, l&rsquo;Ukraine m\u00e8ne \u00e9galement, quasiment chaque jour, des raids a\u00e9riens en Russie.<\/p>\n<p>Au plan diplomatique international, le pr\u00e9sident br\u00e9silien Luiz Inacio Lula da Silva, en visite en France, a sugg\u00e9r\u00e9 samedi que l&rsquo;ONU prenne la t\u00eate d&rsquo;un groupe de pays \u00ab\u00a0pas impliqu\u00e9s dans la guerre\u00a0\u00bb en Ukraine pour tenter de trouver un accord entre Kiev et Moscou,<\/p>\n","protected":false},"excerpt":{"rendered":"Selon le n\u00e9gociateur en chef russe Vladimir Medinski, \u00ab\u00a0la partie ukrainienne a report\u00e9 de mani\u00e8re inattendue la r\u00e9ception&hellip;\n","protected":false},"author":2,"featured_media":159740,"comment_status":"","ping_status":"","sticky":false,"template":"","format":"standard","meta":{"footnotes":""},"categories":[1590],"tags":[11,10411,1777,674,12,220],"class_list":{"0":"post-159739","1":"post","2":"type-post","3":"status-publish","4":"format-standard","5":"has-post-thumbnail","7":"category-ukraine","8":"tag-actualites","9":"tag-conflits","10":"tag-eu","11":"tag-europe","12":"tag-news","13":"tag-ukraine"},"share_on_mastodon":{"url":"https:\/\/pubeurope.com\/@fr\/114645093780456050","error":""},"_links":{"self":[{"href":"https:\/\/www.europesays.com\/fr\/wp-json\/wp\/v2\/posts\/159739","targetHints":{"allow":["GET"]}}],"collection":[{"href":"https:\/\/www.europesays.com\/fr\/wp-json\/wp\/v2\/posts"}],"about":[{"href":"https:\/\/www.europesays.com\/fr\/wp-json\/wp\/v2\/types\/post"}],"author":[{"embeddable":true,"href":"https:\/\/www.europesays.com\/fr\/wp-json\/wp\/v2\/users\/2"}],"replies":[{"embeddable":true,"href":"https:\/\/www.europesays.com\/fr\/wp-json\/wp\/v2\/comments?post=159739"}],"version-history":[{"count":0,"href":"https:\/\/www.europesays.com\/fr\/wp-json\/wp\/v2\/posts\/159739\/revisions"}],"wp:featuredmedia":[{"embeddable":true,"href":"https:\/\/www.europesays.com\/fr\/wp-json\/wp\/v2\/media\/159740"}],"wp:attachment":[{"href":"https:\/\/www.europesays.com\/fr\/wp-json\/wp\/v2\/media?parent=159739"}],"wp:term":[{"taxonomy":"category","embeddable":true,"href":"https:\/\/www.europesays.com\/fr\/wp-json\/wp\/v2\/categories?post=159739"},{"taxonomy":"post_tag","embeddable":true,"href":"https:\/\/www.europesays.com\/fr\/wp-json\/wp\/v2\/tags?post=159739"}],"curies":[{"name":"wp","href":"https:\/\/api.w.org\/{rel}","templated":true}]}}