{"id":159747,"date":"2025-06-08T01:17:16","date_gmt":"2025-06-08T01:17:16","guid":{"rendered":"https:\/\/www.europesays.com\/fr\/159747\/"},"modified":"2025-06-08T01:17:16","modified_gmt":"2025-06-08T01:17:16","slug":"la-france-doit-montrer-la-voie-pour-proteger-les-oceans","status":"publish","type":"post","link":"https:\/\/www.europesays.com\/fr\/159747\/","title":{"rendered":"\u00ab\u202fLa France doit montrer la voie pour prot\u00e9ger les oc\u00e9ans \u00bb"},"content":{"rendered":"<p><strong>LA TRIBUNE DIMANCHE \u2014\u00a0Les oc\u00e9ans se r\u00e9chauffent deux fois plus vite qu&rsquo;il y a vingt ans, l&rsquo;acidification s&rsquo;acc\u00e9l\u00e8re et les ressources halieutiques baissent. Cette conf\u00e9rence de l&rsquo;Unoc n&rsquo;arrive-t-elle pas un peu tard\u2009 ?<\/strong><\/p>\n<p><strong>JEAN-NO\u00cbL BARROT \u2014<\/strong>\u00a0Il n&rsquo;est jamais trop tard. Cette conf\u00e9rence sera la plus importante jamais organis\u00e9e sur la pr\u00e9servation des oc\u00e9ans. C&rsquo;est le r\u00f4le de la France que d&rsquo;\u00e9veiller les consciences sur ce sujet. Aujourd&rsquo;hui, nos mers sont menac\u00e9es. Le 15 ao\u00fbt dernier, la temp\u00e9rature moyenne \u00e0 la surface de la <a href=\"https:\/\/www.latribune.fr\/economie\/environnement\/2025-04-01\/climat-le-rechauffement-climatique-ne-fait-pas-baisser-les-pluies-en-mediterranee-1021888.html\" target=\"_blank\" rel=\"noopener\">M\u00e9diterran\u00e9e<\/a> a atteint le record historique de 29 degr\u00e9s. Sans parler de la pollution plastique ou de la p\u00eache ill\u00e9gale. Nous devons \u00e9viter que l&rsquo;oc\u00e9an, ce r\u00e9servoir de <a href=\"https:\/\/www.latribune.fr\/innovation\/2025-01-16\/comment-integrer-la-biodiversite-dans-l-entreprise-au-dela-des-cliches-1014441.html\" target=\"_blank\" rel=\"noopener\">biodiversit\u00e9<\/a>, qui est aujourd&rsquo;hui notre meilleur alli\u00e9, ne devienne notre pire ennemi. C&rsquo;est pour cela que nous r\u00e9unissons le monde entier \u00e0 Nice \u2009: pour provoquer une mobilisation collective.<\/p>\n","protected":false},"excerpt":{"rendered":"LA TRIBUNE DIMANCHE \u2014\u00a0Les oc\u00e9ans se r\u00e9chauffent deux fois plus vite qu&rsquo;il y a vingt ans, l&rsquo;acidification s&rsquo;acc\u00e9l\u00e8re&hellip;\n","protected":false},"author":2,"featured_media":159748,"comment_status":"","ping_status":"","sticky":false,"template":"","format":"standard","meta":{"footnotes":""},"categories":[1586],"tags":[17,11,3694,21558,154,29131,1777,674,1011,27,6286,1808,3102,3784,12,25],"class_list":{"0":"post-159747","1":"post","2":"type-post","3":"status-publish","4":"format-standard","5":"has-post-thumbnail","7":"category-europe","8":"tag-17","9":"tag-actualites","10":"tag-affaires","11":"tag-barrot","12":"tag-des","13":"tag-etrangeres","14":"tag-eu","15":"tag-europe","16":"tag-fr","17":"tag-france","18":"tag-jean-noel","19":"tag-leurope","20":"tag-la-tribune-dimanche","21":"tag-ministre","22":"tag-news","23":"tag-republique-francaise"},"share_on_mastodon":{"url":"https:\/\/pubeurope.com\/@fr\/114645109515629627","error":""},"_links":{"self":[{"href":"https:\/\/www.europesays.com\/fr\/wp-json\/wp\/v2\/posts\/159747","targetHints":{"allow":["GET"]}}],"collection":[{"href":"https:\/\/www.europesays.com\/fr\/wp-json\/wp\/v2\/posts"}],"about":[{"href":"https:\/\/www.europesays.com\/fr\/wp-json\/wp\/v2\/types\/post"}],"author":[{"embeddable":true,"href":"https:\/\/www.europesays.com\/fr\/wp-json\/wp\/v2\/users\/2"}],"replies":[{"embeddable":true,"href":"https:\/\/www.europesays.com\/fr\/wp-json\/wp\/v2\/comments?post=159747"}],"version-history":[{"count":0,"href":"https:\/\/www.europesays.com\/fr\/wp-json\/wp\/v2\/posts\/159747\/revisions"}],"wp:featuredmedia":[{"embeddable":true,"href":"https:\/\/www.europesays.com\/fr\/wp-json\/wp\/v2\/media\/159748"}],"wp:attachment":[{"href":"https:\/\/www.europesays.com\/fr\/wp-json\/wp\/v2\/media?parent=159747"}],"wp:term":[{"taxonomy":"category","embeddable":true,"href":"https:\/\/www.europesays.com\/fr\/wp-json\/wp\/v2\/categories?post=159747"},{"taxonomy":"post_tag","embeddable":true,"href":"https:\/\/www.europesays.com\/fr\/wp-json\/wp\/v2\/tags?post=159747"}],"curies":[{"name":"wp","href":"https:\/\/api.w.org\/{rel}","templated":true}]}}