{"id":159762,"date":"2025-06-08T01:27:11","date_gmt":"2025-06-08T01:27:11","guid":{"rendered":"https:\/\/www.europesays.com\/fr\/159762\/"},"modified":"2025-06-08T01:27:11","modified_gmt":"2025-06-08T01:27:11","slug":"je-ne-sais-pas-ce-qui-ne-va-pas","status":"publish","type":"post","link":"https:\/\/www.europesays.com\/fr\/159762\/","title":{"rendered":"Je ne sais pas ce qui ne va pas"},"content":{"rendered":"<p>Apr\u00e8s un vendredi difficile sur un MotorLand Arag\u00f3n qui ne fait que renforcer ses difficult\u00e9s avec la Ducati GP25, <a href=\"https:\/\/fr.motorsport.com\/driver\/pecco-bagnaia\/109394\/\" target=\"_blank\" rel=\"noopener\">Pecco Bagnaia<\/a> se voulait r\u00e9solument optimiste, en <a href=\"https:\/\/fr.motorsport.com\/motogp\/news\/pecco-bagnaia-difficultes-exacerbees-aragon\/10730224\/\" target=\"_blank\" rel=\"noopener\">affichant sa volont\u00e9 de partir en premi\u00e8re ligne et de gagner le sprint<\/a>. Aucun des deux objectifs n&rsquo;a \u00e9t\u00e9 rempli, et de loin<\/p>\n<p>Bagnaia a certes accroch\u00e9 la quatri\u00e8me place en qualifications mais avec un retard spectaculaire de 0&Prime;603 sur <a href=\"https:\/\/fr.motorsport.com\/driver\/marc-marquez\/92646\/\" target=\"_blank\" rel=\"noopener\">Marc M\u00e1rquez<\/a> avec une Ducati identique. Lors du sprint, l&rsquo;Italien a gliss\u00e9 au huiti\u00e8me rang dans le premier tour, apr\u00e8s avoir \u00e9t\u00e9 aval\u00e9 par plusieurs pilotes dans les premiers virages. Bagnaia a ensuite \u00e9t\u00e9 doubl\u00e9 par <a href=\"https:\/\/fr.motorsport.com\/driver\/maverick-vinales\/96553\/\" target=\"_blank\" rel=\"noopener\">Maverick Vi\u00f1ales<\/a> et a perdu quatre places de plus en faisant une erreur. Il n&rsquo;\u00e9tait plus que 13e et n&rsquo;a pu reprendre l&rsquo;avantage que sur <a href=\"https:\/\/fr.motorsport.com\/driver\/enea-bastianini\/109398\/\" target=\"_blank\" rel=\"noopener\">Enea Bastianini<\/a> pour prendre la 12e place, hors des points.<\/p>\n<p>Hors abandon ou chute, il n&rsquo;avait jamais termin\u00e9 hors des points lors d&rsquo;un sprint, exercice introduit en 2023 en MotoGP. Toujours perdu face \u00e0 son manque de sensations sur la Ducati GP25, Bagnaia reconna\u00eet \u00eatre confront\u00e9 au plus grand d\u00e9fi de sa carri\u00e8re. Sans aucune solution pour le moment.<\/p>\n<p><strong>On dirait que tu as eu d&rsquo;assez bonnes qualifications&#8230;<\/strong><\/p>\n<p>&#8230; et pas une bonne course.<\/p>\n<p><strong>Mais \u00e7a semblait se passer plut\u00f4t bien avant ta sortie de piste&#8230;<\/strong><\/p>\n<p>Pfff&#8230; Je savais que \u00e7a pourrait \u00eatre difficile aujourd&rsquo;hui parce qu&rsquo;en EL2 ce matin, j&rsquo;avais du mal. Je n&rsquo;\u00e9tais pas satisfait de mes sensations mais en qualifications, j&rsquo;ai beaucoup donn\u00e9, j&rsquo;ai pris beaucoup de risques, et je suis parti quatri\u00e8me. En course, j&rsquo;ai tout tent\u00e9 mais je ne pouvais pas forcer. J&rsquo;essayais de freiner fort et mon avant avait beaucoup de blocages, j&rsquo;avais beaucoup de sous-virage et c&rsquo;\u00e9tait vraiment dur. Je suis sorti large juste en essayant de copier les pilotes devant moi, en freinant au m\u00eame endroit, mais j&rsquo;ai eu un blocage et je suis pass\u00e9 large. Ensuite, j&rsquo;\u00e9tais coinc\u00e9 l\u00e0 et c&rsquo;\u00e9tait dur, vraiment dur aujourd&rsquo;hui.<\/p>\n<p>Pour demain, je pense qu&rsquo;il faudra encore essayer quelque chose de diff\u00e9rent. On a tout essay\u00e9 mais il faudra encore le faire, en esp\u00e9rant que \u00e7a pourra un peu aider. Le medium va d\u00e9j\u00e0 un peu aider \u00e0 avoir moins de sous-virage demain, mais ce sera dur.<\/p>\n<p>   <img decoding=\"async\" draggable=\"false\" src=\"https:\/\/www.europesays.com\/fr\/wp-content\/uploads\/2025\/06\/1749346031_562_francesco-bagnaia-ducati-team.jpg\" alt=\"Francesco Bagnaia, Ducati Team\" width=\"1200\" height=\"800\" loading=\"lazy\"\/> <\/p>\n<p class=\"title\">Pecco Bagnaia<\/p>\n<p class=\"photographer\">Photo de: Gold and Goose Photography \/ LAT Images \/ via Getty Images<\/p>\n<p><strong>Quel est le positif aujourd&rsquo;hui ?<\/strong><\/p>\n<p>De partir quatri\u00e8me et pas troisi\u00e8me ! Du c\u00f4t\u00e9 propre.<\/p>\n<p><strong>Marc dit qu&rsquo;il a la m\u00eame moto qu&rsquo;\u00c1lex. Comment l&rsquo;expliques-tu ?<\/strong><\/p>\n<p>Je ne sais pas quelle moto il utilise ! Parce que je me concentre sur la mienne et j&rsquo;ai tout test\u00e9. Je ne sais pas ce qui ne va pas parce que les motos sont clairement similaires \u00e0 celles de l&rsquo;an dernier, mais la dynamique de la moto est bizarre, vu que j&rsquo;ai beaucoup de mal au freinage.<\/p>\n<p><strong>En passant d&rsquo;une fourche \u00e0 l&rsquo;autre, la longue hier et la normale hier, faut-il plus de temps pour essayer des r\u00e9glages ?<\/strong><\/p>\n<p>Normalement, cela devrait fonctionner imm\u00e9diatement. Avec 15 mm de plus, c&rsquo;est la m\u00eame chose. C&rsquo;est vraiment bizarre.<\/p>\n<blockquote>\n<p>Je sais ce que je peux faire, et je n&rsquo;y arrive pas. C&rsquo;est plus difficile que les autres d\u00e9fis auxquels j&rsquo;ai \u00e9t\u00e9 confront\u00e9.<\/p>\n<\/blockquote>\n<p><strong>Est-ce le plus gros d\u00e9fi de ta carri\u00e8re ?<\/strong><\/p>\n<p>Pour le moment, oui, parce que je sais ce que je peux faire, et je n&rsquo;y arrive pas. C&rsquo;est plus difficile que les autres d\u00e9fis auxquels j&rsquo;ai \u00e9t\u00e9 confront\u00e9.<\/p>\n<p>   <img decoding=\"async\" draggable=\"false\" src=\"https:\/\/www.europesays.com\/fr\/wp-content\/uploads\/2025\/06\/1749346031_651_francesco-bagnaia-ducati-team.jpg\" alt=\"Francesco Bagnaia, Ducati Team\" width=\"1200\" height=\"800\" loading=\"lazy\"\/> <\/p>\n<p class=\"title\">Pecco Bagnaia<\/p>\n<p class=\"photographer\">Photo de: Gold and Goose Photography \/ LAT Images \/ via Getty Images<\/p>\n<p><strong>Pourrais-tu tester la GP24 lundi pour voir si les sensations sont toujours l\u00e0 ?<\/strong><\/p>\n<p>Je ne sais pas si ce serait bien parce qu&rsquo;il faut que je sois sur la 25. Je ne peux pas changer de moto. Surtout, ce serait plus utile qu&rsquo;un pilote de la GP24, qui a des sensations fra\u00eeches avec la GP24, pilote la 25 \u2013 \u00c1lex, Franky [Morbidelli] ou Aldeguer. \u00c1lex pourrait \u00eatre le meilleur pour le faire, mais tout le monde veut se concentrer pour progresser et c&rsquo;est difficile de faire quelque chose de la sorte.<\/p>\n<p><strong>La situation est s\u00fbrement difficile aussi pour ton \u00e9quipe&#8230;<\/strong><\/p>\n<p>Oui, beaucoup.<\/p>\n<p><strong>\u00cates-vous encore unis \u00e0 100% ?<\/strong><\/p>\n<p>[rires] Je ne sais pas pourquoi tout le monde demande si je peux rester. Je reste avec mon \u00e9quipe. C&rsquo;est comme \u00e7a. Je sais parfaitement qu&rsquo;on est tous dans le m\u00eame bateau et qu&rsquo;on travaille tous dans la direction, moi sur la moto, eux en dehors. Ils essaient de comprendre leurs probl\u00e8mes pour m&rsquo;aider, pour nous aider. Ce n&rsquo;est critique que pour moi mais aussi pour eux. Ils ne comprennent pas ce qui se place.<\/p>\n<p>Lire aussi :<\/p>\n<p><img decoding=\"async\" class=\"sizer\" draggable=\"false\" src=\"data:image\/png;base64,iVBORw0KGgoAAAANSUhEUgAAABAAAAAJCAYAAAA7KqwyAAAAGXRFWHRTb2Z0d2FyZQBBZG9iZSBJbWFnZVJlYWR5ccllPAAAABpJREFUeNpi\/P\/\/PwMlgImBQjBqwLAwACDAAOVfAw9\/ZDvcAAAAAElFTkSuQmCC\" alt=\"\" loading=\"lazy\"\/><\/p>\n<p class=\"title\">VID\u00c9O &#8211; R\u00c9SUM\u00c9\u00a0: La course sprint au GP d&rsquo;Arag\u00f3n<\/p>\n<p>Dans cet article<\/p>\n<p>    Vincent Lalanne-Sicaud\n<\/p>\n<p>    MotoGP\n<\/p>\n<p>    Pecco Bagnaia\n<\/p>\n<p>    Ducati Team\n<\/p>\n<p>Soyez le premier inform\u00e9 et souscrivez aux alertes mails pour recevoir les infos en temps r\u00e9el<\/p>\n<p>    S&rsquo;abonner aux alertes de news<\/p>\n","protected":false},"excerpt":{"rendered":"Apr\u00e8s un vendredi difficile sur un MotorLand Arag\u00f3n qui ne fait que renforcer ses difficult\u00e9s avec la Ducati&hellip;\n","protected":false},"author":2,"featured_media":159763,"comment_status":"","ping_status":"","sticky":false,"template":"","format":"standard","meta":{"footnotes":""},"categories":[1413],"tags":[4950,1011,27,26452,1457,1456,1458,26453,4951,60],"class_list":{"0":"post-159762","1":"post","2":"type-post","3":"status-publish","4":"format-standard","5":"has-post-thumbnail","7":"category-moto","8":"tag-ducati-team","9":"tag-fr","10":"tag-france","11":"tag-gp-daragu00f3n","12":"tag-moto","13":"tag-motocycle","14":"tag-motogp","15":"tag-motorland-aragu00f3n","16":"tag-pecco-bagnaia","17":"tag-sports"},"share_on_mastodon":{"url":"https:\/\/pubeurope.com\/@fr\/114645148978427841","error":""},"_links":{"self":[{"href":"https:\/\/www.europesays.com\/fr\/wp-json\/wp\/v2\/posts\/159762","targetHints":{"allow":["GET"]}}],"collection":[{"href":"https:\/\/www.europesays.com\/fr\/wp-json\/wp\/v2\/posts"}],"about":[{"href":"https:\/\/www.europesays.com\/fr\/wp-json\/wp\/v2\/types\/post"}],"author":[{"embeddable":true,"href":"https:\/\/www.europesays.com\/fr\/wp-json\/wp\/v2\/users\/2"}],"replies":[{"embeddable":true,"href":"https:\/\/www.europesays.com\/fr\/wp-json\/wp\/v2\/comments?post=159762"}],"version-history":[{"count":0,"href":"https:\/\/www.europesays.com\/fr\/wp-json\/wp\/v2\/posts\/159762\/revisions"}],"wp:featuredmedia":[{"embeddable":true,"href":"https:\/\/www.europesays.com\/fr\/wp-json\/wp\/v2\/media\/159763"}],"wp:attachment":[{"href":"https:\/\/www.europesays.com\/fr\/wp-json\/wp\/v2\/media?parent=159762"}],"wp:term":[{"taxonomy":"category","embeddable":true,"href":"https:\/\/www.europesays.com\/fr\/wp-json\/wp\/v2\/categories?post=159762"},{"taxonomy":"post_tag","embeddable":true,"href":"https:\/\/www.europesays.com\/fr\/wp-json\/wp\/v2\/tags?post=159762"}],"curies":[{"name":"wp","href":"https:\/\/api.w.org\/{rel}","templated":true}]}}