{"id":159770,"date":"2025-06-08T01:31:11","date_gmt":"2025-06-08T01:31:11","guid":{"rendered":"https:\/\/www.europesays.com\/fr\/159770\/"},"modified":"2025-06-08T01:31:11","modified_gmt":"2025-06-08T01:31:11","slug":"shane-mcmahon-confirme-avoir-discute-avec-laew","status":"publish","type":"post","link":"https:\/\/www.europesays.com\/fr\/159770\/","title":{"rendered":"Shane McMahon confirme avoir discut\u00e9 avec l&rsquo;AEW"},"content":{"rendered":"<p>\u00a0<\/p>\n<p style=\"text-align: justify;\">Shane McMahon confirme avoir discut\u00e9 avec la All Elite Wrestling pour la premi\u00e8re fois. L&rsquo;ann\u00e9e derni\u00e8re, des rumeurs \u00e9voquaient une rencontre entre le fils de Vince McMahon et Tony Khan, pr\u00e9sident de l&rsquo;AEW. Une photo de leur rencontre avait m\u00eame circul\u00e9.<\/p>\n<p>Au micro de TMZ Sports, Shane McMahon a \u00e9t\u00e9 questionn\u00e9 \u00e0 ce sujet. Il r\u00e9v\u00e8le notamment avoir souhait\u00e9 le meilleur \u00e0 l&rsquo;AEW.<\/p>\n<p>\u00a0<\/p>\n<blockquote><p>&#13;<\/p>\n<p style=\"text-align: justify;\"><strong>\u00ab\u00a0J&rsquo;ai eu une r\u00e9union avec l&rsquo;AEW et je leur ai souhait\u00e9 bonne chance pour la suite. Mais ce n&rsquo;est pas le WWE, ce n&rsquo;est pas une compagnie que j&rsquo;ai aid\u00e9e \u00e0 construire. On ne sait jamais ce qui peut arriver dans ce business.\u00a0\u00bb<\/strong><\/p>\n<p>&#13;\n<\/p><\/blockquote>\n<p>\u00a0<\/p>\n<\/p>\n<p>\u00a0<\/p>\n<p style=\"text-align: right;\">Cr\u00e9dit photo : TMZ<\/p>\n","protected":false},"excerpt":{"rendered":"\u00a0 Shane McMahon confirme avoir discut\u00e9 avec la All Elite Wrestling pour la premi\u00e8re fois. L&rsquo;ann\u00e9e derni\u00e8re, des&hellip;\n","protected":false},"author":2,"featured_media":159771,"comment_status":"","ping_status":"","sticky":false,"template":"","format":"standard","meta":{"footnotes":""},"categories":[1359],"tags":[47,11524,10343,58,29133,1773,59,1011,27,12,2043,973,2055,29132],"class_list":{"0":"post-159770","1":"post","2":"type-post","3":"status-publish","4":"format-standard","5":"has-post-thumbnail","7":"category-people","8":"tag-actualite","9":"tag-aew","10":"tag-all","11":"tag-divertissement","12":"tag-dynamite","13":"tag-elite","14":"tag-entertainment","15":"tag-fr","16":"tag-france","17":"tag-news","18":"tag-nouvelle","19":"tag-people","20":"tag-ppv","21":"tag-wrestling"},"share_on_mastodon":{"url":"https:\/\/pubeurope.com\/@fr\/114645164571536006","error":""},"_links":{"self":[{"href":"https:\/\/www.europesays.com\/fr\/wp-json\/wp\/v2\/posts\/159770","targetHints":{"allow":["GET"]}}],"collection":[{"href":"https:\/\/www.europesays.com\/fr\/wp-json\/wp\/v2\/posts"}],"about":[{"href":"https:\/\/www.europesays.com\/fr\/wp-json\/wp\/v2\/types\/post"}],"author":[{"embeddable":true,"href":"https:\/\/www.europesays.com\/fr\/wp-json\/wp\/v2\/users\/2"}],"replies":[{"embeddable":true,"href":"https:\/\/www.europesays.com\/fr\/wp-json\/wp\/v2\/comments?post=159770"}],"version-history":[{"count":0,"href":"https:\/\/www.europesays.com\/fr\/wp-json\/wp\/v2\/posts\/159770\/revisions"}],"wp:featuredmedia":[{"embeddable":true,"href":"https:\/\/www.europesays.com\/fr\/wp-json\/wp\/v2\/media\/159771"}],"wp:attachment":[{"href":"https:\/\/www.europesays.com\/fr\/wp-json\/wp\/v2\/media?parent=159770"}],"wp:term":[{"taxonomy":"category","embeddable":true,"href":"https:\/\/www.europesays.com\/fr\/wp-json\/wp\/v2\/categories?post=159770"},{"taxonomy":"post_tag","embeddable":true,"href":"https:\/\/www.europesays.com\/fr\/wp-json\/wp\/v2\/tags?post=159770"}],"curies":[{"name":"wp","href":"https:\/\/api.w.org\/{rel}","templated":true}]}}