{"id":159791,"date":"2025-06-08T01:42:11","date_gmt":"2025-06-08T01:42:11","guid":{"rendered":"https:\/\/www.europesays.com\/fr\/159791\/"},"modified":"2025-06-08T01:42:11","modified_gmt":"2025-06-08T01:42:11","slug":"le-corps-du-dernier-otage-thailandais-enleve-le-7-octobre-par-le-hamas-ramene-en-israel-liberation","status":"publish","type":"post","link":"https:\/\/www.europesays.com\/fr\/159791\/","title":{"rendered":"le corps du dernier otage tha\u00eflandais enlev\u00e9 le 7\u00a0Octobre par le Hamas ramen\u00e9 en Isra\u00ebl \u2013 Lib\u00e9ration"},"content":{"rendered":"<p class=\"sc-ksZaOG ehjQrN text-element\">Le ministre isra\u00e9lien de la D\u00e9fense, Isra\u00ebl Katz, a annonc\u00e9 ce samedi 7 juin que le corps d\u2019un otage <a href=\"https:\/\/www.liberation.fr\/checknews\/attaque-du-hamas-contre-israel-avec-la-mort-de-20-employes-agricoles-la-thailande-paye-un-tres-lourd-tribut-20231011_A2NNVFIFHVB5FKJSGJLZZEQCHM\/\" target=\"_blank\" rel=\"noopener\" title=\"https:\/\/www.liberation.fr\/checknews\/attaque-du-hamas-contre-israel-avec-la-mort-de-20-employes-agricoles-la-thailande-paye-un-tres-lourd-tribut-20231011_A2NNVFIFHVB5FKJSGJLZZEQCHM\/\">tha\u00eflandais<\/a> enlev\u00e9 le 7 octobre 2023 lors de l\u2019attaque du mouvement islamiste palestinien Hamas en Isra\u00ebl et emmen\u00e9 dans la bande de Gaza avait \u00e9t\u00e9 exfiltr\u00e9.<\/p>\n<p class=\"sc-ksZaOG ehjQrN text-element\">\u00abA la suite d\u2019une op\u00e9ration sp\u00e9ciale de Tsahal [l\u2019arm\u00e9e isra\u00e9lienne, ndlr] et du Shin Bet [service de s\u00e9curit\u00e9 int\u00e9rieure] dans la r\u00e9gion de Rafah, le corps de Nattapong Pinta, qui avait \u00e9t\u00e9 enlev\u00e9 au kibboutz Nir Oz le 7 Octobre, a \u00e9t\u00e9 ramen\u00e9 en Isra\u00ebl\u00bb, a ainsi pr\u00e9cis\u00e9 Isra\u00ebl Katz dans un communiqu\u00e9.<\/p>\n<p class=\"sc-ksZaOG ehjQrN text-element\">Pinta Nattapong, 36 ans, \u00e9tait le dernier otage tha\u00eflandais encore en captivit\u00e9. Parmi les dizaines de captifs tha\u00eflandais enlev\u00e9s par le Hamas dans les kibboutz agricoles, il est celui \u00e0 \u00eatre rest\u00e9 le plus longtemps enferm\u00e9 dans les tunnels gazaouis. Le 7 Octobre, cela faisait un an et demi que Pinta Nattapong avait laiss\u00e9 sa femme et son fils en Tha\u00eflande pour aller travailler dans les champs d\u2019avocats du kibboutz Nir Oz. \u00abIl voulait am\u00e9liorer notre situation familiale. Notre fils \u00e9tait tr\u00e8s jeune. Nous ne gagnions pas assez ici\u00bb, avait racont\u00e9 en janvier sa compagne, Narissara, aupr\u00e8s du Guardian. Nattapong travaillait dur, faisant des heures suppl\u00e9mentaires pour pouvoir envoyer plus d\u2019argent \u00e0 sa famille. Isra\u00ebl est une destination fr\u00e9quente pour les travailleurs migrants tha\u00eflandais, attir\u00e9s par les salaires plus \u00e9lev\u00e9s qui y sont propos\u00e9s. <a href=\"https:\/\/www.liberation.fr\/international\/asie-pacifique\/les-travailleurs-thailandais-en-israel-pris-au-piege-de-la-guerre-contre-le-hamas-20231104_EI5BTLVEDJB4DA2QXNT3373KDU\/\" target=\"_blank\" rel=\"noopener\" title=\"https:\/\/www.liberation.fr\/international\/asie-pacifique\/les-travailleurs-thailandais-en-israel-pris-au-piege-de-la-guerre-contre-le-hamas-20231104_EI5BTLVEDJB4DA2QXNT3373KDU\/\">Environ 30 000 ressortissants travaillaient en Isra\u00ebl avant la guerre, <\/a>principalement dans le secteur agricole.<\/p>\n<p class=\"sc-ksZaOG ehjQrN text-element\">Pinta Nattapong ne faisait pas partie des <a href=\"https:\/\/www.liberation.fr\/international\/moyen-orient\/douze-otages-thailandais-deja-liberes-par-le-hamas-selon-le-caire-et-bangkok-20231124_3Y5NXM4C5ZBUTPKUVET5ODNKJI\/\" target=\"_blank\" rel=\"noopener\" title=\"https:\/\/www.liberation.fr\/international\/moyen-orient\/douze-otages-thailandais-deja-liberes-par-le-hamas-selon-le-caire-et-bangkok-20231124_3Y5NXM4C5ZBUTPKUVET5ODNKJI\/\">23 Tha\u00eflandais lib\u00e9r\u00e9s lors de la premi\u00e8re tr\u00eave en 2023<\/a>, ni de la seconde, <a href=\"https:\/\/connexion.liberation.fr\/autorefresh?referer=https%3a%2f%2fwww.liberation.fr%2finternational%2fmoyen-orient%2farbel-yehud-agam-berger-qui-sont-les-otages-israeliens-liberes-jeudi-30-janvier-20250127_G7UCDI65DFCCVJML4JMW3B2PE4%2f\" target=\"_blank\" rel=\"noopener\" title=\"https:\/\/connexion.liberation.fr\/autorefresh?referer=https%3a%2f%2fwww.liberation.fr%2finternational%2fmoyen-orient%2farbel-yehud-agam-berger-qui-sont-les-otages-israeliens-liberes-jeudi-30-janvier-20250127_G7UCDI65DFCCVJML4JMW3B2PE4%2f\">en janvier,<\/a> o\u00f9 cinq de ses compatriotes ont retrouv\u00e9 leur famille. Devant les images de lib\u00e9ration d\u2019otages, \u00ab[notre fils] m\u2019a demand\u00e9 : \u00abQu\u2019est-ce qui se passe, maman ?\u00bb\u00bb raconte Narissara qui poursuit : \u00abIl a r\u00e9alis\u00e9 que son p\u00e8re ne faisait pas partie des lib\u00e9r\u00e9s.\u00bb<\/p>\n<p class=\"sc-ksZaOG ehjQrN text-element\">Le gouvernement isra\u00e9lien a d\u00e9clar\u00e9 que les Tha\u00eflandais constituaient le plus grand groupe d\u2019\u00e9trangers morts et disparus lors du 7 Octobre.<\/p>\n","protected":false},"excerpt":{"rendered":"Le ministre isra\u00e9lien de la D\u00e9fense, Isra\u00ebl Katz, a annonc\u00e9 ce samedi 7 juin que le corps d\u2019un&hellip;\n","protected":false},"author":2,"featured_media":159792,"comment_status":"","ping_status":"","sticky":false,"template":"","format":"standard","meta":{"footnotes":""},"categories":[5],"tags":[11,952,1011,27,3522,3519,14,664,12,28],"class_list":{"0":"post-159791","1":"post","2":"type-post","3":"status-publish","4":"format-standard","5":"has-post-thumbnail","7":"category-international","8":"tag-actualites","9":"tag-benyamin-netanyahou","10":"tag-fr","11":"tag-france","12":"tag-guerre-hamas-israel","13":"tag-hamas","14":"tag-international","15":"tag-israel","16":"tag-news","17":"tag-world"},"share_on_mastodon":{"url":"https:\/\/pubeurope.com\/@fr\/114645207856870732","error":""},"_links":{"self":[{"href":"https:\/\/www.europesays.com\/fr\/wp-json\/wp\/v2\/posts\/159791","targetHints":{"allow":["GET"]}}],"collection":[{"href":"https:\/\/www.europesays.com\/fr\/wp-json\/wp\/v2\/posts"}],"about":[{"href":"https:\/\/www.europesays.com\/fr\/wp-json\/wp\/v2\/types\/post"}],"author":[{"embeddable":true,"href":"https:\/\/www.europesays.com\/fr\/wp-json\/wp\/v2\/users\/2"}],"replies":[{"embeddable":true,"href":"https:\/\/www.europesays.com\/fr\/wp-json\/wp\/v2\/comments?post=159791"}],"version-history":[{"count":0,"href":"https:\/\/www.europesays.com\/fr\/wp-json\/wp\/v2\/posts\/159791\/revisions"}],"wp:featuredmedia":[{"embeddable":true,"href":"https:\/\/www.europesays.com\/fr\/wp-json\/wp\/v2\/media\/159792"}],"wp:attachment":[{"href":"https:\/\/www.europesays.com\/fr\/wp-json\/wp\/v2\/media?parent=159791"}],"wp:term":[{"taxonomy":"category","embeddable":true,"href":"https:\/\/www.europesays.com\/fr\/wp-json\/wp\/v2\/categories?post=159791"},{"taxonomy":"post_tag","embeddable":true,"href":"https:\/\/www.europesays.com\/fr\/wp-json\/wp\/v2\/tags?post=159791"}],"curies":[{"name":"wp","href":"https:\/\/api.w.org\/{rel}","templated":true}]}}