{"id":159800,"date":"2025-06-08T01:48:27","date_gmt":"2025-06-08T01:48:27","guid":{"rendered":"https:\/\/www.europesays.com\/fr\/159800\/"},"modified":"2025-06-08T01:48:27","modified_gmt":"2025-06-08T01:48:27","slug":"lorraine-attention-aux-gourous-de-la-sante-mentale-previent-denis-renaud-directeur-de-lalsmt-54","status":"publish","type":"post","link":"https:\/\/www.europesays.com\/fr\/159800\/","title":{"rendered":"Lorraine. \u00ab\u00a0Attention aux gourous de la sant\u00e9 mentale\u00a0\u00bb pr\u00e9vient Denis Renaud, directeur de l\u2019ALSMT 54"},"content":{"rendered":"<p class=\"insetTitle\">Sant\u00e9 mentale au travail\u00a0: \u00ab\u00a0\u00c9coutez, j\u2019en peux plus, je vais le tuer\u00a0!\u00a0\u00bb<\/p>\n<blockquote class=\"question\"><p>Donc, pour une bonne <a href=\"https:\/\/www.vosgesmatin.fr\/sante\/2025\/05\/26\/medicaments-concernes-risques-quatre-questions-sur-la-penurie-d-antidepresseurs-en-france\" target=\"_blank\" rel=\"noopener\">sant\u00e9 mentale <\/a>au travail, il faut quoi, c\u2019est quoi le message aux managers\u00a0?<\/p><\/blockquote>\n<p>\u00ab\u00a0Alors, c\u2019est s\u00fbr que c\u2019est un discours qui est un peu g\u00e9n\u00e9ral, un peu difficile \u00e0 entendre, mais il faut imaginer la sant\u00e9 mentale comme un jeu de construction. \u00c0 partir du moment o\u00f9 vous commencez \u00e0 enlever une brique, il y a un d\u00e9s\u00e9quilibre. Donc, il faut se poser la question\u00a0: est-ce que quand vous enlevez cette brique, c\u2019est temporaire ou pas\u00a0? Est-ce que vous allez pouvoir la compenser et pr\u00e9server l\u2019\u00e9quilibre\u00a0? Et puis, peut-\u00eatre, il faut aussi se dire que ce n\u2019est pas forc\u00e9ment la faute de l\u2019entreprise. On peut, aussi, sans s\u2019immiscer dans la vie priv\u00e9e, conseiller au salari\u00e9 qu\u2019on sent humainement en difficult\u00e9 d\u2019aller voir le m\u00e9decin du travail parce que lui, il peut ouvrir le dialogue, faire des choses. Vous lui demandez d\u2019appeler le m\u00e9decin du travail, c\u2019est le m\u00e9decin du travail qui fera. Le manager est tenu de rester dans une relation normale. Il ne peut pas aller au-del\u00e0. Vous n\u2019avez pas le droit d\u2019\u00eatre intrusif.\u00a0\u00bb<\/p>\n<blockquote class=\"question\"><p>\u00c0 quel genre de situations explosives \u00eates-vous confront\u00e9s et comment les g\u00e9rez-vous\u00a0?<\/p><\/blockquote>\n<p>\u00ab\u00a0Typiquement, c\u2019est l\u2019appel qui dit\u00a0: \u201c\u00c9coutez, j\u2019en peux plus, je vais le tuer\u00a0!\u201d D\u00e9j\u00e0, il y a la gestion du stress. On va faire retomber la pression. Dites-nous ce qu\u2019il se passe\u2026 Si vraiment vous avez un probl\u00e8me, vous sortez de votre bureau, vous allez marcher, vous revenez\u2026 Dans ces cas-l\u00e0, on va vous trouver un rendez-vous rapidement. On laisse toujours une place pour les urgences.\u00a0\u00bb<\/p>\n<blockquote class=\"question\"><p>Vous d\u00e9noncez les \u00ab\u00a0gourous\u00a0\u00bb du bien-\u00eatre au travail. Qui sont-ils\u00a0?<\/p><\/blockquote>\n<p>\u00ab\u00a0Je vise les mutuelles. Elles font un mal fou. Elles font croire qu\u2019il suffit d\u2019une t\u00e9l\u00e9consultation, d\u2019un coup de t\u00e9l\u00e9phone ou d\u2019une intervention collective de sensibilisation pour rendre le monde merveilleux. Qu\u2019elles fassent leur boulot de mutuelle. Nous, notre r\u00f4le, c\u2019est la pr\u00e9vention. On a des gens qui sont form\u00e9s pour \u00e7a. Une mutuelle ne va pas aller dans une entreprise pour faire le tour de l\u2019entreprise, \u00e9valuer les risques. Donc, elle va venir pour calquer un mod\u00e8le, une sensibilisation g\u00e9n\u00e9raliste en entreprise. \u00c7a apporte quoi\u00a0? La r\u00e9alit\u00e9, l\u2019efficacit\u00e9, l\u2019efficience, elle n\u2019est pas l\u00e0. Elle est dans une approche de proximit\u00e9 avec des gens qui se d\u00e9placent et savent adapter leurs discours et leurs pr\u00e9conisations. Nous, nous avons une force n\u00e9e de la pluridisciplinarit\u00e9. Et c\u2019est gratuit. Donc, je dis aux entreprises\u00a0: avant de c\u00e9der aux sir\u00e8nes, avant d\u2019aller d\u00e9penser 1\u00a0\u20ac dans un conseil ext\u00e9rieur, appelez-nous.\u00a0\u00bb<\/p>\n","protected":false},"excerpt":{"rendered":"Sant\u00e9 mentale au travail\u00a0: \u00ab\u00a0\u00c9coutez, j\u2019en peux plus, je vais le tuer\u00a0!\u00a0\u00bb Donc, pour une bonne sant\u00e9 mentale&hellip;\n","protected":false},"author":2,"featured_media":159801,"comment_status":"","ping_status":"","sticky":false,"template":"","format":"standard","meta":{"footnotes":""},"categories":[9635],"tags":[1111,11,6084,341,1777,674,1011,27,775,5362,224,1702,12,3456,25,137,71,273,801,104],"class_list":{"0":"post-159800","1":"post","2":"type-post","3":"status-publish","4":"format-standard","5":"has-post-thumbnail","7":"category-nancy","8":"tag-actu","9":"tag-actualites","10":"tag-droit","11":"tag-emploi","12":"tag-eu","13":"tag-europe","14":"tag-fr","15":"tag-france","16":"tag-grand-est","17":"tag-magazine-sante","18":"tag-medecine","19":"tag-nancy","20":"tag-news","21":"tag-region-lorraine","22":"tag-republique-francaise","23":"tag-retraite","24":"tag-sante","25":"tag-selection-de-la-redaction","26":"tag-social","27":"tag-societe"},"share_on_mastodon":{"url":"https:\/\/pubeurope.com\/@fr\/114645231429764769","error":""},"_links":{"self":[{"href":"https:\/\/www.europesays.com\/fr\/wp-json\/wp\/v2\/posts\/159800","targetHints":{"allow":["GET"]}}],"collection":[{"href":"https:\/\/www.europesays.com\/fr\/wp-json\/wp\/v2\/posts"}],"about":[{"href":"https:\/\/www.europesays.com\/fr\/wp-json\/wp\/v2\/types\/post"}],"author":[{"embeddable":true,"href":"https:\/\/www.europesays.com\/fr\/wp-json\/wp\/v2\/users\/2"}],"replies":[{"embeddable":true,"href":"https:\/\/www.europesays.com\/fr\/wp-json\/wp\/v2\/comments?post=159800"}],"version-history":[{"count":0,"href":"https:\/\/www.europesays.com\/fr\/wp-json\/wp\/v2\/posts\/159800\/revisions"}],"wp:featuredmedia":[{"embeddable":true,"href":"https:\/\/www.europesays.com\/fr\/wp-json\/wp\/v2\/media\/159801"}],"wp:attachment":[{"href":"https:\/\/www.europesays.com\/fr\/wp-json\/wp\/v2\/media?parent=159800"}],"wp:term":[{"taxonomy":"category","embeddable":true,"href":"https:\/\/www.europesays.com\/fr\/wp-json\/wp\/v2\/categories?post=159800"},{"taxonomy":"post_tag","embeddable":true,"href":"https:\/\/www.europesays.com\/fr\/wp-json\/wp\/v2\/tags?post=159800"}],"curies":[{"name":"wp","href":"https:\/\/api.w.org\/{rel}","templated":true}]}}