{"id":159817,"date":"2025-06-08T01:59:44","date_gmt":"2025-06-08T01:59:44","guid":{"rendered":"https:\/\/www.europesays.com\/fr\/159817\/"},"modified":"2025-06-08T01:59:44","modified_gmt":"2025-06-08T01:59:44","slug":"on-sabrera-le-champagne-quand-ce-sera-fait-a-rennes-le-jury-citoyen-satisfait-du-projet-de-deconstruction-du-parking-vilaine","status":"publish","type":"post","link":"https:\/\/www.europesays.com\/fr\/159817\/","title":{"rendered":"\u00ab\u00a0On sabrera le champagne quand ce sera fait\u00a0\u00bb\u00a0: \u00e0 Rennes, le jury citoyen satisfait du projet de d\u00e9construction du Parking Vilaine"},"content":{"rendered":"<p>\u00c0 la base, pourquoi avez-vous souhait\u00e9 participer \u00e0 ce jury de 30 citoyens charg\u00e9 d\u2019imaginer le futur du parking Vilaine et de la place de la R\u00e9publique ?<\/p>\n<p>Ce qui m\u2019a motiv\u00e9, c\u2019est d\u2019avoir la possibilit\u00e9 de donner mon avis et construire ce projet. Et je ne le regrette pas parce que nos id\u00e9es ont quasiment toutes \u00e9t\u00e9 retenues. J\u2019ai maintenant h\u00e2te que \u00e7a commence. Avec une coll\u00e8gue du jury, on a dit qu\u2019on sabrera le champagne une fois que ce sera fait. C\u2019est un peu notre projet aussi. On \u00e9tait \u00e0 fond, on y a d\u00e9pens\u00e9 beaucoup d\u2019\u00e9nergie. Ce n\u2019est pas donn\u00e9 \u00e0 tous les citoyens d\u2019une ville de participer \u00e0 un projet comme \u00e7a.<\/p>\n<p>Le projet final correspond-il \u00e0 ce que vous aviez imagin\u00e9 ?<\/p>\n<p>Oui, en grande partie. C\u2019est satisfaisant de voir que nos id\u00e9es vont \u00eatre mises en place. On s\u2019est engag\u00e9, \u00e7a nous a pris beaucoup de temps, des samedis de 9 h \u00e0 18 h de mai 2021 \u00e0 la restitution en d\u00e9cembre 2021. \u00e7a a \u00e9t\u00e9 un moment tr\u00e8s enrichissant car on a eu plein d\u2019informations techniques. Et \u00e7a a permis de cr\u00e9er du lien entre des citoyens qui ne se seraient pas connus autrement. Il y avait des gens au ch\u00f4mage, des \u00e9tudiants, des retrait\u00e9s, des gens de gauche, des gens de droite et il y a donc eu des d\u00e9bats anim\u00e9s. Mais on a r\u00e9ussi \u00e0 se mettre d\u2019accord. On vit dans un temps o\u00f9 on n\u2019arrive plus trop \u00e0 se parler et \u00e7a fait du bien de voir qu\u2019on est capable de construire quelque chose ensemble.<\/p>\n<p>Les d\u00e9bats portaient sur quoi ?<\/p>\n<p>Il y avait ceux qui voulaient garder la dalle et ceux qui voulaient la d\u00e9couvrir. Un troisi\u00e8me sc\u00e9nario \u00e9tait hybride, une partie d\u00e9couverte et une partie couverte. On l\u2019a vite \u00e9cart\u00e9 car le co\u00fbt \u00e9tait exorbitant.<\/p>\n<p>Vous n\u2019avez <a href=\"https:\/\/www.letelegramme.fr\/ille-et-vilaine\/rennes-35000\/reamenagement-des-quais-a-rennes-un-jury-citoyen-trop-ambitieux-6535809.php\" target=\"_blank\" rel=\"noopener\">pas \u00e9t\u00e9 suivi sur toutes vos id\u00e9es<\/a>. Vous vouliez par exemple une passerelle sur\u00e9lev\u00e9e, il y aura finalement une passerelle simple\u2026<\/p>\n<p>On \u00e9tait hyper ambitieux, avec trois niveaux, que ce soit artistique, comme un embl\u00e8me. C\u2019\u00e9tait sans doute trop on\u00e9reux. Il y a aussi les gradins, que l\u2019on aurait voulus encore plus pr\u00e8s de l\u2019eau, mais techniquement, ce n\u2019\u00e9tait pas possible car il fallait que les bateaux puissent passer.<\/p>\n<p>Concernant la v\u00e9g\u00e9talisation, vous aviez pr\u00e9vu des murs v\u00e9g\u00e9talis\u00e9s. Qui ne verront pas le jour non plus.<\/p>\n<p>J\u2019aurais aim\u00e9 que ce soit mis en place. On avait aussi envisag\u00e9 l\u2019aspect historique, avec des grandes affiches. J\u2019esp\u00e8re qu\u2019il y aura plus tard des panneaux explicatifs. Mais tout le reste, les pontons, les gradins, les arbres, tout a \u00e9t\u00e9 repris. Les grands espaces verts sont l\u00e0, pour que ce soit un lieu o\u00f9 on puisse se poser, inclusif et gratuit.<\/p>\n<p>Vous venez de faire un <a href=\"https:\/\/www.letelegramme.fr\/ille-et-vilaine\/rennes-35000\/chauves-souris-trous-dans-la-dalle-que-voit-on-quand-on-passe-sous-le-parking-vilaine-a-rennes-6831471.php\" target=\"_blank\" rel=\"noopener\">tour en bateau sous le pont<\/a>. Quel sentiment cette visite vous laisse-t-elle ?<\/p>\n<p>Je l\u2019avais d\u00e9j\u00e0 faite avec le jury en 2021. Si on avait maintenu cette dalle, dans 50 ans, le probl\u00e8me se serait de nouveau pos\u00e9. Ce qui me frappe, c\u2019est que cette d\u00e9construction \u00e9tait une \u00e9vidence.<\/p>\n","protected":false},"excerpt":{"rendered":"\u00c0 la base, pourquoi avez-vous souhait\u00e9 participer \u00e0 ce jury de 30 citoyens charg\u00e9 d\u2019imaginer le futur du&hellip;\n","protected":false},"author":2,"featured_media":159818,"comment_status":"","ping_status":"","sticky":false,"template":"","format":"standard","meta":{"footnotes":""},"categories":[2821],"tags":[1111,11,829,1777,674,1011,27,848,12,584,25,10810],"class_list":{"0":"post-159817","1":"post","2":"type-post","3":"status-publish","4":"format-standard","5":"has-post-thumbnail","7":"category-rennes","8":"tag-actu","9":"tag-actualites","10":"tag-bretagne","11":"tag-eu","12":"tag-europe","13":"tag-fr","14":"tag-france","15":"tag-ille-et-vilaine","16":"tag-news","17":"tag-rennes","18":"tag-republique-francaise","19":"tag-urbanisme-a-rennes"},"share_on_mastodon":{"url":"https:\/\/pubeurope.com\/@fr\/114645274676225369","error":""},"_links":{"self":[{"href":"https:\/\/www.europesays.com\/fr\/wp-json\/wp\/v2\/posts\/159817","targetHints":{"allow":["GET"]}}],"collection":[{"href":"https:\/\/www.europesays.com\/fr\/wp-json\/wp\/v2\/posts"}],"about":[{"href":"https:\/\/www.europesays.com\/fr\/wp-json\/wp\/v2\/types\/post"}],"author":[{"embeddable":true,"href":"https:\/\/www.europesays.com\/fr\/wp-json\/wp\/v2\/users\/2"}],"replies":[{"embeddable":true,"href":"https:\/\/www.europesays.com\/fr\/wp-json\/wp\/v2\/comments?post=159817"}],"version-history":[{"count":0,"href":"https:\/\/www.europesays.com\/fr\/wp-json\/wp\/v2\/posts\/159817\/revisions"}],"wp:featuredmedia":[{"embeddable":true,"href":"https:\/\/www.europesays.com\/fr\/wp-json\/wp\/v2\/media\/159818"}],"wp:attachment":[{"href":"https:\/\/www.europesays.com\/fr\/wp-json\/wp\/v2\/media?parent=159817"}],"wp:term":[{"taxonomy":"category","embeddable":true,"href":"https:\/\/www.europesays.com\/fr\/wp-json\/wp\/v2\/categories?post=159817"},{"taxonomy":"post_tag","embeddable":true,"href":"https:\/\/www.europesays.com\/fr\/wp-json\/wp\/v2\/tags?post=159817"}],"curies":[{"name":"wp","href":"https:\/\/api.w.org\/{rel}","templated":true}]}}