{"id":15982,"date":"2025-04-10T22:24:19","date_gmt":"2025-04-10T22:24:19","guid":{"rendered":"https:\/\/www.europesays.com\/fr\/15982\/"},"modified":"2025-04-10T22:24:19","modified_gmt":"2025-04-10T22:24:19","slug":"dapres-une-etude-cet-aliment-est-le-plus-sain-du-monde-grace-a-son-excellente-valeur-nutritionnelle-et-on-en-consomme-pourtant-tres-peu-parismatch-be","status":"publish","type":"post","link":"https:\/\/www.europesays.com\/fr\/15982\/","title":{"rendered":"D&#039;apr\u00e8s une \u00e9tude, cet aliment est le plus sain du monde gr\u00e2ce \u00e0 son excellente valeur nutritionnelle (et on en consomme pourtant tr\u00e8s peu) &#8211; parismatch.be"},"content":{"rendered":"<ol>\n<li><a href=\"https:\/\/news.google.com\/rss\/articles\/CBMiuwJBVV95cUxPM0dBYUo5U2pEOW9PTHhVX0RFbU5DejBmT2o5Q0ptSFJkY0dDZXBKR05ncnlpWVdqUTNFOVBDaV8tQzQ2MTRnRDBqMWh4N1VTWHdLX0hzN2kyNlhMbVVWMWFRbnJYTmVDUVFyNjNwT2FBYWRaNkNrVTVweHd1MVVteVRpMzlmQ0prVWZGRllVY3lFaHZuV0FLVzZwRllEcHhtUXBrWVVYNURVMklvY3Y1cXRNN05hcm5hMlRtTGkteEhCc1ozSWV2X2xDWTZtU2dtTUYyeWRPemg4dERKRUlQMG9BS3pUeFc4aTJpOElwY0l4V0FwOUp6RnBTcWlDNndxbVBBcXVzZl9JYkR5TTMzUDlQY3NxYlhSVnJQeDluWjFCNlBSVlVFbF9HczhucVpsOU9xbGJyMTkwazA?oc=5\" target=\"_blank\" rel=\"noopener\">D&rsquo;apr\u00e8s une \u00e9tude, cet aliment est le plus sain du monde gr\u00e2ce \u00e0 son excellente valeur nutritionnelle (et on en consomme pourtant tr\u00e8s peu)<\/a>&nbsp;&nbsp;parismatch.be<\/li>\n<li><a href=\"https:\/\/news.google.com\/rss\/articles\/CBMihgJBVV95cUxNTGFQcVZCUVBOcEN1WkVmdk5Zc1JLbkpKOWJZYUJRcVJPN0xWZ2JpZWJTV2YyOEdjX3VWVVMxQS1FallJckV6ZndYbUxtdTRTWUZwTkJJM2d0UUwxNkJtRG5JdWx5em9BNm1GbjhIYjFSY3BzTkVoUFU4NVdCVnpMSXZheXVCWjQxdWEyRDkxVHYtYVdLU3ljaXQ0WWdLOHlpVTIwVlBPMUhZOVdjeHpQTFp4T0lNZ1c0VnZWSG54SkpvdEVfQWNEaEhHMFdJSnFUaFNYTWdLSXFSWXFRdTJucDE3Znk5T3gtajktVExkcUxGUGV5WktjcGlGVHdjX0lMMlRXVXd3?oc=5\" target=\"_blank\" rel=\"noopener\">Plongez dans l&rsquo;univers du cresson d&rsquo;Isabelle : un super aliment local et des produits d\u00e9riv\u00e9s \u00e0 d\u00e9couvrir !<\/a>&nbsp;&nbsp;francebleu.fr<\/li>\n<li><a href=\"https:\/\/news.google.com\/rss\/articles\/CBMiakFVX3lxTE5mZnAzNG9kVWxpY1VRM1RzRXdERUVXS25IU2VIMVNqclZFRDZINTRLczRlcF85ZmM1V3BlX01GbVFpVGJMaGdVaFJnTlEtRW11UTFIbFBmLXJ5QlJaM0lEVnJsb2JyQVYxenc?oc=5\" target=\"_blank\" rel=\"noopener\">Tout est bon dans le cresson<\/a>&nbsp;&nbsp;D\u00e9partement de la Seine-Maritime<\/li>\n<li><a href=\"https:\/\/news.google.com\/rss\/articles\/CBMizgFBVV95cUxNempwN3NuTG9EeFlYNWpRTmFQZWFQUlhwUzdHT1ktb2NENFd0N3VTdWs3S0xpZ1g2Ti05ZGU3RDBkbmRySlVRZVdPVUpnLXJDSFI5SXd2MThfVmcxbGt2TjlDZ24yWXp1ZWFpUHViZ3V0VG5LSmQyMUlMbHlIVUs1bVJObDFjNkJDdzJSZEVGX3FfZ3VSVzR4eVNNZjh2Z2lMQmZSZzIxenROeTMxLW00Nk1XNWRtTTZsdWRxTlg1cjRKWGxHN3YzZlBFYWJqQQ?oc=5\" target=\"_blank\" rel=\"noopener\">Avec seulement 21 calories, voici l&rsquo;aliment \u00ab\u00a0le plus sain\u00a0\u00bb selon une \u00e9tude de l&rsquo;OMS<\/a>&nbsp;&nbsp;Biba Magazine<\/li>\n<li><a href=\"https:\/\/news.google.com\/rss\/articles\/CBMixAFBVV95cUxPOG9IQ0tRRFFha1laYUF4MXR2QllBREwzMTFzeVJ4VS1hYThEaGRZVl9pVk4zNlRERlZxLXUxS3BaS1NZeHlJejNQbWZDWTBYZV9HZU5KZUhJSVA3RE9VYnVVWEhwc2ZlX1JLUTlGZjBVR1EteFQ1dzBtVl9zNlRWeXB4NGdvM2pwSEdqR2xvQ052M3Yxd2lVZERZZWMwR21HY1hhZXFPMUFqVG52Vndma1FwWTlGdElCZWlqdVRKbWJJSE5B?oc=5\" target=\"_blank\" rel=\"noopener\">Productivit\u00e9, m\u00e9moire, cr\u00e9ativit\u00e9 : les effets inattendus de ces gestes anodins du quotidien<\/a>&nbsp;&nbsp;Kool Mag<\/li>\n<\/ol>\n","protected":false},"excerpt":{"rendered":"D&rsquo;apr\u00e8s une \u00e9tude, cet aliment est le plus sain du monde gr\u00e2ce \u00e0 son excellente valeur nutritionnelle (et&hellip;\n","protected":false},"author":2,"featured_media":15983,"comment_status":"","ping_status":"","sticky":false,"template":"","format":"standard","meta":{"footnotes":""},"categories":[10],"tags":[6629,6630,6631,1011,27,72,1227,71],"class_list":{"0":"post-15982","1":"post","2":"type-post","3":"status-publish","4":"format-standard","5":"has-post-thumbnail","7":"category-sante","8":"tag-cannes-film-festival","9":"tag-celebrity-family","10":"tag-film-festival","11":"tag-fr","12":"tag-france","13":"tag-health","14":"tag-horizontal","15":"tag-sante"},"share_on_mastodon":{"url":"https:\/\/pubeurope.com\/@fr\/114316015216159535","error":""},"_links":{"self":[{"href":"https:\/\/www.europesays.com\/fr\/wp-json\/wp\/v2\/posts\/15982","targetHints":{"allow":["GET"]}}],"collection":[{"href":"https:\/\/www.europesays.com\/fr\/wp-json\/wp\/v2\/posts"}],"about":[{"href":"https:\/\/www.europesays.com\/fr\/wp-json\/wp\/v2\/types\/post"}],"author":[{"embeddable":true,"href":"https:\/\/www.europesays.com\/fr\/wp-json\/wp\/v2\/users\/2"}],"replies":[{"embeddable":true,"href":"https:\/\/www.europesays.com\/fr\/wp-json\/wp\/v2\/comments?post=15982"}],"version-history":[{"count":0,"href":"https:\/\/www.europesays.com\/fr\/wp-json\/wp\/v2\/posts\/15982\/revisions"}],"wp:featuredmedia":[{"embeddable":true,"href":"https:\/\/www.europesays.com\/fr\/wp-json\/wp\/v2\/media\/15983"}],"wp:attachment":[{"href":"https:\/\/www.europesays.com\/fr\/wp-json\/wp\/v2\/media?parent=15982"}],"wp:term":[{"taxonomy":"category","embeddable":true,"href":"https:\/\/www.europesays.com\/fr\/wp-json\/wp\/v2\/categories?post=15982"},{"taxonomy":"post_tag","embeddable":true,"href":"https:\/\/www.europesays.com\/fr\/wp-json\/wp\/v2\/tags?post=15982"}],"curies":[{"name":"wp","href":"https:\/\/api.w.org\/{rel}","templated":true}]}}