{"id":159825,"date":"2025-06-08T02:04:17","date_gmt":"2025-06-08T02:04:17","guid":{"rendered":"https:\/\/www.europesays.com\/fr\/159825\/"},"modified":"2025-06-08T02:04:17","modified_gmt":"2025-06-08T02:04:17","slug":"les-dirigeants-du-monde-attendus-a-nice-pour-un-sommet-de-mobilisation-sur-locean","status":"publish","type":"post","link":"https:\/\/www.europesays.com\/fr\/159825\/","title":{"rendered":"Les dirigeants du monde attendus \u00e0 Nice pour un sommet de \u00ab\u00a0mobilisation\u00a0\u00bb sur l&rsquo;oc\u00e9an"},"content":{"rendered":"<p>En visite d&rsquo;Etat \u00e0 Monaco, o\u00f9 il cl\u00f4turera dimanche un forum sur l&rsquo;\u00e9conomie et la finance bleue, le pr\u00e9sident fran\u00e7ais doit ensuite rejoindre Nice en bateau, o\u00f9 une parade maritime est organis\u00e9e dans le cadre des c\u00e9l\u00e9brations de la Journ\u00e9e mondiale de l&rsquo;oc\u00e9an.<\/p>\n<p>Outre le pr\u00e9sident br\u00e9silien Lula, une cinquantaine de chefs d&rsquo;Etat et de gouvernement doivent converger vers la baie des Anges, \u00e0 la veille de la troisi\u00e8me conf\u00e9rence de l&rsquo;Onu sur les oc\u00e9ans (Unoc 3).<\/p>\n<p><img alt=\"Le pr\u00e9sident fran\u00e7ais Emmanuel Macron lors de l'inauguration d'un centre de services publics Maison France Services \u00e0 Wallers, dans le nord de la France, le 3 juin 2025\" loading=\"lazy\" decoding=\"async\" data-nimg=\"fill\" class=\" TwicCore_img__i9TC1 undefined  undefined\" style=\"position:absolute;height:100%;width:100%;left:0;top:0;right:0;bottom:0;color:transparent;background-size:cover;background-position:50% 50%;background-repeat:no-repeat;background-image:url(&quot;data:image\/svg+xml;charset=utf-8,%3Csvg xmlns='http:\/\/www.w3.org\/2000\/svg' %3E%3Cfilter id='b' color-interpolation-filters='sRGB'%3E%3CfeGaussianBlur stdDeviation='20'\/%3E%3CfeColorMatrix values='1 0 0 0 0 0 1 0 0 0 0 0 1 0 0 0 0 0 100 -1' result='s'\/%3E%3CfeFlood x='0' y='0' width='100%25' height='100%25'\/%3E%3CfeComposite operator='out' in='s'\/%3E%3CfeComposite in2='SourceGraphic'\/%3E%3CfeGaussianBlur stdDeviation='20'\/%3E%3C\/filter%3E%3Cimage width='100%25' height='100%25' x='0' y='0' preserveAspectRatio='none' style='filter: url(%23b);' href='https:\/\/pictures.laprovence.com\/cdn-cgi\/image\/blur=250\/media\/afp\/ec758147380658a0ec3111991e4546c4d12849fa.jpg'\/%3E%3C\/svg%3E&quot;)\"   src=\"https:\/\/www.europesays.com\/fr\/wp-content\/uploads\/2025\/06\/ec758147380658a0ec3111991e4546c4d12849fa.jpg\"\/>Le pr\u00e9sident fran\u00e7ais Emmanuel Macron lors de l&rsquo;inauguration d&rsquo;un centre de services publics Maison France Services \u00e0 Wallers, dans le nord de la France, le 3 juin 2025 PHOTO AFP \/ Teresa SUAREZ<\/p>\n<p>Le pr\u00e9sident visitera le palais des expositions de Nice transform\u00e9 en \u00e9norme ventre de baleine. Puis des chercheurs lui pr\u00e9senteront les recommandations du congr\u00e8s scientifique qui a pr\u00e9c\u00e9d\u00e9 le sommet de Nice, ainsi que le nouveau barom\u00e8tre Starfish mesurant l&rsquo;\u00e9tat d&rsquo;un oc\u00e9an surexploit\u00e9 et en surchauffe. <\/p>\n<p>La journ\u00e9e se terminera par un d\u00eener officiel avec les chefs d&rsquo;Etat et de gouvernement \u00e0 l&rsquo;h\u00f4tel Le Negresco, avec un menu mettant \u00e0 l&rsquo;honneur l\u00e9gumes de saisons et poissons de la M\u00e9diterran\u00e9e.<\/p>\n<p>Jusqu&rsquo;\u00e0 5.000 policiers, gendarmes et militaires ont \u00e9t\u00e9 mobilis\u00e9s pour assurer la s\u00e9curit\u00e9 du sommet, qui ne fait toutefois pas l&rsquo;objet de \u00ab\u00a0menace sp\u00e9cifique\u00a0\u00bb, selon les autorit\u00e9s.<\/p>\n<p>&#8211; Sommet de \u00ab\u00a0mobilisation\u00a0\u00bb &#8211;<\/p>\n<p>Mis sous pression par les ONG, le pr\u00e9sident a annonc\u00e9 samedi \u00e0 la presse r\u00e9gionale une limitation du chalutage de fond dans certaines aires marines prot\u00e9g\u00e9es (AMP) afin de mieux prot\u00e9ger les \u00e9cosyst\u00e8mes.<\/p>\n<p><img alt=\"Un manifestant participe \u00e0 la Marche Bleue sur la Promenade des Anglais avant la Conf\u00e9rence des Nations unies sur les oc\u00e9ans, dans la ville de Nice, sur la C\u00f4te d'Azur, le 7 juin 2025\" loading=\"lazy\" decoding=\"async\" data-nimg=\"fill\" class=\" TwicCore_img__i9TC1 undefined  undefined\" style=\"position:absolute;height:100%;width:100%;left:0;top:0;right:0;bottom:0;color:transparent;background-size:cover;background-position:50% 50%;background-repeat:no-repeat;background-image:url(&quot;data:image\/svg+xml;charset=utf-8,%3Csvg xmlns='http:\/\/www.w3.org\/2000\/svg' %3E%3Cfilter id='b' color-interpolation-filters='sRGB'%3E%3CfeGaussianBlur stdDeviation='20'\/%3E%3CfeColorMatrix values='1 0 0 0 0 0 1 0 0 0 0 0 1 0 0 0 0 0 100 -1' result='s'\/%3E%3CfeFlood x='0' y='0' width='100%25' height='100%25'\/%3E%3CfeComposite operator='out' in='s'\/%3E%3CfeComposite in2='SourceGraphic'\/%3E%3CfeGaussianBlur stdDeviation='20'\/%3E%3C\/filter%3E%3Cimage width='100%25' height='100%25' x='0' y='0' preserveAspectRatio='none' style='filter: url(%23b);' href='https:\/\/pictures.laprovence.com\/cdn-cgi\/image\/blur=250\/media\/afp\/ecef7f71328ee5b6701e0874e69be7e5df2b731b.jpg'\/%3E%3C\/svg%3E&quot;)\"   src=\"https:\/\/www.europesays.com\/fr\/wp-content\/uploads\/2025\/06\/ecef7f71328ee5b6701e0874e69be7e5df2b731b.jpg\"\/>Un manifestant participe \u00e0 la Marche Bleue sur la Promenade des Anglais avant la Conf\u00e9rence des Nations unies sur les oc\u00e9ans, dans la ville de Nice, sur la C\u00f4te d&rsquo;Azur, le 7 juin 2025 PHOTO AFP \/ Valery HACHE<\/p>\n<p>Ce sommet sera une \u00ab\u00a0mobilisation, dans un moment, politiquement, o\u00f9 les questions climatiques sont remises en cause par certains\u00a0\u00bb, a d\u00e9clar\u00e9 M. Macron dans Ouest-France, \u00e9voquant \u00ab\u00a0une tentation de retrait am\u00e9ricain\u00a0\u00bb.<\/p>\n<p>Les Etats-Unis, premier domaine maritime au monde, n&rsquo;ont pas pr\u00e9vu d&rsquo;envoyer de d\u00e9l\u00e9gation, comme aux n\u00e9gociations climatiques. Fin avril, Donald Trump a d\u00e9cid\u00e9 unilat\u00e9ralement d&rsquo;ouvrir l&rsquo;extraction mini\u00e8re dans des eaux internationales du Pacifique, contournant l&rsquo;Autorit\u00e9 internationale des fonds marins dont les Etats-Unis ne font pas partie. <\/p>\n<p>&#8211; Une action trop lente &#8211;<\/p>\n<p>Ce n&rsquo;est que lundi que d\u00e9butera officiellement la conf\u00e9rence, qui doit faire le point sur les efforts entrepris par les Nations pour d\u00e9velopper durablement les oc\u00e9ans.  <\/p>\n<p>\u00ab\u00a0L&rsquo;action ne progresse pas \u00e0 la vitesse ou \u00e0 l&rsquo;\u00e9chelle requise\u00a0\u00bb, reconnaissent les Etats dans le projet de d\u00e9claration finale, n\u00e9goci\u00e9e depuis des mois.<\/p>\n<p><img alt=\"L'exploitation mini\u00e8re des fonds marins\" loading=\"lazy\" decoding=\"async\" data-nimg=\"fill\" class=\" TwicCore_img__i9TC1 undefined  undefined\" style=\"position:absolute;height:100%;width:100%;left:0;top:0;right:0;bottom:0;color:transparent;background-size:cover;background-position:50% 50%;background-repeat:no-repeat;background-image:url(&quot;data:image\/svg+xml;charset=utf-8,%3Csvg xmlns='http:\/\/www.w3.org\/2000\/svg' %3E%3Cfilter id='b' color-interpolation-filters='sRGB'%3E%3CfeGaussianBlur stdDeviation='20'\/%3E%3CfeColorMatrix values='1 0 0 0 0 0 1 0 0 0 0 0 1 0 0 0 0 0 100 -1' result='s'\/%3E%3CfeFlood x='0' y='0' width='100%25' height='100%25'\/%3E%3CfeComposite operator='out' in='s'\/%3E%3CfeComposite in2='SourceGraphic'\/%3E%3CfeGaussianBlur stdDeviation='20'\/%3E%3C\/filter%3E%3Cimage width='100%25' height='100%25' x='0' y='0' preserveAspectRatio='none' style='filter: url(%23b);' href='https:\/\/pictures.laprovence.com\/cdn-cgi\/image\/blur=250\/media\/afp\/246fd57e690acc2f273171b975a39d83059c16e2.jpg'\/%3E%3C\/svg%3E&quot;)\"   src=\"https:\/\/www.europesays.com\/fr\/wp-content\/uploads\/2025\/06\/246fd57e690acc2f273171b975a39d83059c16e2.jpg\"\/>L&rsquo;exploitation mini\u00e8re des fonds marins PHOTO AFP \/ Jonathan WALTER, Paz PIZARRO, Laurence SAUBADU<\/p>\n<p>Jusqu&rsquo;au 13 juin, exploitation mini\u00e8re des fonds marins, trait\u00e9 international sur la pollution plastique et r\u00e9gulation de la surp\u00eache et de la p\u00eache ill\u00e9gale seront \u00e0 la table des discussions.<\/p>\n<p>La France a d\u00fb revoir ses ambitions \u00e0 la baisse pour cette premi\u00e8re conf\u00e9rence onusienne dans l&rsquo;Hexagone depuis la COP21 en 2015. Les 60 ratifications, attendues \u00e0 Nice, pour permettre l&rsquo;entr\u00e9e en vigueur rapide du trait\u00e9 pour prot\u00e9ger la haute mer ne devraient pas \u00eatre obtenues avant la fin de l&rsquo;ann\u00e9e.<\/p>\n<p>Ce trait\u00e9, adopt\u00e9 en 2023, vise \u00e0 mettre \u00e0 l&rsquo;abri des \u00e9cosyst\u00e8mes marins dans des eaux internationales, qui couvrent pr\u00e8s de la moiti\u00e9 de la plan\u00e8te. <\/p>\n<p>La France esp\u00e8re \u00e9galement \u00e9largir la coalition de 33 pays en faveur d&rsquo;un moratoire sur l&rsquo;exploitation mini\u00e8re des fonds marins.<\/p>\n<p>Les \u00e9changes entre d\u00e9l\u00e9gations devraient \u00e9galement porter sur les n\u00e9gociations pour un trait\u00e9 contre la pollution plastique, qui reprendront en ao\u00fbt \u00e0 Gen\u00e8ve, et sur la ratification d&rsquo;accords sur la lutte contre la p\u00eache ill\u00e9gale et la surp\u00eache.<\/p>\n<p>C\u00f4t\u00e9 financement, le sommet de Nice \u00ab\u00a0n&rsquo;est pas \u00e0 proprement parler une conf\u00e9rence de mobilisation de fonds\u00a0\u00bb, a tenu \u00e0 souligner l&rsquo;Elys\u00e9e, alors que le Costa Rica, pays coorganisateur de la conf\u00e9rence, a dit esp\u00e9rer 100 milliards de dollars de nouveaux financements pour le d\u00e9veloppement durable de l&rsquo;oc\u00e9an.<\/p>\n<p><img alt=\"Des visiteurs \u00e0 l'entr\u00e9e de l'exposition &quot;La baleine&quot; pr\u00e9sent\u00e9e \u00e0 l'occasion de la Conf\u00e9rence des Nations Unies sur les oc\u00e9ans (ONUC) au Parc des expositions de Nice, le 2 juin 202\" loading=\"lazy\" decoding=\"async\" data-nimg=\"fill\" class=\" TwicCore_img__i9TC1 undefined  undefined\" style=\"position:absolute;height:100%;width:100%;left:0;top:0;right:0;bottom:0;color:transparent;background-size:cover;background-position:50% 50%;background-repeat:no-repeat;background-image:url(&quot;data:image\/svg+xml;charset=utf-8,%3Csvg xmlns='http:\/\/www.w3.org\/2000\/svg' %3E%3Cfilter id='b' color-interpolation-filters='sRGB'%3E%3CfeGaussianBlur stdDeviation='20'\/%3E%3CfeColorMatrix values='1 0 0 0 0 0 1 0 0 0 0 0 1 0 0 0 0 0 100 -1' result='s'\/%3E%3CfeFlood x='0' y='0' width='100%25' height='100%25'\/%3E%3CfeComposite operator='out' in='s'\/%3E%3CfeComposite in2='SourceGraphic'\/%3E%3CfeGaussianBlur stdDeviation='20'\/%3E%3C\/filter%3E%3Cimage width='100%25' height='100%25' x='0' y='0' preserveAspectRatio='none' style='filter: url(%23b);' href='https:\/\/pictures.laprovence.com\/cdn-cgi\/image\/blur=250\/media\/afp\/e3d6bc1d2235aadfacdca0a79c734b95eb10f811.jpg'\/%3E%3C\/svg%3E&quot;)\"   src=\"https:\/\/www.europesays.com\/fr\/wp-content\/uploads\/2025\/06\/e3d6bc1d2235aadfacdca0a79c734b95eb10f811.jpg\"\/>Des visiteurs \u00e0 l&rsquo;entr\u00e9e de l&rsquo;exposition \u00ab\u00a0La baleine\u00a0\u00bb pr\u00e9sent\u00e9e \u00e0 l&rsquo;occasion de la Conf\u00e9rence des Nations Unies sur les oc\u00e9ans (ONUC) au Parc des expositions de Nice, le 2 juin 202 PHOTO AFP \/ Frederic DIDES<\/p>\n<p>La protection des oc\u00e9ans, qui couvrent 70,8% du globe, est le moins bien financ\u00e9 des 17 objectifs de d\u00e9veloppement durable de l&rsquo;Onu.<\/p>\n<p>\u00ab\u00a0Nous avons cr\u00e9\u00e9 cette sorte de mythe selon lequel les gouvernements n&rsquo;ont pas d&rsquo;argent pour la conservation des oc\u00e9ans\u00a0\u00bb, a critiqu\u00e9 Brian O&rsquo;Donnell, directeur de Campaign for Nature, ONG qui milite pour la protection des oc\u00e9ans.<\/p>\n<p>\u00ab\u00a0Il y a de l&rsquo;argent. Il n&rsquo;y a pas de volont\u00e9 politique\u00a0\u00bb, a-t-il estim\u00e9.<\/p>\n","protected":false},"excerpt":{"rendered":"En visite d&rsquo;Etat \u00e0 Monaco, o\u00f9 il cl\u00f4turera dimanche un forum sur l&rsquo;\u00e9conomie et la finance bleue, le&hellip;\n","protected":false},"author":2,"featured_media":159826,"comment_status":"","ping_status":"","sticky":false,"template":"","format":"standard","meta":{"footnotes":""},"categories":[2819],"tags":[17,1111,11,17144,13789,1777,674,1011,27,329,151,74,12,2401,471,882,25,2764],"class_list":{"0":"post-159825","1":"post","2":"type-post","3":"status-publish","4":"format-standard","5":"has-post-thumbnail","7":"category-nice","8":"tag-17","9":"tag-actu","10":"tag-actualites","11":"tag-attendus","12":"tag-dirigeants","13":"tag-eu","14":"tag-europe","15":"tag-fr","16":"tag-france","17":"tag-france-monde","18":"tag-les","19":"tag-monde","20":"tag-news","21":"tag-nice","22":"tag-pour","23":"tag-provence-alpes-cote-dazur","24":"tag-republique-francaise","25":"tag-sommet"},"share_on_mastodon":{"url":"https:\/\/pubeurope.com\/@fr\/114645294745840341","error":""},"_links":{"self":[{"href":"https:\/\/www.europesays.com\/fr\/wp-json\/wp\/v2\/posts\/159825","targetHints":{"allow":["GET"]}}],"collection":[{"href":"https:\/\/www.europesays.com\/fr\/wp-json\/wp\/v2\/posts"}],"about":[{"href":"https:\/\/www.europesays.com\/fr\/wp-json\/wp\/v2\/types\/post"}],"author":[{"embeddable":true,"href":"https:\/\/www.europesays.com\/fr\/wp-json\/wp\/v2\/users\/2"}],"replies":[{"embeddable":true,"href":"https:\/\/www.europesays.com\/fr\/wp-json\/wp\/v2\/comments?post=159825"}],"version-history":[{"count":0,"href":"https:\/\/www.europesays.com\/fr\/wp-json\/wp\/v2\/posts\/159825\/revisions"}],"wp:featuredmedia":[{"embeddable":true,"href":"https:\/\/www.europesays.com\/fr\/wp-json\/wp\/v2\/media\/159826"}],"wp:attachment":[{"href":"https:\/\/www.europesays.com\/fr\/wp-json\/wp\/v2\/media?parent=159825"}],"wp:term":[{"taxonomy":"category","embeddable":true,"href":"https:\/\/www.europesays.com\/fr\/wp-json\/wp\/v2\/categories?post=159825"},{"taxonomy":"post_tag","embeddable":true,"href":"https:\/\/www.europesays.com\/fr\/wp-json\/wp\/v2\/tags?post=159825"}],"curies":[{"name":"wp","href":"https:\/\/api.w.org\/{rel}","templated":true}]}}