{"id":159829,"date":"2025-06-08T02:07:14","date_gmt":"2025-06-08T02:07:14","guid":{"rendered":"https:\/\/www.europesays.com\/fr\/159829\/"},"modified":"2025-06-08T02:07:14","modified_gmt":"2025-06-08T02:07:14","slug":"five-guys-recrute-une-cinquantaine-demployes-pour-son-ouverture-a-bordeaux","status":"publish","type":"post","link":"https:\/\/www.europesays.com\/fr\/159829\/","title":{"rendered":"Five Guys recrute une cinquantaine d&#8217;employ\u00e9s pour son ouverture \u00e0 Bordeaux"},"content":{"rendered":"<p>            Par<br \/>\n        <strong><br \/>\n            <a href=\"https:\/\/actu.fr\/auteur\/redaction-bordeaux\" title=\"Consulter tous les articles de R\u00e9daction Bordeaux\" rel=\"nofollow noopener\" target=\"_blank\">R\u00e9daction Bordeaux<\/a><br \/>\n        <\/strong><\/p>\n<p>        Publi\u00e9 le<\/p>\n<p>            7 juin 2025 \u00e0 9h42        <\/p>\n<p>Comme actu Bordeaux vous l\u2019a annonc\u00e9, Five Guys a pr\u00e9vu d\u2019ouvrir <a href=\"https:\/\/actu.fr\/nouvelle-aquitaine\/bordeaux_33063\/la-celebre-chaine-de-fast-food-five-guys-va-remplacer-ce-restaurant-adore-a-bordeaux_62669281.html\" rel=\"nofollow noopener\" target=\"_blank\">son premier restaurant \u00e0 Bordeaux<\/a> en septembre 2025, au c\u0153ur de la rue Saint-R\u00e9mi.<\/p>\n<p class=\" wall-content\">En amont de cette ouverture, la c\u00e9l\u00e8bre enseigne de burgers compte lancer prochainement une <strong>campagne de recrutement<\/strong> pour enr\u00f4ler <strong>une cinquantaine de collaborateurs<\/strong>.<\/p>\n<p class=\" wall-content\">Five Guys promet une <strong>r\u00e9mun\u00e9ration au-dessus du minimum conventionnel<\/strong>, une \u00e9galit\u00e9 de r\u00e9mun\u00e9ration d\u00e8s l\u2019embauche entre hommes et femmes ainsi qu\u2019un acc\u00e8s \u00e9galitaire \u00e0 la promotion ou encore des titres-restaurant, une prise en charge patronale partielle \u00e0 la mobilit\u00e9 et \u00e0 la mutuelle, etc. Tous les profils sont recherch\u00e9s, y compris des \u00e9tudiants.<\/p>\n<p class=\" wall-content\">L\u2019enseigne Five Guys est connue pour \u00eatre le fast-food pr\u00e9f\u00e9r\u00e9 de Barack Obama, avec ses frites coup\u00e9es \u00e0 la main et ses multiples combinaisons de burgers.<\/p>\n<p class=\" wall-content\">Suivez toute l\u2019actualit\u00e9 de vos villes et m\u00e9dias favoris en vous inscrivant \u00e0 <a href=\"https:\/\/moncompte.actu.fr\" title=\"D\u00e9couvez Mon Actu\" rel=\"nofollow noopener\" data-trk=\"{&quot;cta&quot;:{&quot;action&quot;:&quot;https:\\\/\\\/moncompte.actu.fr&quot;,&quot;category&quot;:&quot;mon compte&quot;,&quot;from&quot;:&quot;article footer&quot;,&quot;name&quot;:&quot;Mon actu&quot;,&quot;type&quot;:&quot;cta&quot;}}\" target=\"_blank\">Mon Actu<\/a>.<\/p>\n","protected":false},"excerpt":{"rendered":"Par R\u00e9daction Bordeaux Publi\u00e9 le 7 juin 2025 \u00e0 9h42 Comme actu Bordeaux vous l\u2019a annonc\u00e9, Five Guys&hellip;\n","protected":false},"author":2,"featured_media":159830,"comment_status":"","ping_status":"","sticky":false,"template":"","format":"standard","meta":{"footnotes":""},"categories":[2817],"tags":[1111,11,1997,33,341,1777,674,1011,27,12,2219,25,1340],"class_list":{"0":"post-159829","1":"post","2":"type-post","3":"status-publish","4":"format-standard","5":"has-post-thumbnail","7":"category-bordeaux","8":"tag-actu","9":"tag-actualites","10":"tag-bordeaux","11":"tag-economie","12":"tag-emploi","13":"tag-eu","14":"tag-europe","15":"tag-fr","16":"tag-france","17":"tag-news","18":"tag-nouvelle-aquitaine","19":"tag-republique-francaise","20":"tag-restaurant"},"share_on_mastodon":{"url":"https:\/\/pubeurope.com\/@fr\/114645306170326409","error":""},"_links":{"self":[{"href":"https:\/\/www.europesays.com\/fr\/wp-json\/wp\/v2\/posts\/159829","targetHints":{"allow":["GET"]}}],"collection":[{"href":"https:\/\/www.europesays.com\/fr\/wp-json\/wp\/v2\/posts"}],"about":[{"href":"https:\/\/www.europesays.com\/fr\/wp-json\/wp\/v2\/types\/post"}],"author":[{"embeddable":true,"href":"https:\/\/www.europesays.com\/fr\/wp-json\/wp\/v2\/users\/2"}],"replies":[{"embeddable":true,"href":"https:\/\/www.europesays.com\/fr\/wp-json\/wp\/v2\/comments?post=159829"}],"version-history":[{"count":0,"href":"https:\/\/www.europesays.com\/fr\/wp-json\/wp\/v2\/posts\/159829\/revisions"}],"wp:featuredmedia":[{"embeddable":true,"href":"https:\/\/www.europesays.com\/fr\/wp-json\/wp\/v2\/media\/159830"}],"wp:attachment":[{"href":"https:\/\/www.europesays.com\/fr\/wp-json\/wp\/v2\/media?parent=159829"}],"wp:term":[{"taxonomy":"category","embeddable":true,"href":"https:\/\/www.europesays.com\/fr\/wp-json\/wp\/v2\/categories?post=159829"},{"taxonomy":"post_tag","embeddable":true,"href":"https:\/\/www.europesays.com\/fr\/wp-json\/wp\/v2\/tags?post=159829"}],"curies":[{"name":"wp","href":"https:\/\/api.w.org\/{rel}","templated":true}]}}