{"id":159833,"date":"2025-06-08T02:09:13","date_gmt":"2025-06-08T02:09:13","guid":{"rendered":"https:\/\/www.europesays.com\/fr\/159833\/"},"modified":"2025-06-08T02:09:13","modified_gmt":"2025-06-08T02:09:13","slug":"on-vous-dit-ou-et-quand-3","status":"publish","type":"post","link":"https:\/\/www.europesays.com\/fr\/159833\/","title":{"rendered":"on vous dit o\u00f9 et quand"},"content":{"rendered":"<p>            Par<br \/>\n        <strong><br \/>\n            <a href=\"https:\/\/actu.fr\/auteur\/ancelin-emeryhenriot\" title=\"Consulter tous les articles de Ancelin Emery-Henriot\" target=\"_blank\" rel=\"noopener\">Ancelin Emery-Henriot<\/a><br \/>\n        <\/strong><\/p>\n<p>        Publi\u00e9 le<\/p>\n<p>            7 juin 2025 \u00e0 7h02        <\/p>\n<p>Encore un peu plus de vert dans la Ville rose. Alors que <strong>14 jardins partag\u00e9s<\/strong> ont d\u00e9j\u00e0 vu le jour sous la mandature actuelle de <strong>Jean-Luc Moudenc,<\/strong> la mairie vient d\u2019annoncer la cr\u00e9ation de <strong>quatre nouveaux espaces de jardinage<\/strong>\u00a0dans diff\u00e9rents quartiers de <strong><a href=\"https:\/\/actu.fr\/toulouse\/\" target=\"_blank\" rel=\"noopener\">Toulouse,<\/a><\/strong>\u00a0d\u2019ici 2026. Voici les lieux qui en b\u00e9n\u00e9ficieront.<\/p>\n<p>Quatre quartiers concern\u00e9s, voici lesquels<\/p>\n<p class=\" wall-content\">Le prochain arrivera au <strong>premier trimestre 2026<\/strong> \u00e0<strong> Croix-Daurade.<\/strong> Les autres seront install\u00e9s dans le quartier de <strong>Pal\u00e9ficat<\/strong>, au grand parc Margelle de la <strong>C\u00e9pi\u00e8re,<\/strong> et au parc central des Ramassiers \u00e0 <strong>Saint-Martin du Touch.<\/strong><\/p>\n<p>18 jardins partag\u00e9s cr\u00e9\u00e9s depuis 2020<\/p>\n<p class=\" wall-content\">Cela portera \u00e0 18 le nombre total de jardins instaur\u00e9s depuis 2020. Des arriv\u00e9es qui co\u00efncident avec une volont\u00e9 de la municipalit\u00e9 de \u201cdonner <strong>un nouveau souffle<\/strong> \u00e0 sa politique en mati\u00e8re de jardins partag\u00e9s\u201d.<\/p>\n<p>De 7 \u00e0 30 jardins partag\u00e9s \u00e0 Toulouse : \u00ab\u2009Une \u00e9volution consid\u00e9rable\u2009\u00bb\u00a0<\/p>\n<p class=\" wall-content\">La collectivit\u00e9 avance m\u00eame qu\u2019ils \u201cd\u00e9passent<strong> largement<\/strong> la seule dimension \u00e9cologique.\u201d Cela explique leur inscription dans le champ des politiques sociales et de sant\u00e9. Avec <strong>trois\u00a0objectifs<\/strong> \u00e0 la cl\u00e9\u2009: \u00ab\u00a0Cr\u00e9er du lien social entre les g\u00e9n\u00e9rations, favoriser le bien-\u00eatre physique et psychologique et donner \u00e0 chacun un espace de participation citoyenne\u00a0\u00bb.<\/p>\n<p class=\" wall-content\">Le maire<strong> Jean-Luc Moudenc<\/strong> pr\u00e9cise que la ville est pass\u00e9e de 7 \u00e0 30 jardins partag\u00e9s depuis son arriv\u00e9e \u00e0 la t\u00eate de la mairie, en 2014, \u201cune \u00e9volution consid\u00e9rable\u201d pour le locataire du Capitole.\u00a0<\/p>\n<p>Et aussi\u2026 11 parc, 7 squares et 35 aires de jeux<\/p>\n<p class=\" wall-content\">C\u2019est d\u2019apr\u00e8s lui dans la logique de la politique orchestr\u00e9e \u00e0 Toulouse, qui vise \u00e0 \u00ab\u00a0am\u00e9liorer <strong>le confort de vie<\/strong> au c\u0153ur des quartiers\u00a0\u00bb, avec notamment <strong>une v\u00e9g\u00e9talisation acc\u00e9l\u00e9r\u00e9e<\/strong>. De fait, sur ce deuxi\u00e8me mandat, ce sont \u00e9galement<strong> 11 parcs<\/strong> et<strong> sept squares<\/strong> qui ont \u00e9t\u00e9 instaur\u00e9s. Pour les plus jeunes, <strong>35 aires de jeux<\/strong> sont n\u00e9es, et plus de 200 ont \u00e9t\u00e9 r\u00e9nov\u00e9es.<\/p>\n<p class=\" wall-content\">Suivez toute l\u2019actualit\u00e9 de vos villes et m\u00e9dias favoris en vous inscrivant \u00e0 <a href=\"https:\/\/moncompte.actu.fr\" title=\"D\u00e9couvez Mon Actu\" rel=\"nofollow noopener\" data-trk=\"{&quot;cta&quot;:{&quot;action&quot;:&quot;https:\\\/\\\/moncompte.actu.fr&quot;,&quot;category&quot;:&quot;mon compte&quot;,&quot;from&quot;:&quot;article footer&quot;,&quot;name&quot;:&quot;Mon actu&quot;,&quot;type&quot;:&quot;cta&quot;}}\" target=\"_blank\">Mon Actu<\/a>.<\/p>\n<ul class=\"ac-article-tag wall-content\">\n<li><a href=\"https:\/\/actu.fr\/tag\/jardinage\" data-trk=\"{&quot;cta&quot;:{&quot;action&quot;:&quot;Jardinage&quot;,&quot;category&quot;:&quot;tag&quot;,&quot;from&quot;:&quot;article footer&quot;,&quot;name&quot;:&quot;Jardinage&quot;,&quot;type&quot;:&quot;cta&quot;}}\" target=\"_blank\" rel=\"noopener\">#Jardinage<\/a><\/li>\n<li><a href=\"https:\/\/actu.fr\/tag\/toulouse-metropole\" data-trk=\"{&quot;cta&quot;:{&quot;action&quot;:&quot;Toulouse M\\u00e9tropole&quot;,&quot;category&quot;:&quot;tag&quot;,&quot;from&quot;:&quot;article footer&quot;,&quot;name&quot;:&quot;Toulouse M\\u00e9tropole&quot;,&quot;type&quot;:&quot;cta&quot;}}\" target=\"_blank\" rel=\"noopener\">#Toulouse M\u00e9tropole<\/a><\/li>\n<\/ul>\n","protected":false},"excerpt":{"rendered":"Par Ancelin Emery-Henriot Publi\u00e9 le 7 juin 2025 \u00e0 7h02 Encore un peu plus de vert dans la&hellip;\n","protected":false},"author":2,"featured_media":159834,"comment_status":"","ping_status":"","sticky":false,"template":"","format":"standard","meta":{"footnotes":""},"categories":[2816],"tags":[1111,11,1777,674,1011,27,2575,12,2680,25,104,2312,1090],"class_list":{"0":"post-159833","1":"post","2":"type-post","3":"status-publish","4":"format-standard","5":"has-post-thumbnail","7":"category-toulouse","8":"tag-actu","9":"tag-actualites","10":"tag-eu","11":"tag-europe","12":"tag-fr","13":"tag-france","14":"tag-jardinage","15":"tag-news","16":"tag-occitanie","17":"tag-republique-francaise","18":"tag-societe","19":"tag-toulouse","20":"tag-toulouse-metropole"},"share_on_mastodon":{"url":"https:\/\/pubeurope.com\/@fr\/114645313960770296","error":""},"_links":{"self":[{"href":"https:\/\/www.europesays.com\/fr\/wp-json\/wp\/v2\/posts\/159833","targetHints":{"allow":["GET"]}}],"collection":[{"href":"https:\/\/www.europesays.com\/fr\/wp-json\/wp\/v2\/posts"}],"about":[{"href":"https:\/\/www.europesays.com\/fr\/wp-json\/wp\/v2\/types\/post"}],"author":[{"embeddable":true,"href":"https:\/\/www.europesays.com\/fr\/wp-json\/wp\/v2\/users\/2"}],"replies":[{"embeddable":true,"href":"https:\/\/www.europesays.com\/fr\/wp-json\/wp\/v2\/comments?post=159833"}],"version-history":[{"count":0,"href":"https:\/\/www.europesays.com\/fr\/wp-json\/wp\/v2\/posts\/159833\/revisions"}],"wp:featuredmedia":[{"embeddable":true,"href":"https:\/\/www.europesays.com\/fr\/wp-json\/wp\/v2\/media\/159834"}],"wp:attachment":[{"href":"https:\/\/www.europesays.com\/fr\/wp-json\/wp\/v2\/media?parent=159833"}],"wp:term":[{"taxonomy":"category","embeddable":true,"href":"https:\/\/www.europesays.com\/fr\/wp-json\/wp\/v2\/categories?post=159833"},{"taxonomy":"post_tag","embeddable":true,"href":"https:\/\/www.europesays.com\/fr\/wp-json\/wp\/v2\/tags?post=159833"}],"curies":[{"name":"wp","href":"https:\/\/api.w.org\/{rel}","templated":true}]}}