{"id":159837,"date":"2025-06-08T02:12:54","date_gmt":"2025-06-08T02:12:54","guid":{"rendered":"https:\/\/www.europesays.com\/fr\/159837\/"},"modified":"2025-06-08T02:12:54","modified_gmt":"2025-06-08T02:12:54","slug":"fete-de-la-musique-2025-a-lille-actualites-2","status":"publish","type":"post","link":"https:\/\/www.europesays.com\/fr\/159837\/","title":{"rendered":"F\u00eate de la musique 2025 \u00e0 Lille \/ Actualit\u00e9s"},"content":{"rendered":"<p>\u00c0 l&rsquo;occasion de cette grande f\u00eate populaire, d\u00e9couvrez ou red\u00e9couvrez les nombreux lieux culturels de la Ville qui vous ouvriront leurs portes, en association avec les \u00e9coles de musique lilloises et le conservatoire.<\/p>\n<p>Au programme<\/p>\n<p>Voici les \u00e9v\u00e9nements organis\u00e9s \u00e0 Lille pour la 43e f\u00eate de la musique le samedi 21 juin 2025, o\u00f9 la pratique amateur est \u00e0 l&rsquo;honneur !<\/p>\n<p><a name=\"Centre\" id=\"Centre\"\/>Lille-Centre<\/p>\n<p>&gt; \u00c0 la <strong>Ferme p\u00e9dagogique Marcel Dh\u00e9nin<\/strong>, de 14h \u00e0 18h : atelier \u00ab\u00a0Un patrimoine sonore naturel insoup\u00e7onn\u00e9\u00a0\u00bb (sur r\u00e9servation) ; et des lectures artistiques. <a href=\"https:\/\/www.lille.fr\/Evenements\/Fete-de-la-musique5\" target=\"_self\" class=\"lien_interne\" rel=\"nofollow noopener\">Plus d&rsquo;infos<\/a><\/p>\n<p>&gt; \u00c0 la <strong>m\u00e9diath\u00e8que Jean L\u00e9vy<\/strong>, de jeunes musiciens rencontrent de jeunes lecteurs. <a href=\"https:\/\/www.lille.fr\/Evenements\/Croc-notes-3-lecture-d-histoires-au-piano\" target=\"_self\" class=\"lien_interne\" rel=\"nofollow noopener\">Plus d&rsquo;infos<\/a><\/p>\n<p>&gt; Au <strong>parc Jean-Baptiste Lebas<\/strong> : de 11h \u00e0 13h,\u00a0cours de yoga et pr\u00e9sentation d\u2019instruments indiens par l\u2019association Khushi. 14h-16h : 4 fanfares de la Baraque \u00e0 Fanfares.\u00a016h-17h : Orchestre Universitaire de Lille<\/p>\n<p>&gt; <strong>Place du Th\u00e9\u00e2tre et parvis de l&rsquo;Op\u00e9ra<\/strong>, de 15h \u00e0 18h :\u00a0chorale Happy Singer, batucada Oyamba&#8230;<\/p>\n<p>&gt; Le <strong>Bus Magique<\/strong> organise trois soir\u00e9es et deux journ\u00e9es de festivit\u00e9s, de rencontres culturelles et artistiques, du 20 au 22 juin. <a href=\"https:\/\/www.lille.fr\/Evenements\/Fete-de-la-musique-et-guinguette\" target=\"_self\" class=\"lien_interne\" rel=\"nofollow noopener\">Plus d&rsquo;infos<\/a><\/p>\n<p>&gt; <strong>GARAGE<\/strong> et La Verri\u00e8re voient grand pour l&rsquo;\u00e9dition 2025, du 20 au 22 juin : concerts live, DJ sets, ap\u00e9ro chorale et surprises. <a href=\"https:\/\/www.lille.fr\/Evenements\/Fete-de-la-musique-a-Lille-3-jours-de-concerts\" target=\"_self\" class=\"lien_interne\" rel=\"nofollow noopener\">Plus d&rsquo;infos<\/a><\/p>\n<p><a name=\"Faubourg\" id=\"Faubourg\"\/>Faubourg de B\u00e9thune<\/p>\n<p>&gt; Rendez-vous dans la <strong>cour de l&rsquo;\u00e9cole Samain<\/strong>, de 9h30 \u00e0 22h. Il y aura une sc\u00e8ne d\u00e9di\u00e9e \u00e0 l&rsquo;\u00e9cole Samain et une autre pour le Faubourg Des Musiques.\u00a0<a href=\"https:\/\/www.lille.fr\/Evenements\/Fete-de-la-musique4\" target=\"_self\" class=\"lien_interne\" rel=\"nofollow noopener\">Plus d&rsquo;infos<\/a><\/p>\n<p><a name=\"LilleSud\" id=\"LilleSud\"\/>Lille-Sud<\/p>\n<p>&gt; De 12h30 \u00e0 18h \u00e0 la <strong>Fabrique du Sud<\/strong>, des moments forts vous attendent pour partager cet instant privil\u00e9gi\u00e9 port\u00e9 par la mairie de quartier de Lille-Sud et les partenaires du quartier ! <a href=\"https:\/\/www.lille.fr\/Evenements\/La-Fete-de-la-Fabrique-du-Sud-de-retour-pour-2025\" target=\"_self\" class=\"lien_interne\" rel=\"nofollow noopener\">Plus d&rsquo;infos<\/a><\/p>\n<p><a name=\"SaintMaurice\" id=\"SaintMaurice\"\/><br \/>\n<a name=\"BoisBlancs\" id=\"BoisBlancs\"\/>Bois-Blancs<\/p>\n<p>&gt; La m\u00e9diath\u00e8que des Bois-Blancs propose pour vos enfants d\u00e8s 3 ans des histoires chant\u00e9es, pour passer un moment familial, convivial et \u00e9veiller les plus jeunes au plaisir de lire. De 17h \u00e0 17h30. <a href=\"https:\/\/www.lille.fr\/Evenements\/Histoires-chantees-pour-la-Fete-de-la-musique\" target=\"_self\" class=\"lien_interne\" rel=\"nofollow noopener\">Plus d&rsquo;infos<\/a><\/p>\n<p>Infos aux riverains<br \/>\n<a name=\"inforiverain\" id=\"inforiverain\"\/><br \/>\n<a name=\"riverains\" id=\"riverains\"\/><\/p>\n<p>Prenez part aux ambiances vari\u00e9es de la f\u00eate de la musique. \u00c0 nouveau, la Ville de Lille facilite les pratiques musicales en installant diff\u00e9rentes sc\u00e8nes. Afin de s\u00e9curiser ces zones, des pi\u00e9tonnisations sont mises en place, entrainant des restrictions de stationnement et de circulation.<\/p>\n<p>En raison des pi\u00e9tonnisations lors de la f\u00eate de la musique, la collecte sera fortement perturb\u00e9e. Autant que possible, les habitants sont invit\u00e9s \u00e0 s&rsquo;organiser et \u00e0 ne pas pr\u00e9senter leurs d\u00e9chets ce jour-l\u00e0, en se reportant \u00e0 la prochaine collecte.<\/p>\n<p>Cliquez sur les images pour les afficher en grand<\/p>\n<p>            <img src-full=\"\/var\/www\/storage\/images\/mediatheque\/mairie-de-lille\/actualites\/images\/2025\/juin-2025\/fete-de-la-musique-ir-hypercentre-vl\/3779980-1-fre-FR\/Fete-de-la-musique-IR-hypercentre-VL.jpg\" data-caption-full=\"F\u00eate de la musique 2025 : plan hyper-Centre et Vieux-Lille\" width=\"173\" height=\"250\" alt=\"F\u00eate de la musique IR hypercentre + VL\" title=\"F\u00eate de la musique IR hypercentre + VL\" class=\"align-\"\/><br \/>\n    \u00a0\u00a0            <img src-full=\"\/var\/www\/storage\/images\/mediatheque\/mairie-de-lille\/actualites\/images\/2025\/juin-2025\/fete-musique-2025-ir-centre\/3779984-1-fre-FR\/Fete-musique-2025-IR-Centre.jpg\" data-caption-full=\"F\u00eate de la musique 2025 : secteur Mass\u00e9na - Solf\u00e9rino \" width=\"262\" height=\"250\" alt=\"F\u00eate musique 2025 IR Centre\" title=\"F\u00eate musique 2025 IR Centre\" class=\"align-\"\/>\n    <\/p>\n<p>Dans les rues affich\u00e9es sur ces plans, interdiction de circuler du samedi 21 juin \u00e0 19h au dimanche 22 juin \u00e0 3h du matin ;<\/p>\n<p>Interdiction de stationner du samedi 21 juin \u00e0 1h du matin au dimanche 22 juin \u00e0 3h du matin.<\/p>\n<p>L\u2019acc\u00e8s au parking du Vieux-Lille, boulevard du Peuple belge, est garanti pour les abonn\u00e9s. Tous les v\u00e9hicules pourront en sortir librement<\/p>\n<p>\u00a0Merci de votre compr\u00e9hension.<\/p>\n<p>\u00c0 pied, \u00e0 v\u00e9lo, en transports en commun\u2026<\/p>\n<p><strong>Optez pour des modes de d\u00e9placements plus respectueux de l\u2019environnement pour profiter de la f\u00eate de la musique !<\/strong><\/p>\n<p><a href=\"https:\/\/www.lille.fr\/Vivre-a-Lille\/Me-deplacer\" target=\"_self\" class=\"lien_interne\" rel=\"nofollow noopener\">En savoir plus.<\/a><\/p>\n<p>&gt; Notez-le : infos sur la fr\u00e9quence du m\u00e9tro et du tramway sur le <a href=\"https:\/\/www.ilevia.fr\/\" target=\"_self\" class=\"lien_interne\" rel=\"nofollow noopener\">site d&rsquo;Ilevia<\/a>.<\/p>\n","protected":false},"excerpt":{"rendered":"\u00c0 l&rsquo;occasion de cette grande f\u00eate populaire, d\u00e9couvrez ou red\u00e9couvrez les nombreux lieux culturels de la Ville qui&hellip;\n","protected":false},"author":2,"featured_media":151016,"comment_status":"","ping_status":"","sticky":false,"template":"","format":"standard","meta":{"footnotes":""},"categories":[2815],"tags":[1111,11,4763,1777,674,1011,27,811,1307,5415,12,25],"class_list":{"0":"post-159837","1":"post","2":"type-post","3":"status-publish","4":"format-standard","5":"has-post-thumbnail","7":"category-lille","8":"tag-actu","9":"tag-actualites","10":"tag-agenda","11":"tag-eu","12":"tag-europe","13":"tag-fr","14":"tag-france","15":"tag-hauts-de-france","16":"tag-lille","17":"tag-mairie","18":"tag-news","19":"tag-republique-francaise"},"share_on_mastodon":{"url":"https:\/\/pubeurope.com\/@fr\/114645329762118899","error":""},"_links":{"self":[{"href":"https:\/\/www.europesays.com\/fr\/wp-json\/wp\/v2\/posts\/159837","targetHints":{"allow":["GET"]}}],"collection":[{"href":"https:\/\/www.europesays.com\/fr\/wp-json\/wp\/v2\/posts"}],"about":[{"href":"https:\/\/www.europesays.com\/fr\/wp-json\/wp\/v2\/types\/post"}],"author":[{"embeddable":true,"href":"https:\/\/www.europesays.com\/fr\/wp-json\/wp\/v2\/users\/2"}],"replies":[{"embeddable":true,"href":"https:\/\/www.europesays.com\/fr\/wp-json\/wp\/v2\/comments?post=159837"}],"version-history":[{"count":0,"href":"https:\/\/www.europesays.com\/fr\/wp-json\/wp\/v2\/posts\/159837\/revisions"}],"wp:featuredmedia":[{"embeddable":true,"href":"https:\/\/www.europesays.com\/fr\/wp-json\/wp\/v2\/media\/151016"}],"wp:attachment":[{"href":"https:\/\/www.europesays.com\/fr\/wp-json\/wp\/v2\/media?parent=159837"}],"wp:term":[{"taxonomy":"category","embeddable":true,"href":"https:\/\/www.europesays.com\/fr\/wp-json\/wp\/v2\/categories?post=159837"},{"taxonomy":"post_tag","embeddable":true,"href":"https:\/\/www.europesays.com\/fr\/wp-json\/wp\/v2\/tags?post=159837"}],"curies":[{"name":"wp","href":"https:\/\/api.w.org\/{rel}","templated":true}]}}