{"id":15984,"date":"2025-04-10T22:26:12","date_gmt":"2025-04-10T22:26:12","guid":{"rendered":"https:\/\/www.europesays.com\/fr\/15984\/"},"modified":"2025-04-10T22:26:12","modified_gmt":"2025-04-10T22:26:12","slug":"ce-detail-que-tout-le-monde-a-rate-mais-qui-change-tout","status":"publish","type":"post","link":"https:\/\/www.europesays.com\/fr\/15984\/","title":{"rendered":"ce d\u00e9tail que tout le monde a rat\u00e9 mais qui change tout"},"content":{"rendered":"<p>Ce 14 avril, les t\u00e9l\u00e9spectateurs pourront d\u00e9couvrir le tout premier \u00e9pisode de <a href=\"https:\/\/www.journaldugeek.com\/dossier\/the-last-of-us-ces-scenes-cultes-que-la-saison-2-ne-pourra-pas-rater\/\" target=\"_blank\" rel=\"noopener\">la saison 2 de The Last of Us<\/a>. Cela marquera le d\u00e9but de 7 semaines de diffusion sur Max, la plateforme de streaming d\u2019HBO. La s\u00e9rie revient apr\u00e8s deux ans d\u2019absence, et elle adaptera une partie des \u00e9v\u00e8nements du second jeu de la franchise PlayStation. Nous avons eu le plaisir de d\u00e9couvrir <strong>ce premier \u00e9pisode en avance<\/strong>. Qu\u2019en avons-nous pens\u00e9\u00a0?<\/p>\n<p>Un changement de rythme bienvenu<\/p>\n<p>On se souvient encore de la sortie de la premi\u00e8re saison de The Last of Us en 2023. La s\u00e9rie est vite devenue un ph\u00e9nom\u00e8ne, cr\u00e9ant l\u2019engouement gr\u00e2ce \u00e0 la qualit\u00e9 de son adaptation. Si la fid\u00e9lit\u00e9 visuelle, le jeu d\u2019acteurs et le sc\u00e9nario ont \u00e9t\u00e9 acclam\u00e9s par la presse et le public, la premi\u00e8re saison manquait cependant d\u2019une certaine dose d\u2019action et d\u2019un focus sur les infect\u00e9s.<\/p>\n<p>Le premier \u00e9pisode de la saison 2 corrige le tir <strong>en acc\u00e9l\u00e9rant le rythme<\/strong> et en nous montrant <strong>davantage de sc\u00e8nes \u00e0 suspense.<\/strong> La tension monte clairement d\u2019un cran avec la sc\u00e8ne du supermarch\u00e9 (les joueurs la reconna\u00eetront) qui am\u00e8ne les r\u00f4deurs sur le devant de la sc\u00e8ne de mani\u00e8re intelligente. On peut dire que, pour une fois, la s\u00e9rie nous aura fait sursauter.<\/p>\n<p>Elle n\u2019avait pas d\u2019autre choix que d\u2019acc\u00e9l\u00e9rer les choses, puisque l\u2019intrigue se d\u00e9roule 5 ans apr\u00e8s la fin de la saison 1. Les personnages ont tous pris en maturit\u00e9, leur responsabilit\u00e9 est plus grande et Ellie se retrouve confront\u00e9 \u00e0 sa position de jeune adulte, cherchant l\u2019ind\u00e9pendance tout en aidant la communaut\u00e9. Abby et sa bande, ceux qui ont \u00e9t\u00e9 pr\u00e9sent\u00e9s comme les antagonistes de cette saison, font eux aussi une entr\u00e9e en mati\u00e8re remarqu\u00e9e.<\/p>\n<p>Trop d\u2019informations d\u2019un coup\u00a0?<\/p>\n<p>On pense toutefois que <strong>la s\u00e9rie en a un peu trop dit<\/strong>. Certes, la situation est claire, les enjeux sont pos\u00e9s d\u00e8s les premi\u00e8res secondes. On comprend qu\u2019Abby fait partie des Lucioles, le groupe que Joel a d\u00e9cim\u00e9 lors de son passage \u00e0 l\u2019h\u00f4pital la saison pr\u00e9c\u00e9dente. La jeune femme semble avoir <strong>une vengeance personnelle \u00e0 assouvir<\/strong> et se dit pr\u00eate \u00e0 tuer le p\u00e8re d\u2019Ellie, \u201clentement\u201c.<\/p>\n<p>On sait donc d\u2019embl\u00e9e que Joel court un grave danger, surtout \u00e0 la fin de l\u2019\u00e9pisode lorsque Abby et sa bande atteignent les hauteurs de Jackson. En termes d\u2019adaptation pure, on regrette que la s\u00e9rie en dise plus que dans le jeu vid\u00e9o, qui reposait sur un grand sens du suspense et du myst\u00e8re quant aux intentions d\u2019Abby. Cela ne g\u00e2chera peut-\u00eatre pas le plaisir pour la suite de la s\u00e9rie, mais force est d\u2019admettre que <strong>ce choix favorise plus les nouveaux t\u00e9l\u00e9spectateurs<\/strong> que les fans du jeu vid\u00e9o.<\/p>\n<p>Belle performance<\/p>\n<p>\u00c0 la fin de l\u2019\u00e9pisode 1, nous ne pouvons qu\u2019applaudir le travail fait par Craig Mazin, Neil Druckmann mais aussi tous les acteurs qui jouent leur r\u00f4le \u00e0 la perfection. Si la maturit\u00e9 d\u2019Ellie est parfaitement amen\u00e9e par Bella Ramsey, elle est sublim\u00e9e par le c\u00f4t\u00e9 solaire de Dina, jou\u00e9e par Isabela Merced. Pedro Pascal ne d\u00e9\u00e7oit jamais et son nouveau r\u00f4le de p\u00e8re tortur\u00e9, bless\u00e9, cherchant \u00e0 faire des efforts pour sa fille va \u00e0 merveille avec l\u2019\u00e9volution de son personnage. Reste \u00e0 voir ce que le reste de <a href=\"https:\/\/www.journaldugeek.com\/2025\/04\/02\/the-last-of-us-ou-et-comment-regarder-la-saison-2\/\" target=\"_blank\" rel=\"noopener\"><strong>la saison 2 nous r\u00e9serve<\/strong><\/a>.<\/p>\n<blockquote>\n<p class=\"text-base text-neutral-700 dark:text-neutral-300\">\ud83d\udfe3 Pour ne manquer aucune news sur le Journal du Geek, abonnez-vous sur <a href=\"https:\/\/news.google.com\/publications\/CAAqBwgKMNr_hAswwYyCAw?hl=fr&amp;gl=FR&amp;ceid=FR%3Afr\" target=\"_blank\" rel=\"noopener\">Google Actualit\u00e9s<\/a> et sur <a href=\"https:\/\/whatsapp.com\/channel\/0029VaClM5y4tRry12tb7D2h\" target=\"_blank\" rel=\"noopener\">notre WhatsApp<\/a>. Et si vous nous adorez, on a <a href=\"https:\/\/www.journaldugeek.com\/newsletter\/\" target=\"_blank\" rel=\"noopener\">une newsletter tous les matins<\/a>.<\/p>\n<\/blockquote>\n","protected":false},"excerpt":{"rendered":"Ce 14 avril, les t\u00e9l\u00e9spectateurs pourront d\u00e9couvrir le tout premier \u00e9pisode de la saison 2 de The Last&hellip;\n","protected":false},"author":2,"featured_media":15985,"comment_status":"","ping_status":"","sticky":false,"template":"","format":"standard","meta":{"footnotes":""},"categories":[8],"tags":[58,59,1011,27,5547,187],"class_list":{"0":"post-15984","1":"post","2":"type-post","3":"status-publish","4":"format-standard","5":"has-post-thumbnail","7":"category-divertissement","8":"tag-divertissement","9":"tag-entertainment","10":"tag-fr","11":"tag-france","12":"tag-hbo","13":"tag-the-last-of-us"},"share_on_mastodon":{"url":"https:\/\/pubeurope.com\/@fr\/114316023235377708","error":""},"_links":{"self":[{"href":"https:\/\/www.europesays.com\/fr\/wp-json\/wp\/v2\/posts\/15984","targetHints":{"allow":["GET"]}}],"collection":[{"href":"https:\/\/www.europesays.com\/fr\/wp-json\/wp\/v2\/posts"}],"about":[{"href":"https:\/\/www.europesays.com\/fr\/wp-json\/wp\/v2\/types\/post"}],"author":[{"embeddable":true,"href":"https:\/\/www.europesays.com\/fr\/wp-json\/wp\/v2\/users\/2"}],"replies":[{"embeddable":true,"href":"https:\/\/www.europesays.com\/fr\/wp-json\/wp\/v2\/comments?post=15984"}],"version-history":[{"count":0,"href":"https:\/\/www.europesays.com\/fr\/wp-json\/wp\/v2\/posts\/15984\/revisions"}],"wp:featuredmedia":[{"embeddable":true,"href":"https:\/\/www.europesays.com\/fr\/wp-json\/wp\/v2\/media\/15985"}],"wp:attachment":[{"href":"https:\/\/www.europesays.com\/fr\/wp-json\/wp\/v2\/media?parent=15984"}],"wp:term":[{"taxonomy":"category","embeddable":true,"href":"https:\/\/www.europesays.com\/fr\/wp-json\/wp\/v2\/categories?post=15984"},{"taxonomy":"post_tag","embeddable":true,"href":"https:\/\/www.europesays.com\/fr\/wp-json\/wp\/v2\/tags?post=15984"}],"curies":[{"name":"wp","href":"https:\/\/api.w.org\/{rel}","templated":true}]}}