{"id":159841,"date":"2025-06-08T02:16:09","date_gmt":"2025-06-08T02:16:09","guid":{"rendered":"https:\/\/www.europesays.com\/fr\/159841\/"},"modified":"2025-06-08T02:16:09","modified_gmt":"2025-06-08T02:16:09","slug":"le-lyonnais-eirik-est-il-decede-sur-le-front-en-ukraine","status":"publish","type":"post","link":"https:\/\/www.europesays.com\/fr\/159841\/","title":{"rendered":"Le Lyonnais Eirik est-il d\u00e9c\u00e9d\u00e9 sur le front en Ukraine ?"},"content":{"rendered":"<p>                            <img loading=\"lazy\" width=\"1200\" height=\"675\" class=\"attachment-article size-article wp-post-image lazyload\" alt=\"\" decoding=\"async\" src=\"https:\/\/www.europesays.com\/fr\/wp-content\/uploads\/2025\/06\/F8052346-59B8-4E9B-BCE5-11CFD6F6A1EC.jpg\"  data- data-eio-rwidth=\"1200\" data-eio-rheight=\"675\"\/><\/p>\n<p>@RTL \/ X @andreivaitovich<\/p>\n<p class=\"content\" style=\"font-size:1.2em;font-weight:700\">Eirik Coursier, originaire de Bron, engag\u00e9 volontaire dans une unit\u00e9 ukrainienne, serait tomb\u00e9 au combat pr\u00e8s de Donetsk, \u00e0 en croire les hommages rendus sur le terrain et sur les r\u00e9seaux sociaux. Mais pour l&rsquo;heure, Jean-No\u00ebl Barrot, le ministre des Affaires \u00e9trang\u00e8res, n&rsquo;est pas en mesure de confirmer l&rsquo;information.<\/p>\n<p>Le conflit en Ukraine aurait co\u00fbt\u00e9 la vie \u00e0 un jeune homme de la r\u00e9gion lyonnaise. Eirik Coursier, 21 ans, originaire de Bron, engag\u00e9 depuis le d\u00e9but de l\u2019ann\u00e9e dans une unit\u00e9 anglophone int\u00e9gr\u00e9e \u00e0 l\u2019arm\u00e9e ukrainienne, serait pr\u00e9sum\u00e9 mort depuis le 28 mai, lors d\u2019une mission pr\u00e8s de Donetsk. Il aurait \u00e9t\u00e9 gri\u00e8vement bless\u00e9 par un drone lors d\u2019un assaut men\u00e9 dans la r\u00e9gion de Makiivka.<\/p>\n<p>Officiellement port\u00e9 disparu, son sort reste encore incertain. Sur les r\u00e9seaux sociaux et parmi les combattants pr\u00e9sents sur le front, les hommages se multiplient, laissant penser que le jeune homme n\u2019aurait pas surv\u00e9cu \u00e0 ses blessures.<\/p>\n<blockquote class=\"twitter-tweet\" data-width=\"550\" data-dnt=\"true\">\n<p lang=\"fr\" dir=\"ltr\">Je n\u2019\u00e9crivais plus ici. Mais aujourd\u2019hui, je ne peux pas me taire.<br \/>Mon pote, Eirik. Fran\u00e7ais, mais l\u2019Ukraine \u00e9tait ton pays de c\u0153ur.<br \/>Tu te battais pour sa libert\u00e9.<br \/>Les russes t\u2019ont tu\u00e9 cette semaine.<br \/>Mais ils n\u2019effaceront ni nos souvenirs \u00e0 Kharkiv, ni ton combat.<br \/>\u0421\u043b\u0430\u0432\u0430 \u0423\u043a\u0440\u0430\u0457\u043d\u0456. <a href=\"https:\/\/t.co\/NAbe2zbISx\">pic.twitter.com\/NAbe2zbISx<\/a><\/p>\n<p>\u2014 Andre\u00ef Valentin VAITOVICH (@andreivaitovich) <a href=\"https:\/\/twitter.com\/andreivaitovich\/status\/1928937793880723616?ref_src=twsrc%5Etfw\" target=\"_blank\" rel=\"noopener\">May 31, 2025<\/a><\/p><\/blockquote>\n<p>Un engagement personnel au nom de la libert\u00e9<\/p>\n<p>Ancien policier \u00e0 Lyon, Eirik Coursier avait choisi de quitter ses fonctions pour rejoindre les rangs ukrainiens, port\u00e9 par un engagement personnel fort en faveur de la libert\u00e9. Il s\u2019\u00e9tait d\u00e9j\u00e0 rendu plusieurs fois en Ukraine depuis 2022, nouant des liens \u00e9troits avec des soldats et des civils, et partageant leur quotidien sur les r\u00e9seaux sociaux.<\/p>\n<p>Lire aussi : <a href=\"https:\/\/www.lyoncapitale.fr\/actualite\/des-missiles-tombaient-du-ciel-a-kharkiv-en-ukraine-un-lyonnais-raconte-l-invasion-russe\" target=\"_blank\" rel=\"noreferrer noopener\">\u00ab\u00a0Des missiles tombaient du ciel\u00a0\u00bb : \u00e0 Kharkiv en Ukraine, un Lyonnais raconte l&rsquo;invasion russe<\/a><\/p>\n<p>Interrog\u00e9 sur RTL, Jean-No\u00ebl Barrot, le ministre de l&rsquo;Europe et des Affaires \u00e9trang\u00e8res, n&rsquo;a pas confirm\u00e9 l&rsquo;information. \u00ab\u00a0Je n&rsquo;ai pas d&rsquo;informations me permettant de confirmer son d\u00e9c\u00e8s ou non\u00a0\u00bb, a-t-il expliqu\u00e9. \u00ab\u00a0Nous avons pris connaissance des articles et notre poste diplomatique \u00e0 Kiev est parti aux nouvelles\u00a0\u00bb, a indiqu\u00e9 Jean-No\u00ebl Barrot, avant de rendre hommage \u00e0 l&rsquo;ambassade fran\u00e7aise sur place et aux attach\u00e9s de d\u00e9fense pr\u00e9sents en Ukraine.<\/p>\n<blockquote class=\"twitter-tweet\" data-width=\"550\" data-dnt=\"true\">\n<p lang=\"fr\" dir=\"ltr\">Je comprends les r\u00e9serves du ministre <a href=\"https:\/\/twitter.com\/jnbarrot?ref_src=twsrc%5Etfw\" target=\"_blank\" rel=\"noopener\">@jnbarrot<\/a> apr\u00e8s la mort d\u2019Eirik, mon ami tu\u00e9 en Ukraine par les russes.<\/p>\n<p>Mais je salue le courage de ceux qui en parlent.<\/p>\n<p>Merci aux m\u00e9dias qui ne d\u00e9tournent pas le regard.<\/p>\n<p>Son combat pour la libert\u00e9 ne sera pas oubli\u00e9. <a href=\"https:\/\/t.co\/BHxb0JRxgw\">pic.twitter.com\/BHxb0JRxgw<\/a><\/p>\n<p>\u2014 Andre\u00ef Valentin VAITOVICH (@andreivaitovich) <a href=\"https:\/\/twitter.com\/andreivaitovich\/status\/1931292810654703667?ref_src=twsrc%5Etfw\" target=\"_blank\" rel=\"noopener\">June 7, 2025<\/a><\/p><\/blockquote>\n<p>    <script async src=\"https:\/\/platform.twitter.com\/widgets.js\" charset=\"utf-8\"><\/script><\/p>\n","protected":false},"excerpt":{"rendered":"@RTL \/ X @andreivaitovich Eirik Coursier, originaire de Bron, engag\u00e9 volontaire dans une unit\u00e9 ukrainienne, serait tomb\u00e9 au&hellip;\n","protected":false},"author":2,"featured_media":159842,"comment_status":"","ping_status":"","sticky":false,"template":"","format":"standard","meta":{"footnotes":""},"categories":[1889],"tags":[1111,11,2430,1777,674,1011,27,1146,6256,2121,2428,12,316,25],"class_list":{"0":"post-159841","1":"post","2":"type-post","3":"status-publish","4":"format-standard","5":"has-post-thumbnail","7":"category-lyon","8":"tag-actu","9":"tag-actualites","10":"tag-auvergne-rhone-alpes","11":"tag-eu","12":"tag-europe","13":"tag-fr","14":"tag-france","15":"tag-guerre","16":"tag-guerre-ukraine","17":"tag-jean-noel-barrot","18":"tag-lyon","19":"tag-news","20":"tag-politique","21":"tag-republique-francaise"},"share_on_mastodon":{"url":"https:\/\/pubeurope.com\/@fr\/114645341595852370","error":""},"_links":{"self":[{"href":"https:\/\/www.europesays.com\/fr\/wp-json\/wp\/v2\/posts\/159841","targetHints":{"allow":["GET"]}}],"collection":[{"href":"https:\/\/www.europesays.com\/fr\/wp-json\/wp\/v2\/posts"}],"about":[{"href":"https:\/\/www.europesays.com\/fr\/wp-json\/wp\/v2\/types\/post"}],"author":[{"embeddable":true,"href":"https:\/\/www.europesays.com\/fr\/wp-json\/wp\/v2\/users\/2"}],"replies":[{"embeddable":true,"href":"https:\/\/www.europesays.com\/fr\/wp-json\/wp\/v2\/comments?post=159841"}],"version-history":[{"count":0,"href":"https:\/\/www.europesays.com\/fr\/wp-json\/wp\/v2\/posts\/159841\/revisions"}],"wp:featuredmedia":[{"embeddable":true,"href":"https:\/\/www.europesays.com\/fr\/wp-json\/wp\/v2\/media\/159842"}],"wp:attachment":[{"href":"https:\/\/www.europesays.com\/fr\/wp-json\/wp\/v2\/media?parent=159841"}],"wp:term":[{"taxonomy":"category","embeddable":true,"href":"https:\/\/www.europesays.com\/fr\/wp-json\/wp\/v2\/categories?post=159841"},{"taxonomy":"post_tag","embeddable":true,"href":"https:\/\/www.europesays.com\/fr\/wp-json\/wp\/v2\/tags?post=159841"}],"curies":[{"name":"wp","href":"https:\/\/api.w.org\/{rel}","templated":true}]}}