{"id":159843,"date":"2025-06-08T02:17:14","date_gmt":"2025-06-08T02:17:14","guid":{"rendered":"https:\/\/www.europesays.com\/fr\/159843\/"},"modified":"2025-06-08T02:17:14","modified_gmt":"2025-06-08T02:17:14","slug":"deux-nouvelles-boutiques-pralus-vont-prochainement-ouvrir","status":"publish","type":"post","link":"https:\/\/www.europesays.com\/fr\/159843\/","title":{"rendered":"deux nouvelles boutiques Pralus vont prochainement ouvrir"},"content":{"rendered":"<p itemprop=\"description\"><strong><strong>Villeurbanne et le 6e arrondissement de Lyon vont bient\u00f4t accueillir le chocolatier p\u00e2tissier Fran\u00e7ois Pralus.<\/strong><\/strong><\/p>\n<p style=\"text-align:start\">Le c\u00e9l\u00e8bre chocolatier p\u00e2tissier originaire de Roanne, Fran\u00e7ois Pralus, n\u2019en finit plus de faire des heureux \u00e0 Lyon.<\/p>\n<p style=\"text-align:start\">Actuellement, il poss\u00e8de quatre boutiques au sein de la capitale des Gaules\u00a0: \u00e0 Montplaisir (Lyon 8e), au Vieux Lyon (Lyon 5e), \u00e0 la Croix-Rousse (Lyon 4e) et sur la Presqu\u2019\u00eele (Lyon 2e). Deux autres sont situ\u00e9es dans la m\u00e9tropole, \u00e0 Tassin-la-Demi-Lune et \u00e0 Oullins Pierre B\u00e9nite. <\/p>\n<p style=\"text-align:start\">D\u2019apr\u00e8s les derni\u00e8res informations de nos confr\u00e8res de <a href=\"https:\/\/tribunedelyon.fr\/restaurants-gastronomie\/exclusif-pralus-ouvre-deux-nouvelles-boutiques\/\" target=\"_blank\" rel=\"noopener\">Tribune de Lyon<\/a>, Fran\u00e7ois Pralus devrait ouvrir deux nouvelles boutiques dans l\u2019agglom\u00e9ration lyonnaise. La premi\u00e8re remplacerait l\u2019ancien magasin de lingerie Cupidon, au 26 cours Vitton dans le 6e arrondissement. Les travaux auraient d\u2019ailleurs commenc\u00e9 la semaine derni\u00e8re et devraient s\u2019achever d&rsquo;ici quelques semaines.<\/p>\n<p style=\"text-align:start\">La seconde s\u2019implanterait \u00e0 Villeurbanne d\u00e8s la rentr\u00e9e prochaine. De quoi laisser les r\u00e9sidents de ces quartiers profiter des cr\u00e9ations, et notamment la c\u00e9l\u00e8bre praluline, de celui qui a \u00e9t\u00e9 d\u00e9cor\u00e9 de l\u2019Ordre national du M\u00e9rite en 2021.<\/p>\n","protected":false},"excerpt":{"rendered":"Villeurbanne et le 6e arrondissement de Lyon vont bient\u00f4t accueillir le chocolatier p\u00e2tissier Fran\u00e7ois Pralus. Le c\u00e9l\u00e8bre chocolatier&hellip;\n","protected":false},"author":2,"featured_media":159844,"comment_status":"","ping_status":"","sticky":false,"template":"","format":"standard","meta":{"footnotes":""},"categories":[1889],"tags":[1111,11,2813,2190,2430,1109,251,1112,2811,1777,674,118,1011,27,1922,1110,1114,2428,2810,12,241,316,25,2812,517,800],"class_list":{"0":"post-159843","1":"post","2":"type-post","3":"status-publish","4":"format-standard","5":"has-post-thumbnail","7":"category-lyon","8":"tag-actu","9":"tag-actualites","10":"tag-article","11":"tag-asvel","12":"tag-auvergne-rhone-alpes","13":"tag-breves","14":"tag-culture","15":"tag-depeches","16":"tag-economique","17":"tag-eu","18":"tag-europe","19":"tag-faits-divers","20":"tag-fr","21":"tag-france","22":"tag-info","23":"tag-informations","24":"tag-infos","25":"tag-lyon","26":"tag-lyonmag","27":"tag-news","28":"tag-ol","29":"tag-politique","30":"tag-republique-francaise","31":"tag-sociale","32":"tag-sport","33":"tag-transports"},"share_on_mastodon":{"url":"https:\/\/pubeurope.com\/@fr\/114645345439803800","error":""},"_links":{"self":[{"href":"https:\/\/www.europesays.com\/fr\/wp-json\/wp\/v2\/posts\/159843","targetHints":{"allow":["GET"]}}],"collection":[{"href":"https:\/\/www.europesays.com\/fr\/wp-json\/wp\/v2\/posts"}],"about":[{"href":"https:\/\/www.europesays.com\/fr\/wp-json\/wp\/v2\/types\/post"}],"author":[{"embeddable":true,"href":"https:\/\/www.europesays.com\/fr\/wp-json\/wp\/v2\/users\/2"}],"replies":[{"embeddable":true,"href":"https:\/\/www.europesays.com\/fr\/wp-json\/wp\/v2\/comments?post=159843"}],"version-history":[{"count":0,"href":"https:\/\/www.europesays.com\/fr\/wp-json\/wp\/v2\/posts\/159843\/revisions"}],"wp:featuredmedia":[{"embeddable":true,"href":"https:\/\/www.europesays.com\/fr\/wp-json\/wp\/v2\/media\/159844"}],"wp:attachment":[{"href":"https:\/\/www.europesays.com\/fr\/wp-json\/wp\/v2\/media?parent=159843"}],"wp:term":[{"taxonomy":"category","embeddable":true,"href":"https:\/\/www.europesays.com\/fr\/wp-json\/wp\/v2\/categories?post=159843"},{"taxonomy":"post_tag","embeddable":true,"href":"https:\/\/www.europesays.com\/fr\/wp-json\/wp\/v2\/tags?post=159843"}],"curies":[{"name":"wp","href":"https:\/\/api.w.org\/{rel}","templated":true}]}}