{"id":159847,"date":"2025-06-08T02:21:15","date_gmt":"2025-06-08T02:21:15","guid":{"rendered":"https:\/\/www.europesays.com\/fr\/159847\/"},"modified":"2025-06-08T02:21:15","modified_gmt":"2025-06-08T02:21:15","slug":"lenseignante-qui-avait-frappe-une-eleve-de-3-ans-suspendue-un-an-sans-paie","status":"publish","type":"post","link":"https:\/\/www.europesays.com\/fr\/159847\/","title":{"rendered":"L\u2019enseignante qui avait frapp\u00e9 une \u00e9l\u00e8ve de 3 ans suspendue un an sans paie"},"content":{"rendered":"<p>Les images de <a href=\"https:\/\/www.20minutes.fr\/dossier\/professeur\" class=\"color-ultramarine c-link\" target=\"_blank\" rel=\"noopener\">l\u2019institutrice <\/a>de 52 ans frappant une enfant de 3 ans avaient suscit\u00e9 un \u00e9moi national. L\u2019enseignante, <a href=\"https:\/\/www.20minutes.fr\/societe\/4140084-20250221-paris-quatre-mois-requis-contre-enseignante-frappe-eleve-3-ans\" class=\"color-ultramarine c-link\" target=\"_blank\" rel=\"noopener\">condamn\u00e9e en f\u00e9vrier \u00e0 une amende,<\/a> a \u00e9t\u00e9 suspendue un an sans versement de salaire par le rectorat, a annonc\u00e9 ce samedi son avocat. \u00ab\u00a0Cette sanction est extr\u00eamement lourde et disproportionn\u00e9e\u00a0\u00bb, a estim\u00e9 Me Laurent Hazan, confirmant une information du <a href=\"https:\/\/www.leparisien.fr\/societe\/paris-un-an-de-suspension-pour-lenseignante-qui-avait-frappe-une-eleve-de-maternelle-07-06-2025-KY3GGTIW2JDNJGNP7N4WQMYN6U.php\" rel=\"nofollow noopener\" target=\"_blank\" class=\"color-ultramarine c-link\">Parisien<\/a>.<\/p>\n<p>Sa cliente, qui a re\u00e7u d\u00e9but mai une sanction administrative de deux ans de suspension, dont un avec sursis, sans traitement, a d\u00e9pos\u00e9 un recours \u00ab\u00a0gracieux et hi\u00e9rarchique\u00a0\u00bb aupr\u00e8s du rectorat et de la tutelle de ce dernier, le minist\u00e8re de<a href=\"https:\/\/www.20minutes.fr\/dossier\/education_nationale\" class=\"color-ultramarine c-link\" target=\"_blank\" rel=\"noopener\"> l\u2019Education nationale<\/a>. \u00ab\u00a0Nous esp\u00e9rons que la dur\u00e9e de cette suspension sans salaire soit r\u00e9duite. En cas d\u2019\u00e9chec, ce que nous n\u2019esp\u00e9rons pas, nous saisirons le tribunal administratif\u00a0\u00bb, a indiqu\u00e9 l\u2019avocat.<\/p>\n<p>Un violent coup dans le dos<\/p>\n<p>\u00ab\u00a0Cette sanction va \u00e0 l\u2019encontre de l\u2019enqu\u00eate interne qui pr\u00e9conisait la cl\u00e9mence et un accompagnement\u00a0\u00bb, a relev\u00e9 Me Hazan, d\u00e9fendant le parcours \u00ab\u00a0sans aucune difficult\u00e9\u00a0\u00bb de l\u2019enseignante au cours de ses 30 ans de carri\u00e8re. Suspendue \u00e0 titre provisoire depuis les faits, survenus au lendemain de la rentr\u00e9e, l\u2019enseignante n\u2019a pas exerc\u00e9 depuis. Contact\u00e9 samedi le rectorat n\u2019a pas r\u00e9pondu.<\/p>\n<p>Le 3 septembre\u00a02024, elle avait \u00e9t\u00e9 film\u00e9e par une m\u00e8re d\u2019\u00e9l\u00e8ve en train d\u2019ass\u00e9ner un <a href=\"https:\/\/www.20minutes.fr\/monde\/violences\/\" class=\"color-ultramarine c-link\" target=\"_blank\" rel=\"noopener\">violent coup au niveau du dos \u00e0 une petite fille en larmes,<\/a> dans l\u2019\u00e9cole maternelle des Fr\u00e8res Voisin situ\u00e9e dans le 15e\u00a0arrondissement de Paris. Cette sc\u00e8ne s\u2019\u00e9tait d\u00e9roul\u00e9e au lendemain d\u2019une rentr\u00e9e difficile pour cette classe de petite section de maternelle o\u00f9 \u00e9taient accueillis 29 \u00e9l\u00e8ves, certains atteints de handicap.<\/p>\n<p>Le 21 f\u00e9vrier, le tribunal correctionnel de Paris avait condamn\u00e9 la quinquag\u00e9naire \u00e0 3.000 euros d\u2019amende, dont la moiti\u00e9 avec sursis et d\u00e9cid\u00e9 de ne pas inscrire cette condamnation \u00e0 son casier judiciaire. Les juges avaient alors tenu compte de \u00ab\u00a0l\u2019intensit\u00e9 du coup port\u00e9\u00a0\u00bb, ainsi que du contexte de \u00ab\u00a0forte pression\u00a0\u00bb pesant sur l\u2019institutrice, et du fait qu\u2019il s\u2019agissait d\u2019un \u00ab\u00a0fait isol\u00e9\u00a0\u00bb.<\/p>\n","protected":false},"excerpt":{"rendered":"Les images de l\u2019institutrice de 52 ans frappant une enfant de 3 ans avaient suscit\u00e9 un \u00e9moi national.&hellip;\n","protected":false},"author":2,"featured_media":159848,"comment_status":"","ping_status":"","sticky":false,"template":"","format":"standard","meta":{"footnotes":""},"categories":[1888],"tags":[1111,1928,47,11,1927,847,1777,674,118,658,1011,27,662,19232,12,1926,626,1925,25,809],"class_list":{"0":"post-159847","1":"post","2":"type-post","3":"status-publish","4":"format-standard","5":"has-post-thumbnail","7":"category-paris","8":"tag-actu","9":"tag-actu-paris","10":"tag-actualite","11":"tag-actualites","12":"tag-actualites-paris","13":"tag-enfant","14":"tag-eu","15":"tag-europe","16":"tag-faits-divers","17":"tag-faits-divers-paris","18":"tag-fr","19":"tag-france","20":"tag-ile-de-france","21":"tag-maltraitance","22":"tag-news","23":"tag-news-paris","24":"tag-paris","25":"tag-paris-news","26":"tag-republique-francaise","27":"tag-violence"},"share_on_mastodon":{"url":"https:\/\/pubeurope.com\/@fr\/114645361152822571","error":""},"_links":{"self":[{"href":"https:\/\/www.europesays.com\/fr\/wp-json\/wp\/v2\/posts\/159847","targetHints":{"allow":["GET"]}}],"collection":[{"href":"https:\/\/www.europesays.com\/fr\/wp-json\/wp\/v2\/posts"}],"about":[{"href":"https:\/\/www.europesays.com\/fr\/wp-json\/wp\/v2\/types\/post"}],"author":[{"embeddable":true,"href":"https:\/\/www.europesays.com\/fr\/wp-json\/wp\/v2\/users\/2"}],"replies":[{"embeddable":true,"href":"https:\/\/www.europesays.com\/fr\/wp-json\/wp\/v2\/comments?post=159847"}],"version-history":[{"count":0,"href":"https:\/\/www.europesays.com\/fr\/wp-json\/wp\/v2\/posts\/159847\/revisions"}],"wp:featuredmedia":[{"embeddable":true,"href":"https:\/\/www.europesays.com\/fr\/wp-json\/wp\/v2\/media\/159848"}],"wp:attachment":[{"href":"https:\/\/www.europesays.com\/fr\/wp-json\/wp\/v2\/media?parent=159847"}],"wp:term":[{"taxonomy":"category","embeddable":true,"href":"https:\/\/www.europesays.com\/fr\/wp-json\/wp\/v2\/categories?post=159847"},{"taxonomy":"post_tag","embeddable":true,"href":"https:\/\/www.europesays.com\/fr\/wp-json\/wp\/v2\/tags?post=159847"}],"curies":[{"name":"wp","href":"https:\/\/api.w.org\/{rel}","templated":true}]}}