{"id":159849,"date":"2025-06-08T02:22:16","date_gmt":"2025-06-08T02:22:16","guid":{"rendered":"https:\/\/www.europesays.com\/fr\/159849\/"},"modified":"2025-06-08T02:22:16","modified_gmt":"2025-06-08T02:22:16","slug":"la-perte-dun-fils-ne-vaut-pas-cher-85-000-euros-pour-la-famille-de-jeremy-mort-sur-un-chantier-a-pantin","status":"publish","type":"post","link":"https:\/\/www.europesays.com\/fr\/159849\/","title":{"rendered":"\u00ab\u00a0La perte d\u2019un fils ne vaut pas cher\u00a0\u00bb\u00a0: 85\u00a0000\u00a0euros pour la famille de J\u00e9r\u00e9my, mort sur un chantier \u00e0 Pantin"},"content":{"rendered":"<p class=\"col subheadline margin_bottom_subheadline widescreen-12 desktop-10\">Le tribunal civil de Nanterre a accord\u00e9 35\u00a0000\u00a0euros de dommages et int\u00e9r\u00eats \u00e0 chacun des parents et 15\u00a0000\u00a0euros \u00e0 une grand-m\u00e8re de J\u00e9r\u00e9my Wasson. Celui-ci est mort dans un accident du travail lors d\u2019un stage en Seine-Saint-Denis, il y a cinq ans. L\u2019entreprise, jug\u00e9e coupable, avait \u00e9t\u00e9 condamn\u00e9e \u00e0 verser 240\u00a0000\u00a0euros d\u2019amende \u00e0 l\u2019\u00c9tat.<\/p>\n<p>Par <a href=\"https:\/\/www.leparisien.fr\/auteur\/nathalie-revenu\/\" class=\"author_link\" rel=\"nofollow noopener\" target=\"_blank\">Nathalie Revenu<\/a>\u00a0<\/p>\n<p>Le 7 juin 2025 \u00e0 10h31<\/p>\n","protected":false},"excerpt":{"rendered":"Le tribunal civil de Nanterre a accord\u00e9 35\u00a0000\u00a0euros de dommages et int\u00e9r\u00eats \u00e0 chacun des parents et 15\u00a0000\u00a0euros&hellip;\n","protected":false},"author":2,"featured_media":159850,"comment_status":"","ping_status":"","sticky":false,"template":"","format":"standard","meta":{"footnotes":""},"categories":[1888],"tags":[11,1777,674,118,1011,27,1944,12,626,25,1945],"class_list":{"0":"post-159849","1":"post","2":"type-post","3":"status-publish","4":"format-standard","5":"has-post-thumbnail","7":"category-paris","8":"tag-actualites","9":"tag-eu","10":"tag-europe","11":"tag-faits-divers","12":"tag-fr","13":"tag-france","14":"tag-ma-ville","15":"tag-news","16":"tag-paris","17":"tag-republique-francaise","18":"tag-seine-saint-denis"},"share_on_mastodon":{"url":"https:\/\/pubeurope.com\/@fr\/114645365204938648","error":""},"_links":{"self":[{"href":"https:\/\/www.europesays.com\/fr\/wp-json\/wp\/v2\/posts\/159849","targetHints":{"allow":["GET"]}}],"collection":[{"href":"https:\/\/www.europesays.com\/fr\/wp-json\/wp\/v2\/posts"}],"about":[{"href":"https:\/\/www.europesays.com\/fr\/wp-json\/wp\/v2\/types\/post"}],"author":[{"embeddable":true,"href":"https:\/\/www.europesays.com\/fr\/wp-json\/wp\/v2\/users\/2"}],"replies":[{"embeddable":true,"href":"https:\/\/www.europesays.com\/fr\/wp-json\/wp\/v2\/comments?post=159849"}],"version-history":[{"count":0,"href":"https:\/\/www.europesays.com\/fr\/wp-json\/wp\/v2\/posts\/159849\/revisions"}],"wp:featuredmedia":[{"embeddable":true,"href":"https:\/\/www.europesays.com\/fr\/wp-json\/wp\/v2\/media\/159850"}],"wp:attachment":[{"href":"https:\/\/www.europesays.com\/fr\/wp-json\/wp\/v2\/media?parent=159849"}],"wp:term":[{"taxonomy":"category","embeddable":true,"href":"https:\/\/www.europesays.com\/fr\/wp-json\/wp\/v2\/categories?post=159849"},{"taxonomy":"post_tag","embeddable":true,"href":"https:\/\/www.europesays.com\/fr\/wp-json\/wp\/v2\/tags?post=159849"}],"curies":[{"name":"wp","href":"https:\/\/api.w.org\/{rel}","templated":true}]}}