{"id":159861,"date":"2025-06-08T02:28:19","date_gmt":"2025-06-08T02:28:19","guid":{"rendered":"https:\/\/www.europesays.com\/fr\/159861\/"},"modified":"2025-06-08T02:28:19","modified_gmt":"2025-06-08T02:28:19","slug":"lallemagne-en-demi-finale-pour-les-bleues","status":"publish","type":"post","link":"https:\/\/www.europesays.com\/fr\/159861\/","title":{"rendered":"L&rsquo;Allemagne en demi-finale pour les Bleues"},"content":{"rendered":"<p>                                                              <img data-twic-src=\"https:\/\/www.europesays.com\/fr\/wp-content\/uploads\/2025\/06\/8719dc1ac796de9e538e4f46e648b620.png\" data-credit=\"Andres GONGORA \/ PRESSINPHOTO \/ ICON SPORT\" title=\"Andres GONGORA \/ PRESSINPHOTO \/ ICON SPORT\" alt=\"Ligue des nations f\u00e9minine troph\u00e9e\" class=\"block\"\/>                                        <\/p>\n<p style=\"font-weight: bold\">L&rsquo;\u00c9quipe de France f\u00e9minine sera oppos\u00e9e \u00e0 l&rsquo;Allemagne en demi-finale de l&rsquo;\u00e9dition 2025 de la Ligue des Nations. Matches aller\/retour \u00e0 la fin du mois d&rsquo;octobre.<\/p>\n<p>Apr\u00e8s une phase de groupe parfaite en signant six victoires en autant de rencontres, Sandy Baltimore et ses co\u00e9quipi\u00e8res attendaient de savoir qui elles allaient affronter dans le dernier carr\u00e9. Le tirage au sort de la phase finale de la Ligue des Nations de l&rsquo;UEFA 2025 a eu lieu ce vendredi 6 juin au si\u00e8ge de l&rsquo;UEFA \u00e0 Nyon. En pr\u00e9sence de leur s\u00e9lectionneur Laurent Bonadei, les Bleues, finalistes de l&rsquo;\u00e9dition 2024, ont d\u00e9couvert leur adversaire pour la demi-finale. Les Tricolores affronteront l&rsquo;Allemagne avec un premier match \u00e0 l&rsquo;ext\u00e9rieur avant de l&rsquo;accueillir \u00e0 Caen.\u00a0<\/p>\n<p><img decoding=\"async\" src=\"https:\/\/www.europesays.com\/fr\/wp-content\/uploads\/2025\/06\/ae67aa5dbe2c43b201549d677c3e3a00.jpeg\" alt=\"\"\/><br \/>En match pour la troisi\u00e8me place ou en finale, les Bleues accueilleront le match aller avant d&rsquo;aller en Su\u00e8de ou en Espagne (Photo FFF).<\/p>\n<p>\u00a0LA R\u00c9ACTION DU S\u00c9LECTIONNEUR\u00a0<br \/>Laurent Bonadei : \u00ab Toutes les \u00e9quipes sont redoutables \u00bb<\/p>\n<p>\u00ab On tombe face \u00e0 l\u2019Allemagne, cette fois dans un format aller-retour. Ce sera donc int\u00e9ressant d\u2019observer cette confrontation. L\u2019Allemagne r\u00e9alise un tr\u00e8s beau parcours dans sa poule. C\u2019est la meilleure attaque avec 26 buts inscrits, et la deuxi\u00e8me meilleure d\u00e9fense avec seulement 4 buts conc\u00e9d\u00e9s, si je ne me trompe pas. Une \u00e9quipe tr\u00e8s solide, donc. Le fait qu\u2019il y ait deux rencontres change un peu la donne : ce n\u2019est pas un match \u00e0 \u00e9limination directe. Sur une double confrontation, il y a une possibilit\u00e9 de se rattraper. Mais g\u00e9n\u00e9ralement, sur deux matchs, c\u2019est l\u2019\u00e9quipe la plus forte qui l\u2019emporte.<\/p>\n<p>Concernant le tour suivant, que ce soit contre la Su\u00e8de ou l\u2019Espagne, ce sera tr\u00e8s compliqu\u00e9. Ce sont deux adversaires difficiles. Pour l&rsquo;autre demi-fianale, l\u2019Espagne aura un premier match \u00e0 domicile, ce qui reste un avantage, mais le retour en Su\u00e8de, en octobre, pourrait \u00eatre tr\u00e8s d\u00e9licat. Le climat pourrait jouer en faveur des Su\u00e9dois. Chaque match sera compliqu\u00e9, et toutes les \u00e9quipes \u00e0 ce stade sont redoutables. \u00bb<\/p>\n<p><img decoding=\"async\" src=\"https:\/\/www.europesays.com\/fr\/wp-content\/uploads\/2025\/06\/6e18e84b0d644198a477fe72cefa09c9.jpeg\" alt=\"\"\/><br \/>Christian W\u00fcck, s\u00e9lectionneur de l&rsquo;Allemagne, avec Laurent Bonadei autour du troph\u00e9e de la Ligue des Nations (Photo FFF).<\/p>\n<p>Calendrier de la phase finale de la Ligue des Nations 2025<\/p>\n<p style=\"text-align: left;\"><strong>Demi-finales aller : <\/strong><\/p>\n<p style=\"text-align: left;\">Vendredi 24 octobre<\/p>\n<ul>\n<li>Allemagne-<strong>France<\/strong><\/li>\n<li>Su\u00e8de-Espagne<\/li>\n<\/ul>\n<p><strong>Demi-finales retour :\u00a0<\/strong><\/p>\n<p>Mardi 28 octobre<\/p>\n<ul>\n<li><strong>France<\/strong>-Allemagne (Stade Michel-d&rsquo;Ornano \u00e0 Caen)<\/li>\n<li>Espagne-Su\u00e8de<\/li>\n<\/ul>\n<p>\u00a0<\/p>\n<p><strong>Finale\/troisi\u00e8me place aller :<\/strong><\/p>\n<p>Vendredi 28 novembre<\/p>\n<ul>\n<li>Allemagne ou <strong>France<\/strong> &#8211; Su\u00e8de ou Espagne (Match des Bleues au stade Auguste-Delaune \u00e0 Reims)<\/li>\n<\/ul>\n<p><strong>Finale\/troisi\u00e8me place retour<\/strong> <strong>:<\/strong><\/p>\n<p>Mardi 2 d\u00e9cembre<\/p>\n<ul>\n<li>Su\u00e8de ou Espagne &#8211; Allemagne ou <strong>France<\/strong><\/li>\n<\/ul>\n","protected":false},"excerpt":{"rendered":"L&rsquo;\u00c9quipe de France f\u00e9minine sera oppos\u00e9e \u00e0 l&rsquo;Allemagne en demi-finale de l&rsquo;\u00e9dition 2025 de la Ligue des Nations.&hellip;\n","protected":false},"author":2,"featured_media":159862,"comment_status":"","ping_status":"","sticky":false,"template":"","format":"standard","meta":{"footnotes":""},"categories":[1587],"tags":[11,672,1804,1805,1803,1777,674,85,1801,12,1802],"class_list":{"0":"post-159861","1":"post","2":"type-post","3":"status-publish","4":"format-standard","5":"has-post-thumbnail","7":"category-allemagne","8":"tag-actualites","9":"tag-allemagne","10":"tag-bundesrepublik-deutschland","11":"tag-de","12":"tag-deutschland","13":"tag-eu","14":"tag-europe","15":"tag-fff","16":"tag-germany","17":"tag-news","18":"tag-republique-federale-dallemagne"},"share_on_mastodon":{"url":"https:\/\/pubeurope.com\/@fr\/114645388719617219","error":""},"_links":{"self":[{"href":"https:\/\/www.europesays.com\/fr\/wp-json\/wp\/v2\/posts\/159861","targetHints":{"allow":["GET"]}}],"collection":[{"href":"https:\/\/www.europesays.com\/fr\/wp-json\/wp\/v2\/posts"}],"about":[{"href":"https:\/\/www.europesays.com\/fr\/wp-json\/wp\/v2\/types\/post"}],"author":[{"embeddable":true,"href":"https:\/\/www.europesays.com\/fr\/wp-json\/wp\/v2\/users\/2"}],"replies":[{"embeddable":true,"href":"https:\/\/www.europesays.com\/fr\/wp-json\/wp\/v2\/comments?post=159861"}],"version-history":[{"count":0,"href":"https:\/\/www.europesays.com\/fr\/wp-json\/wp\/v2\/posts\/159861\/revisions"}],"wp:featuredmedia":[{"embeddable":true,"href":"https:\/\/www.europesays.com\/fr\/wp-json\/wp\/v2\/media\/159862"}],"wp:attachment":[{"href":"https:\/\/www.europesays.com\/fr\/wp-json\/wp\/v2\/media?parent=159861"}],"wp:term":[{"taxonomy":"category","embeddable":true,"href":"https:\/\/www.europesays.com\/fr\/wp-json\/wp\/v2\/categories?post=159861"},{"taxonomy":"post_tag","embeddable":true,"href":"https:\/\/www.europesays.com\/fr\/wp-json\/wp\/v2\/tags?post=159861"}],"curies":[{"name":"wp","href":"https:\/\/api.w.org\/{rel}","templated":true}]}}