{"id":159865,"date":"2025-06-08T02:30:10","date_gmt":"2025-06-08T02:30:10","guid":{"rendered":"https:\/\/www.europesays.com\/fr\/159865\/"},"modified":"2025-06-08T02:30:10","modified_gmt":"2025-06-08T02:30:10","slug":"il-ny-a-pas-deconomie-bleue-sans-un-ocean-en-bonne-sante-alerte-cet-eurodepute-socialiste","status":"publish","type":"post","link":"https:\/\/www.europesays.com\/fr\/159865\/","title":{"rendered":"\u00ab\u00a0Il n\u2019y a pas d\u2019\u00e9conomie bleue sans un oc\u00e9an en bonne sant\u00e9\u00a0\u00bb, alerte cet eurod\u00e9put\u00e9 socialiste"},"content":{"rendered":"<p>Plus de 70 chefs d\u2019Etat et de gouvernement sont attendus \u00e0 Nice pour la 3e conf\u00e9rence de l\u2019Organisation des Nations Unies sur les oc\u00e9ans, qui se tient du 9 au 13 juin.<\/p>\n<p>Un sommet avec beaucoup d\u2019enjeux puisque les oc\u00e9ans sont les poumons bleus de notre plan\u00e8te. Ils couvrent 71\u00a0% de la surface du globe et absorbent pr\u00e8s de 30\u00a0% du CO2 mondial.<\/p>\n<p>Et malgr\u00e9 leur r\u00f4le vital, ils subissent une pression croissante. 8 millions de tonnes de plastique y sont d\u00e9vers\u00e9es chaque ann\u00e9e. 34\u00a0% des stocks de poissons sont surexploit\u00e9s et seulement 3\u00a0% des oc\u00e9ans b\u00e9n\u00e9ficient d\u2019une protection stricte.<\/p>\n<p>Face \u00e0 cette urgence, l\u2019Union europ\u00e9enne va d\u00e9fendre lors de ce sommet un Pacte europ\u00e9en pour les oc\u00e9ans. \u00ab\u00a0Le but central de ce pacte est de restaurer nos oc\u00e9ans. Et notre strat\u00e9gie comprend 6 piliers\u00a0: la science, la protection active, la gouvernance internationale, la lutte contre les pollutions, une \u00e9conomie bleue durable et la s\u00e9curit\u00e9\u00a0\u00bb, explique Genevi\u00e8ve Pons, directive g\u00e9n\u00e9rale de l\u2019Institut Jacques Delors, et membre de la Mission europ\u00e9enne \u00ab\u00a0Restaurer nos oc\u00e9ans\u00a0\u00bb, \u00e0 l\u2019origine de ce pacte, interrog\u00e9e dans l\u2019\u00e9mission Ici l\u2019Europe, sur France 24, LCP et Public S\u00e9nat.<\/p>\n<p>30% d\u2019aires marines prot\u00e9g\u00e9es en 2030<\/p>\n<p>D\u2019ici \u00e0 2030, l\u2019Union europ\u00e9enne se fixe un objectif : 30\u00a0% d\u2019aires marines prot\u00e9g\u00e9es dans ses eaux maritimes alors qu\u2019elle en abrite 12\u00a0% actuellement et 10% d\u2019aires marines tr\u00e8s prot\u00e9g\u00e9es, sans activit\u00e9s humaines. Une loi sur les oc\u00e9ans sera soumise aux eurod\u00e9put\u00e9s d\u2019ici \u00e0 2027.<\/p>\n<p>\u00ab\u00a0On est tr\u00e8s en retard. Mais il y a une prise de conscience qu\u2019il n\u2019y a pas d\u2019\u00e9conomie bleue sans un oc\u00e9an en bonne sant\u00e9. Il faut maintenant passer \u00e0 l\u2019action et r\u00e9aliser cet objectif des 30% d\u2019aires marines prot\u00e9g\u00e9es\u00a0\u00bb, explique Christophe Clergeau, eurod\u00e9put\u00e9 socialiste et pr\u00e9sident de l\u2019intergroupe du Parlement europ\u00e9en sur la mer. \u00ab\u00a0Comme la sant\u00e9 des oc\u00e9ans se d\u00e9grade, les perspectives \u00e9conomiques de la p\u00eache et autres activit\u00e9s sont en danger.\u00a0\u00bb<\/p>\n<p>Limiter la p\u00eache au chalut<\/p>\n<p>Mais il existe encore certains paradoxes, alors qu\u2019en 2020, 60% des aires marines prot\u00e9g\u00e9es abritaient une activit\u00e9 intense de p\u00eache au chalut (filet qui racle les fonds marins), une pratique \u00e0 fort impact sur les \u00e9cosyst\u00e8mes marins. \u00ab\u00a0Il faut donner aux p\u00eacheurs qui actuellement pratiquent le chalutage la possibilit\u00e9 de transformer leurs m\u00e9thodes de p\u00eache\u00a0\u00bb, explique Genevi\u00e8ve Pons. \u00ab\u00a0\u00c7a prendra du temps, mais il faut le faire et retenir quelque chose de tr\u00e8s important. Et \u00e7a a \u00e9t\u00e9 prouv\u00e9 partout dans le monde. Si vous prot\u00e9gez une zone, vous allez la voir se r\u00e9g\u00e9n\u00e9rer tr\u00e8s rapidement les stocks de poissons et la p\u00eache autour de cette zone sera beaucoup plus profitable. Donc il y a vraiment un int\u00e9r\u00eat commun de la protection et de la p\u00eache \u00e0 avoir des zones marines.\u00a0\u00bb En 2023, l\u2019Union europ\u00e9enne avait d\u00e9cid\u00e9 d\u2019interdire le chalutage dans les profondeurs sup\u00e9rieures \u00e0 800 m\u00e8tres.<\/p>\n<p>Dans le Pacte que la Commission europ\u00e9enne d\u00e9fendra \u00e0 Nice, l\u2019UE pr\u00e9voit de renforcer la lutte contre la p\u00eache ill\u00e9gale. Pour les importations de poissons dans l\u2019UE, un syst\u00e8me de certification num\u00e9rique des captures (IT Catch) devient obligatoire en janvier 2026.<\/p>\n<p>Freiner Donald Trump dans sa course aux minerais des fonds marins<\/p>\n<p>Autre enjeu de ce sommet des Nations Unies, renforcer la gouvernance internationale de la haute mer pour prot\u00e9ger les oc\u00e9ans alors que les Etats-Unis de Donald Trump, qui boycotte l\u2019\u00e9v\u00e9nement, viennent d\u2019autoriser l\u2019exploitation mini\u00e8re dans les grands fonds marins, malgr\u00e9 le moratoire sur cette activit\u00e9 sign\u00e9 par de nombreux pays.<\/p>\n<p>\u00ab\u00a0Aller gratter les grands fonds marins pour obtenir les nodules polym\u00e9talliques cela fait r\u00eaver tout le monde mais il faut s\u2019inqui\u00e9ter d\u2019une telle activit\u00e9 car toutes les donn\u00e9es scientifiques montrent pour le moment que cela va faire des d\u00e9g\u00e2ts consid\u00e9rables sur l\u2019\u00e9cosyst\u00e8me marin\u00a0\u00bb, explique Genevi\u00e8ve Pons. \u00ab\u00a0Cela va lib\u00e9rer le dioxyde de carbone qui y \u00e9tait emprisonn\u00e9, la colonne d\u2019eau va devenir beaucoup plus opaque, et la biodiversit\u00e9 va \u00eatre menac\u00e9e.\u00a0\u00bb<\/p>\n<p>Du c\u00f4t\u00e9 de la droite europ\u00e9enne, on ne s\u2019interdit pas \u00e0 long-terme une telle exploration mini\u00e8re, cruciale pour la comp\u00e9titivit\u00e9 \u00e9conomique mondiale. \u00ab Le moratoire sur ces activit\u00e9s mini\u00e8res est une bonne chose et il faut attendre davantage de donn\u00e9es scientifiques pour savoir si on peut avancer dans cette voie \u00bb, estime l\u2019eurod\u00e9put\u00e9 portugais Paolo Do Nascimento Cabral, membre du groupe du Parti populaire europ\u00e9en au Parlement, et vice-pr\u00e9sident de l\u2019intergroupe parlementaire sur la mer.<\/p>\n<p>Son coll\u00e8gue socialiste Christophe Clergeau d\u00e9fend, lui, \u00ab\u00a0une interdiction totale car ce serait une folie d\u2019aller piller le fond des oc\u00e9ans. Il y a beaucoup mieux \u00e0 faire. Utilisons les mers en lien avec les p\u00eacheurs pour d\u00e9velopper la production des \u00e9nergies vertes. En Europe, on aura de l\u2019\u00e9nergie verte produite en Europe, des emplois et une nouvelle fili\u00e8re industrielle en Europe. \u00c7a sera du gagnant-gagnant pour tout le monde.\u00a0\u00bb<\/p>\n","protected":false},"excerpt":{"rendered":"Plus de 70 chefs d\u2019Etat et de gouvernement sont attendus \u00e0 Nice pour la 3e conf\u00e9rence de l\u2019Organisation&hellip;\n","protected":false},"author":2,"featured_media":159866,"comment_status":"","ping_status":"","sticky":false,"template":"","format":"standard","meta":{"footnotes":""},"categories":[1586],"tags":[11,51,1777,674,1779,1011,27,12,12517,4838,25,1778,364],"class_list":{"0":"post-159865","1":"post","2":"type-post","3":"status-publish","4":"format-standard","5":"has-post-thumbnail","7":"category-europe","8":"tag-actualites","9":"tag-ecologie","10":"tag-eu","11":"tag-europe","12":"tag-european-union","13":"tag-fr","14":"tag-france","15":"tag-news","16":"tag-ocean","17":"tag-peche","18":"tag-republique-francaise","19":"tag-ue","20":"tag-union-europeenne"},"share_on_mastodon":{"url":"https:\/\/pubeurope.com\/@fr\/114645396982016890","error":""},"_links":{"self":[{"href":"https:\/\/www.europesays.com\/fr\/wp-json\/wp\/v2\/posts\/159865","targetHints":{"allow":["GET"]}}],"collection":[{"href":"https:\/\/www.europesays.com\/fr\/wp-json\/wp\/v2\/posts"}],"about":[{"href":"https:\/\/www.europesays.com\/fr\/wp-json\/wp\/v2\/types\/post"}],"author":[{"embeddable":true,"href":"https:\/\/www.europesays.com\/fr\/wp-json\/wp\/v2\/users\/2"}],"replies":[{"embeddable":true,"href":"https:\/\/www.europesays.com\/fr\/wp-json\/wp\/v2\/comments?post=159865"}],"version-history":[{"count":0,"href":"https:\/\/www.europesays.com\/fr\/wp-json\/wp\/v2\/posts\/159865\/revisions"}],"wp:featuredmedia":[{"embeddable":true,"href":"https:\/\/www.europesays.com\/fr\/wp-json\/wp\/v2\/media\/159866"}],"wp:attachment":[{"href":"https:\/\/www.europesays.com\/fr\/wp-json\/wp\/v2\/media?parent=159865"}],"wp:term":[{"taxonomy":"category","embeddable":true,"href":"https:\/\/www.europesays.com\/fr\/wp-json\/wp\/v2\/categories?post=159865"},{"taxonomy":"post_tag","embeddable":true,"href":"https:\/\/www.europesays.com\/fr\/wp-json\/wp\/v2\/tags?post=159865"}],"curies":[{"name":"wp","href":"https:\/\/api.w.org\/{rel}","templated":true}]}}