{"id":159869,"date":"2025-06-08T02:32:11","date_gmt":"2025-06-08T02:32:11","guid":{"rendered":"https:\/\/www.europesays.com\/fr\/159869\/"},"modified":"2025-06-08T02:32:11","modified_gmt":"2025-06-08T02:32:11","slug":"donnarumma-enrage-cest-inacceptable","status":"publish","type":"post","link":"https:\/\/www.europesays.com\/fr\/159869\/","title":{"rendered":"Donnarumma enrage \u00ab\u00a0c&rsquo;est inacceptable\u00a0\u00bb"},"content":{"rendered":"<p><strong>Gianluigi Donnarumma, gardien de 26 ans du Paris Saint-Germain et de l\u2019Italie, \u00e9tait au micro de Rai Sport apr\u00e8s la d\u00e9faite 3-0 contre la Norv\u00e8ge avec sa s\u00e9lection dans le cadre des \u00e9liminatoires de la Coupe du Monde 2026. Le capitaine n\u2019a pas cach\u00e9 sa col\u00e8re.<\/strong><\/p>\n<p>Donnarumma \u00ab\u00a0Chacun doit faire son mea-culpa. Nous devons \u00eatre plus unis.\u00a0\u00bb<\/p>\n<blockquote>\n<p>\u00ab Je n\u2019ai pas d\u2019explications. Nos supporters ne m\u00e9ritent pas ce genre de match. Nous devons faire notre examen de conscience. C\u2019est une d\u00e9faite inacceptable. C\u2019est difficile de parler, nous devons simplement travailler parce que nous voulons aller \u00e0 la Coupe du monde.<\/p>\n<p> Nous avons beaucoup de qualit\u00e9, de jeunes joueurs forts. Nous devons faire beaucoup plus, en termes d\u2019agressivit\u00e9 et de rythme. J\u2019ai confiance en eux. Chacun doit faire son mea-culpa. Nous devons \u00eatre plus unis. \u00bb,\u00a0propos relay\u00e9s par\u00a0Le Parisien.<\/p>\n<\/blockquote>\n<p>Le capitaine italien \u00e9tait logiquement tr\u00e8s m\u00e9content apr\u00e8s ce terrible d\u00e9but dans la campagne de la qualification. Surtout que la Norv\u00e8ge a deux matchs d\u2019avance, avec 2 victoires. De quoi mettre la pression \u00e0 l\u2019Italie, toujours dans une p\u00e9riode trouble.<\/p>\n<p>Il faudra une vraie r\u00e9action collective pour \u00e9viter une nouvelle tourmente. On souhaite \u00e0 Donnarumma que la suite soit plus r\u00e9jouissante. Surtout qu\u2019il a toujours une certaine pression sur les \u00e9paules.<\/p>\n<p>\t\t\t\t\t\t\t\t\t\t\t\t\t\t\t\t\t\t\t\t\t\t\t<img loading=\"lazy\" src=\"https:\/\/www.europesays.com\/fr\/wp-content\/uploads\/2025\/04\/ParisFans_Logo.png\" decoding=\"async\" class=\"lazyload\" width=\"240\" height=\"54\" data-eio-rwidth=\"240\" data-eio-rheight=\"54\"\/><\/p>\n","protected":false},"excerpt":{"rendered":"Gianluigi Donnarumma, gardien de 26 ans du Paris Saint-Germain et de l\u2019Italie, \u00e9tait au micro de Rai Sport&hellip;\n","protected":false},"author":2,"featured_media":159870,"comment_status":"","ping_status":"","sticky":false,"template":"","format":"standard","meta":{"footnotes":""},"categories":[2],"tags":[11,1011,27,10528,12,29140,25],"class_list":{"0":"post-159869","1":"post","2":"type-post","3":"status-publish","4":"format-standard","5":"has-post-thumbnail","7":"category-actualites","8":"tag-actualites","9":"tag-fr","10":"tag-france","11":"tag-gianluigi-donnarumma","12":"tag-news","13":"tag-norvege-italie","14":"tag-republique-francaise"},"share_on_mastodon":{"url":"https:\/\/pubeurope.com\/@fr\/114645404442079480","error":""},"_links":{"self":[{"href":"https:\/\/www.europesays.com\/fr\/wp-json\/wp\/v2\/posts\/159869","targetHints":{"allow":["GET"]}}],"collection":[{"href":"https:\/\/www.europesays.com\/fr\/wp-json\/wp\/v2\/posts"}],"about":[{"href":"https:\/\/www.europesays.com\/fr\/wp-json\/wp\/v2\/types\/post"}],"author":[{"embeddable":true,"href":"https:\/\/www.europesays.com\/fr\/wp-json\/wp\/v2\/users\/2"}],"replies":[{"embeddable":true,"href":"https:\/\/www.europesays.com\/fr\/wp-json\/wp\/v2\/comments?post=159869"}],"version-history":[{"count":0,"href":"https:\/\/www.europesays.com\/fr\/wp-json\/wp\/v2\/posts\/159869\/revisions"}],"wp:featuredmedia":[{"embeddable":true,"href":"https:\/\/www.europesays.com\/fr\/wp-json\/wp\/v2\/media\/159870"}],"wp:attachment":[{"href":"https:\/\/www.europesays.com\/fr\/wp-json\/wp\/v2\/media?parent=159869"}],"wp:term":[{"taxonomy":"category","embeddable":true,"href":"https:\/\/www.europesays.com\/fr\/wp-json\/wp\/v2\/categories?post=159869"},{"taxonomy":"post_tag","embeddable":true,"href":"https:\/\/www.europesays.com\/fr\/wp-json\/wp\/v2\/tags?post=159869"}],"curies":[{"name":"wp","href":"https:\/\/api.w.org\/{rel}","templated":true}]}}