{"id":159879,"date":"2025-06-08T02:39:10","date_gmt":"2025-06-08T02:39:10","guid":{"rendered":"https:\/\/www.europesays.com\/fr\/159879\/"},"modified":"2025-06-08T02:39:10","modified_gmt":"2025-06-08T02:39:10","slug":"brad-binder-denonce-les-dangers-de-la-grille-du-motogp-daragon-dans-une-sortie-enflammee","status":"publish","type":"post","link":"https:\/\/www.europesays.com\/fr\/159879\/","title":{"rendered":"Brad Binder d\u00e9nonce les dangers de la grille du MotoGP d&rsquo;Aragon dans une sortie enflamm\u00e9e."},"content":{"rendered":"<p>Brad Binder, le pilote de MotoGP, a d\u00e9clench\u00e9 une temp\u00eate de critiques concernant les conditions de d\u00e9part dangereuses sur le circuit d\u2019Aragon. Apr\u00e8s une performance d\u00e9cevante lors de la Sprint samedi, Binder n\u2019a pas m\u00e2ch\u00e9 ses mots, qualifiant les conditions de la grille de \u00ab\u00a0f*cking dangerous\u00a0\u00bb.  <\/p>\n<p>La piste de MotorLand avait \u00e9t\u00e9 r\u00e9nov\u00e9e avant le MotoGP d\u2019Aragon 2024, provoquant des d\u00e9fis inattendus pour des pilotes comme Francesco Bagnaia et Binder lui-m\u00eame. Binder, partant de la sixi\u00e8me position sur la grille, a fait face \u00e0 un cauchemar similaire aux difficult\u00e9s rencontr\u00e9es par Bagnaia depuis le m\u00eame c\u00f4t\u00e9 de la grille.  <\/p>\n<p>Binder a exprim\u00e9 ses pr\u00e9occupations concernant les dangers li\u00e9s aux diff\u00e9rences de vitesse significatives entre les pilotes approchant le premier virage. Le pilote sud-africain a soulign\u00e9 la n\u00e9cessit\u00e9 d\u2019une action imm\u00e9diate pour rem\u00e9dier aux conditions tra\u00eetresses, d\u00e9clarant : \u00ab\u00a0C\u2019est tellement risqu\u00e9.\u00a0\u00bb  <\/p>\n<p>Malgr\u00e9 une position de qualification solide, les espoirs de Binder ont \u00e9t\u00e9 an\u00e9antis par un mauvais d\u00e9part, menant \u00e0 une exp\u00e9rience de course frustrante. Il a mis en avant les difficult\u00e9s de gestion de la moto sur la surface glissante de la piste, soulignant la n\u00e9cessit\u00e9 d\u2019am\u00e9liorations pour \u00e9viter de tels revers \u00e0 l\u2019avenir.  <\/p>\n<p>Le co\u00e9quipier de Binder, Pedro Acosta, a fait \u00e9cho \u00e0 ses sentiments, soulignant les dangers des conditions de la grille \u00e0 Aragon. Acosta a mis en avant la n\u00e9cessit\u00e9 de mesures pour nettoyer la grille ou permettre aux \u00e9quipes de pr\u00e9parer leurs emplacements pour un d\u00e9part plus s\u00fbr, compte tenu des risques pos\u00e9s par la surface sale de la piste.  <\/p>\n<p>La propre course d\u2019Acosta \u00e0 Aragon a rencontr\u00e9 des d\u00e9fis avec les temp\u00e9ratures des pneus avant mais a abouti \u00e0 une honorable cinqui\u00e8me place. Malgr\u00e9 les obstacles rencontr\u00e9s pendant la course, Acosta est rest\u00e9 optimiste quant \u00e0 sa performance et \u00e0 son potentiel pour le prochain Grand Prix.  <\/p>\n<p>Binder et Acosta ont tous deux appel\u00e9 \u00e0 une action imm\u00e9diate pour traiter les pr\u00e9occupations de s\u00e9curit\u00e9 sur le circuit d\u2019Aragon, soulignant la n\u00e9cessit\u00e9 d\u2019am\u00e9liorations pour garantir un environnement de course plus s\u00fbr et plus \u00e9quitable. Alors qu\u2019ils se pr\u00e9parent pour la prochaine course, les pilotes restent optimistes quant \u00e0 une exp\u00e9rience meilleure et plus fluide sur la piste.<\/p>\n","protected":false},"excerpt":{"rendered":"Brad Binder, le pilote de MotoGP, a d\u00e9clench\u00e9 une temp\u00eate de critiques concernant les conditions de d\u00e9part dangereuses&hellip;\n","protected":false},"author":2,"featured_media":159880,"comment_status":"","ping_status":"","sticky":false,"template":"","format":"standard","meta":{"footnotes":""},"categories":[1413],"tags":[3376,1011,27,1457,1456,60],"class_list":{"0":"post-159879","1":"post","2":"type-post","3":"status-publish","4":"format-standard","5":"has-post-thumbnail","7":"category-moto","8":"tag-brad-binder","9":"tag-fr","10":"tag-france","11":"tag-moto","12":"tag-motocycle","13":"tag-sports"},"share_on_mastodon":{"url":"https:\/\/pubeurope.com\/@fr\/114645431995849077","error":""},"_links":{"self":[{"href":"https:\/\/www.europesays.com\/fr\/wp-json\/wp\/v2\/posts\/159879","targetHints":{"allow":["GET"]}}],"collection":[{"href":"https:\/\/www.europesays.com\/fr\/wp-json\/wp\/v2\/posts"}],"about":[{"href":"https:\/\/www.europesays.com\/fr\/wp-json\/wp\/v2\/types\/post"}],"author":[{"embeddable":true,"href":"https:\/\/www.europesays.com\/fr\/wp-json\/wp\/v2\/users\/2"}],"replies":[{"embeddable":true,"href":"https:\/\/www.europesays.com\/fr\/wp-json\/wp\/v2\/comments?post=159879"}],"version-history":[{"count":0,"href":"https:\/\/www.europesays.com\/fr\/wp-json\/wp\/v2\/posts\/159879\/revisions"}],"wp:featuredmedia":[{"embeddable":true,"href":"https:\/\/www.europesays.com\/fr\/wp-json\/wp\/v2\/media\/159880"}],"wp:attachment":[{"href":"https:\/\/www.europesays.com\/fr\/wp-json\/wp\/v2\/media?parent=159879"}],"wp:term":[{"taxonomy":"category","embeddable":true,"href":"https:\/\/www.europesays.com\/fr\/wp-json\/wp\/v2\/categories?post=159879"},{"taxonomy":"post_tag","embeddable":true,"href":"https:\/\/www.europesays.com\/fr\/wp-json\/wp\/v2\/tags?post=159879"}],"curies":[{"name":"wp","href":"https:\/\/api.w.org\/{rel}","templated":true}]}}