{"id":159893,"date":"2025-06-08T02:46:10","date_gmt":"2025-06-08T02:46:10","guid":{"rendered":"https:\/\/www.europesays.com\/fr\/159893\/"},"modified":"2025-06-08T02:46:10","modified_gmt":"2025-06-08T02:46:10","slug":"une-bonne-experience-quand-meme","status":"publish","type":"post","link":"https:\/\/www.europesays.com\/fr\/159893\/","title":{"rendered":"Une bonne exp\u00e9rience quand m\u00eame"},"content":{"rendered":"<p>\u00catre parents, ce n\u2019est pas facile tous les jours\u2026 Alors comment faire lorsque l\u2019on a le sentiment d\u2019avoir perdu le mode d\u2019emploi\u00a0? Quand les parents d\u00e9missionnent\u00a0? Quand on a l\u2019impression qu\u2019il n\u2019y a plus de solution\u00a0? Comment restaurer l\u2019harmonie et retrouver le sourire\u00a0? Pour y rem\u00e9dier\u00a0: Super Nanny\u00a0!<\/p>\n<p>Entre le 30\u00a0novembre et le 6\u00a0d\u00e9cembre 2024, Super Nanny, incarn\u00e9e par Sylvie Jenaly, est venue en aide \u00e0 une famille de Villiersfaux, pr\u00e8s de Vend\u00f4me, confront\u00e9e \u00e0 des d\u00e9fis quotidiens avec ses enfants.\u00a0Morgane et Yoann ont quatre filles, dont les naissances sont espac\u00e9es de moins de cinq ans\u00a0: Cataleya, l\u2019a\u00een\u00e9e de 5\u00a0ans, Thessa et Lexia, jumelles de 4\u00a0ans, et Giulia, 5 mois.<\/p>\n<p>\u00ab\u00a0Nous avons \u00e9t\u00e9 contact\u00e9s, via les r\u00e9seaux sociaux, se rem\u00e9more la m\u00e8re de famille. Au d\u00e9part, je n\u2019y croyais pas.\u00a0\u00bb Le couple n\u2019\u00e9tait pas fan absolu de l\u2019\u00e9mission, mais la regardait de temps \u00e0 autre, \u00e0 l\u2019\u00e9poque o\u00f9\u00a0Cathy Sarra\u00ef \u2013 d\u00e9c\u00e9d\u00e9e du cancer depuis \u2013, incarnait Super Nanny&#8230;. <\/p>\n<p>    Cet article a \u00e9t\u00e9 tronqu\u00e9. Abonnez-vous pour lire l&rsquo;article complet sur notre site.<\/p>\n<p style=\"margin: 0 !important; padding: 0 !important; font-size: 12px !important;\">Cet article a \u00e9t\u00e9 tronqu\u00e9. Abonnez-vous pour lire l&rsquo;article complet.<\/p>\n<p>    <a href=\"https:\/\/www.lanouvellerepublique.fr\/abonnements\" style=\"display: inline-block; margin-top: 5px !important; padding: 6px 12px !important; background: #cb1c27; color: white; text-decoration: none; border-radius: 4px; font-size: 12px !important;\" target=\"_blank\" rel=\"noopener\"><br \/>\n      S&rsquo;abonner<br \/>\n    <\/a><\/p>\n","protected":false},"excerpt":{"rendered":"\u00catre parents, ce n\u2019est pas facile tous les jours\u2026 Alors comment faire lorsque l\u2019on a le sentiment d\u2019avoir&hellip;\n","protected":false},"author":2,"featured_media":159894,"comment_status":"","ping_status":"","sticky":false,"template":"","format":"standard","meta":{"footnotes":""},"categories":[1356],"tags":[1392,3469,58,59,652,1011,27,4368,1393,29142,6197,252,1364],"class_list":{"0":"post-159893","1":"post","2":"type-post","3":"status-publish","4":"format-standard","5":"has-post-thumbnail","7":"category-television","8":"tag-a-la-une-local","9":"tag-blois","10":"tag-divertissement","11":"tag-entertainment","12":"tag-famille","13":"tag-fr","14":"tag-france","15":"tag-loir-et-cher","16":"tag-loisirs","17":"tag-nos-vies-de-parents","18":"tag-parentalite","19":"tag-television","20":"tag-tv"},"share_on_mastodon":{"url":"https:\/\/pubeurope.com\/@fr\/114645459547129482","error":""},"_links":{"self":[{"href":"https:\/\/www.europesays.com\/fr\/wp-json\/wp\/v2\/posts\/159893","targetHints":{"allow":["GET"]}}],"collection":[{"href":"https:\/\/www.europesays.com\/fr\/wp-json\/wp\/v2\/posts"}],"about":[{"href":"https:\/\/www.europesays.com\/fr\/wp-json\/wp\/v2\/types\/post"}],"author":[{"embeddable":true,"href":"https:\/\/www.europesays.com\/fr\/wp-json\/wp\/v2\/users\/2"}],"replies":[{"embeddable":true,"href":"https:\/\/www.europesays.com\/fr\/wp-json\/wp\/v2\/comments?post=159893"}],"version-history":[{"count":0,"href":"https:\/\/www.europesays.com\/fr\/wp-json\/wp\/v2\/posts\/159893\/revisions"}],"wp:featuredmedia":[{"embeddable":true,"href":"https:\/\/www.europesays.com\/fr\/wp-json\/wp\/v2\/media\/159894"}],"wp:attachment":[{"href":"https:\/\/www.europesays.com\/fr\/wp-json\/wp\/v2\/media?parent=159893"}],"wp:term":[{"taxonomy":"category","embeddable":true,"href":"https:\/\/www.europesays.com\/fr\/wp-json\/wp\/v2\/categories?post=159893"},{"taxonomy":"post_tag","embeddable":true,"href":"https:\/\/www.europesays.com\/fr\/wp-json\/wp\/v2\/tags?post=159893"}],"curies":[{"name":"wp","href":"https:\/\/api.w.org\/{rel}","templated":true}]}}