{"id":159895,"date":"2025-06-08T02:47:16","date_gmt":"2025-06-08T02:47:16","guid":{"rendered":"https:\/\/www.europesays.com\/fr\/159895\/"},"modified":"2025-06-08T02:47:16","modified_gmt":"2025-06-08T02:47:16","slug":"michel-polnareff-je-ne-me-suis-pas-cache-derriere-les-arrangements-de-lalbum-rts-ch","status":"publish","type":"post","link":"https:\/\/www.europesays.com\/fr\/159895\/","title":{"rendered":"Michel Polnareff: \u00ab\u00a0Je ne me suis pas cach\u00e9 derri\u00e8re les arrangements de l&rsquo;album\u00a0\u00bb &#8211; rts.ch"},"content":{"rendered":"<p>Dans la foul\u00e9e de son r\u00e9cent onzi\u00e8me album intitul\u00e9 \u00ab\u00a0Un temps pour elles\u00a0\u00bb en partie instrumental, Michel Polnareff se produira au Festival Sion sous les \u00e9toiles le 15 juillet. Avec toujours autant de trac et de responsabilit\u00e9, confesse le chanteur et pianiste pop fran\u00e7ais \u00e0 la RTS.<\/p>\n<p>A pr\u00e8s de 81 ans, Michel Polnareff parle de sexe et sort un clip o\u00f9 il se clone et se fantasme gr\u00e2ce \u00e0 l\u2019intelligence artificielle. Dans la chanson \u00ab\u00a0Sexcetera\u00a0\u00bb de son dernier album tr\u00e8s instrumental baptis\u00e9 \u00ab\u00a0Un temps pour elles\u00a0\u00bb, le chanteur fran\u00e7ais joue la provocation tendance, engag\u00e9e et un peu m\u00e9galo.<\/p>\n<p>Du Polnareff tout crach\u00e9 en somme: \u00ab\u00a0C&rsquo;est un titre important. Cela se passe entre moi et moi. Depuis toujours je suis pour la libert\u00e9 sexuelle. Tout le monde a droit de faire ce qu&rsquo;il veut\u00a0\u00bb, a estim\u00e9 le chanteur dans le 19h30 du 23 mai.<\/p>\n<p>\u00ab\u00a0Un temps pour elles\u00a0\u00bb, son onzi\u00e8me album d\u00e9clin\u00e9 au f\u00e9minin pluriel, semble sonner \u00e0 la fois comme le reflet et la prolongation de la carri\u00e8re de Polnareff. \u00ab\u00a0Oui c&rsquo;est possible, j&rsquo;ai mis beaucoup de moi dedans, je ne me suis pas cach\u00e9 derri\u00e8re les arrangements, je suis devant. \u00c7a a \u00e9t\u00e9 un exercice de style assez intemporel, ce que sont beaucoup de mes chansons gr\u00e2ce \u00e0 un public de grand go\u00fbt\u00a0\u00bb, indique aussi Michel Polnareff dans l&rsquo;\u00e9mission Le grand soir du 28 mai.<\/p>\n<p><strong class=\"inline-title\">&gt;&gt; A lire aussi\u00a0: <\/strong><a href=\"https:\/\/www.rts.ch\/info\/culture\/musiques\/2025\/article\/michel-polnareff-revient-avec-un-temps-pour-elles-album-dedie-aux-femmes-de-sa-vie-28873725.html\" data-item-id=\"richtext_link\" target=\"_blank\" rel=\"noopener\">Michel Polnareff revient avec \u00ab\u00a0Un temps pour elles\u00a0\u00bb, album d\u00e9di\u00e9 aux femmes de sa vie<\/a><\/p>\n<p>Evocations du v\u00e9cu de Polnareff<\/p>\n<p>L&rsquo;amour, qui reste le th\u00e8me de pr\u00e9dilection du pianiste et m\u00e9lodiste depuis ses d\u00e9buts en 1966 avec l&rsquo;album\u00a0\u00ab\u00a0Love Me, Please Love Me\u00a0\u00bb, irrigue \u00ab\u00a0Un temps pour elles\u00a0\u00bb. Le chanteur perfectionniste y \u00e9voque son v\u00e9cu, des passages difficiles de sa vie intime, d&rsquo;amour d\u00e9truit, de regrets, mais aussi d&rsquo;espoir. La figure d&rsquo;Annie Fargue (ndlr: sa compagne durant vingt ans avant de devenir son agente et son amie) semble m\u00eame planer sur toutes les chansons: \u00ab\u00a0Elle a \u00e9t\u00e9 une femme tr\u00e8s importante dans ma vie. \u00c7a a \u00e9t\u00e9 quelque part une reproduction d&rsquo;une maman que je n&rsquo;avais pas eue. Mais l&rsquo;album &lsquo;Un temps pour elles&rsquo; tout comme la chanson &lsquo;Un temps pour elle&rsquo; au singulier ne lui sont pas destin\u00e9s\u00a0\u00bb, pr\u00e9cise Michel Polnareff.<\/p>\n<p>Annie Fargue a aussi \u00e9t\u00e9 com\u00e9dienne puis productrice des com\u00e9dies musicales \u00ab\u00a0Hair\u00a0\u00bb et \u00ab\u00a0J\u00e9sus Christ Superstar\u00a0\u00bb en France notamment. Elle a fait \u00e9merger des artistes comme Dave et Daniel Auteuil. Et a beaucoup fait pour la carri\u00e8re du musicien Michel Polnareff qui ne voulait pas \u00eatre chanteur pop et dont l&rsquo;exil californien a forg\u00e9 le mythe, avant son retour \u00e0 la sc\u00e8ne en francophonie en 2007.<\/p>\n<p>Le trac d&rsquo;avant-concert<\/p>\n<p>Celui qui a connu le succ\u00e8s instantan\u00e9 en 1966 avec \u00ab\u00a0La poup\u00e9e qui fait non\u00a0\u00bb au creux de la vague y\u00e9-y\u00e9, avant une succession de tubes (\u00ab\u00a0Le bal des Laze\u00a0\u00bb en 1968 ou \u00ab\u00a0On ira tous au paradis\u00a0\u00bb en 1972) et des premi\u00e8res parties de Claude Fran\u00e7ois ou des Beach Boys, a repris go\u00fbt depuis aux concerts: \u00ab\u00a0J&rsquo;adore la sc\u00e8ne. J&rsquo;adore le contact avec le public. Durant ma derni\u00e8re tourn\u00e9e, un truc qui m&rsquo;a responsabilis\u00e9 est qu&rsquo;au sortir de la sc\u00e8ne, le public ne me disait pas bravo, mais merci. Et \u00e7a m&rsquo;a beaucoup touch\u00e9 et responsabilis\u00e9\u00a0\u00bb, d\u00e9taille Michel Polnareff qui confie toutefois avoir toujours autant le trac avant un live.<\/p>\n<p>Comme si pour l&rsquo;octog\u00e9naire les \u00ab\u00a0ann\u00e9es d&rsquo;esclavage\u00a0\u00bb v\u00e9cues \u00e0 ses d\u00e9buts d\u00e9crites dans son autobiographie \u00ab\u00a0Polnareff par Polnareff\u00a0\u00bb (Grasset, 2004) \u00e9taient d\u00e9sormais enfin tr\u00e8s loin. \u00ab\u00a0En r\u00e9alit\u00e9, chaque disque \u00e9tait un fl\u00e9au, chaque tourn\u00e9e un calvaire. Mais il fallait que \u00e7a paraisse facile [\u2026] Les artistes doivent sentir la paillette, pas la sueur\u00a0\u00bb, y ass\u00e9nait-il notamment.\u00a0<\/p>\n<p class=\"sources\">Sujet et interview TV: Adeline Percept<\/p>\n<p class=\"credit\">Interview radio: Pascal Schouwey<\/p>\n<p class=\"credit\">Adaptation web: Olivier Horner<\/p>\n<p class=\"article-footnote\">Michel Polnareff en concert au Festival Sion sous les \u00e9toiles, le 15 juillet 2025.<\/p>\n","protected":false},"excerpt":{"rendered":"Dans la foul\u00e9e de son r\u00e9cent onzi\u00e8me album intitul\u00e9 \u00ab\u00a0Un temps pour elles\u00a0\u00bb en partie instrumental, Michel Polnareff&hellip;\n","protected":false},"author":2,"featured_media":159896,"comment_status":"","ping_status":"","sticky":false,"template":"","format":"standard","meta":{"footnotes":""},"categories":[1355],"tags":[1692,29143,1693,1695,1696,58,59,14723,849,1011,27,223,1743,1361,873,1698,29144,767,1969,8619,8620],"class_list":{"0":"post-159895","1":"post","2":"type-post","3":"status-publish","4":"format-standard","5":"has-post-thumbnail","7":"category-musique","8":"tag-album","9":"tag-arrangement","10":"tag-arts-et-divertissement","11":"tag-chanson","12":"tag-chanteur","13":"tag-divertissement","14":"tag-entertainment","15":"tag-etoile","16":"tag-festival","17":"tag-fr","18":"tag-france","19":"tag-intelligence-artificielle","20":"tag-michel-polnareff","21":"tag-music","22":"tag-musique","23":"tag-musiques","24":"tag-pianiste","25":"tag-science-et-technologie","26":"tag-style","27":"tag-technologie-de-linformation-et-informatique","28":"tag-technologie-et-ingenierie"},"share_on_mastodon":{"url":"https:\/\/pubeurope.com\/@fr\/114645463464442581","error":""},"_links":{"self":[{"href":"https:\/\/www.europesays.com\/fr\/wp-json\/wp\/v2\/posts\/159895","targetHints":{"allow":["GET"]}}],"collection":[{"href":"https:\/\/www.europesays.com\/fr\/wp-json\/wp\/v2\/posts"}],"about":[{"href":"https:\/\/www.europesays.com\/fr\/wp-json\/wp\/v2\/types\/post"}],"author":[{"embeddable":true,"href":"https:\/\/www.europesays.com\/fr\/wp-json\/wp\/v2\/users\/2"}],"replies":[{"embeddable":true,"href":"https:\/\/www.europesays.com\/fr\/wp-json\/wp\/v2\/comments?post=159895"}],"version-history":[{"count":0,"href":"https:\/\/www.europesays.com\/fr\/wp-json\/wp\/v2\/posts\/159895\/revisions"}],"wp:featuredmedia":[{"embeddable":true,"href":"https:\/\/www.europesays.com\/fr\/wp-json\/wp\/v2\/media\/159896"}],"wp:attachment":[{"href":"https:\/\/www.europesays.com\/fr\/wp-json\/wp\/v2\/media?parent=159895"}],"wp:term":[{"taxonomy":"category","embeddable":true,"href":"https:\/\/www.europesays.com\/fr\/wp-json\/wp\/v2\/categories?post=159895"},{"taxonomy":"post_tag","embeddable":true,"href":"https:\/\/www.europesays.com\/fr\/wp-json\/wp\/v2\/tags?post=159895"}],"curies":[{"name":"wp","href":"https:\/\/api.w.org\/{rel}","templated":true}]}}