{"id":159903,"date":"2025-06-08T02:51:10","date_gmt":"2025-06-08T02:51:10","guid":{"rendered":"https:\/\/www.europesays.com\/fr\/159903\/"},"modified":"2025-06-08T02:51:10","modified_gmt":"2025-06-08T02:51:10","slug":"kamel-ouali-se-confie-sur-sa-paternite-et-revele-etre-pere-de-quatre-enfants","status":"publish","type":"post","link":"https:\/\/www.europesays.com\/fr\/159903\/","title":{"rendered":"Kamel Ouali se confie sur sa paternit\u00e9 et r\u00e9v\u00e8le \u00eatre p\u00e8re de quatre enfants"},"content":{"rendered":"<p>Le danseur et chor\u00e9graphe, connu entre autres dans la \u00abStar Academy\u00bb et pour sa com\u00e9die musicale Le Roi Soleil, s\u2019est laiss\u00e9 aller \u00e0 quelques confidences sur sa vie de famille face \u00e0 Isabelle Ithurburu.<\/p>\n<p class=\"fig-paragraph\">Il a marqu\u00e9 les ann\u00e9es 2000 pour sa place de professeur de danse intransigeant dans le programme \u00abStar Academy\u00bb. Le chor\u00e9graphe\u00a0<a href=\"https:\/\/www.lefigaro.fr\/tag\/kamel-ouali\" target=\"_blank\" rel=\"noopener nofollow\" data-gtm-custom-categorie=\"navigation\" data-gtm-custom-action=\"crossclick\" data-gtm-custom-label=\"Contextuel\" data-gtm-event=\"customEventSPE\"><strong>Kamel Ouali<\/strong><\/a> \u00a0&#8211; qui a \u00e9galement brill\u00e9 avec sa troupe du Paradis Latin et la com\u00e9die musicale du Roi Soleil &#8211; revient sur le devant de la sc\u00e8ne avec le retour du spectacle ayant r\u00e9v\u00e9l\u00e9 Emmanuel Moire. Il \u00e9tait le portrait de la semaine choisi par Isabelle Ithurburu dans \u00ab50\u2019Inside\u00bb.<\/p>\n<p class=\"fig-paragraph\">Et ces huit ann\u00e9es \u00e0 \u0153uvrer \u00e0 la\u00a0<a href=\"http:\/\/tvmag.lefigaro.fr\/programme-tv\/people\/c-est-parti-d-une-vanne-marine-star-academy-relate-l-origine-de-sa-chanson-avec-eddy-de-pretto-20250607\" target=\"_blank\" data-fig-type=\"Article\" rel=\"noopener nofollow\" data-gtm-custom-categorie=\"navigation\" data-gtm-custom-action=\"crossclick\" data-gtm-custom-label=\"Contextuel\" data-gtm-event=\"customEventSPE\" data-fig-domain=\"TVMAG\">\u00abStar Academy\u00bb<\/a>\u00a0sont rest\u00e9es marqu\u00e9es pour Kamel Ouali. \u00c0 tel point qu\u2019il n\u2019a pas h\u00e9sit\u00e9 longtemps \u00e0 revenir, le temps d\u2019une semaine, lorsque le programme a fait son grand retour plus de vingt ans apr\u00e8s. \u00abC\u2019\u00e9tait chouette, j\u2019ai ador\u00e9. Pour moi je retourne \u00e0 la maison. Comme je leur ai dit aux nouveaux\u00a0: \u201cvous \u00eates dans ma maison\u201d\u00bb, a-t-il plaisant\u00e9 avant d\u2019ajouter\u00a0: \u00ab\u00c0 chaque fois je suis tellement bien accueilli.\u00bb<\/p>\n<p class=\"fig-body-link\">\n            \u00c0 lire aussi<br \/>\n        <a class=\"fig-body-link__link\" href=\"http:\/\/tvmag.lefigaro.fr\/programme-tv\/actu-tele\/allez-oust-il-est-desesperant-les-internautes-s-insurgent-de-la-notation-de-kamel-ouali-dans-dals-20250329\" target=\"_blank\" data-fig-type=\"Article\" rel=\"noopener nofollow\" data-gtm-custom-categorie=\"navigation\" data-gtm-custom-action=\"crossclick\" data-gtm-custom-label=\"Contextuel\" data-gtm-event=\"customEventSPE\" data-fig-domain=\"TVMAG\">\u00abAllez oust\u00bb, \u00abIl est d\u00e9sesp\u00e9rant\u00bb\u00a0: les internautes s\u2019insurgent de la notation de Kamel Ouali dans \u00abDALS\u00bb<br \/>\n    <\/a>\n<\/p>\n<p class=\"fig-paragraph\">Mais la convivialit\u00e9 n\u2019est pas le seul moteur du chor\u00e9graphe. Il a \u00e9galement ce besoin de transmission qu\u2019il ressent tant dans sa vie professionnelle que priv\u00e9e. En effet, Kamel Ouali &#8211; particuli\u00e8rement pudique lorsqu\u2019il s\u2019agit de sa famille &#8211; a cr\u00e9\u00e9 la surprise en mai 2021 puis en janvier 2024 en pr\u00e9sentant successivement son fils Rock et sa fille France via des clich\u00e9s sur les r\u00e9seaux sociaux. \u00abLa paternit\u00e9 a toujours \u00e9t\u00e9 dans ma t\u00eate. Depuis gamin, je ne pouvais pas concevoir ma vie sans avoir d\u2019enfant. Et si j\u2019ai communiqu\u00e9 sur eux en mettant une photo de dos, on ne les voit pas, c\u2019est parce que j\u2019ai \u00e9t\u00e9 shoot\u00e9 par les paparazzis. Et pour contrer \u00e7a, je les ai montr\u00e9s\u00bb, s\u2019est-il justifi\u00e9.<\/p>\n<p>\u00abJe n\u2019en ai pas deux, j\u2019en ai quatre\u00bb<\/p>\n<p class=\"fig-paragraph\">Mais ce n\u2019est pas tout. Kamel Ouali a d\u00e9clar\u00e9 face \u00e0 Isabelle Ithurburu\u00a0: \u00abJe vais vous faire une confidence. Je n\u2019en ai pas deux, j\u2019en ai quatre. J\u2019ai Rock, Dante, France et Ava.\u00bb Une r\u00e9v\u00e9lation qui a pour le moins surpris la journaliste. L\u2019interview\u00e9 a ensuite communiqu\u00e9 les \u00e2ges respectifs de ses enfants. \u00abIls ont un, deux, trois et quatre ans\u00bb, a-t-il lanc\u00e9 suscitant l\u2019admiration d\u2019Isabelle Ithurburu qui n\u2019a pu s\u2019emp\u00eacher de r\u00e9agir\u00a0: \u00abMais vous \u00eates tout frais\u00a0! C\u2019est quoi le secret\u00a0?\u00bb<\/p>\n<p class=\"fig-paragraph\">Selon ses dires, le chor\u00e9graphe se r\u00e9v\u00e8le \u00eatre un v\u00e9ritable papa poule. \u00abLe secret c\u2019est beaucoup d\u2019amour. J\u2019essaye de leur donner beaucoup d\u2019amour. Je ne peux pas passer une journ\u00e9e sans leur dire que je les aime parce que je le ressens vraiment. C\u2019est presque animal. Je les renifle, je les aime d\u2019amour. D\u2019ailleurs ils le disent, ils le savent\u00bb, a-t-il d\u00e9clar\u00e9 tout en soulignant \u00eatre tr\u00e8s pr\u00e9sent dans leurs vies\u00a0: \u00abIls me donnent tellement, et je prends beaucoup de temps pour eux. Je les emm\u00e8ne \u00e0 l\u2019\u00e9cole, je vais les chercher et \u00e0 21H tout le monde fait dodo et je peux bosser jusqu\u2019\u00e0 2H du matin.\u00bb Kamel Ouali a poursuivi en livrant ce que la paternit\u00e9 lui avait appris sur lui-m\u00eame\u00a0: \u00abLa peur. C\u2019est horrible \u00e0 dire mais depuis que j\u2019ai des gamins, j\u2019ai peur mais je ne leur transmets pas. [&#8230;] J\u2019ai peur des conneries qu\u2019on entend, d\u2019un fait divers, d\u2019un enl\u00e8vement, des attouchements etc. Je leur apprends tr\u00e8s vite que leur corps leur appartient.\u00bb<\/p>\n","protected":false},"excerpt":{"rendered":"Le danseur et chor\u00e9graphe, connu entre autres dans la \u00abStar Academy\u00bb et pour sa com\u00e9die musicale Le Roi&hellip;\n","protected":false},"author":2,"featured_media":159904,"comment_status":"","ping_status":"","sticky":false,"template":"","format":"standard","meta":{"footnotes":""},"categories":[8],"tags":[497,496,499,58,59,1011,27,29150,500,504,505,495,503,502,501,498],"class_list":{"0":"post-159903","1":"post","2":"type-post","3":"status-publish","4":"format-standard","5":"has-post-thumbnail","7":"category-divertissement","8":"tag-actu-tv","9":"tag-actualite-tv","10":"tag-buzz-tv","11":"tag-divertissement","12":"tag-entertainment","13":"tag-fr","14":"tag-france","15":"tag-kamel-ouali","16":"tag-medias","17":"tag-news-tele","18":"tag-news-television","19":"tag-news-tv","20":"tag-programme-tele","21":"tag-programme-tv","22":"tag-quiz-tv","23":"tag-tv-actu"},"share_on_mastodon":{"url":"https:\/\/pubeurope.com\/@fr\/114645479460680037","error":""},"_links":{"self":[{"href":"https:\/\/www.europesays.com\/fr\/wp-json\/wp\/v2\/posts\/159903","targetHints":{"allow":["GET"]}}],"collection":[{"href":"https:\/\/www.europesays.com\/fr\/wp-json\/wp\/v2\/posts"}],"about":[{"href":"https:\/\/www.europesays.com\/fr\/wp-json\/wp\/v2\/types\/post"}],"author":[{"embeddable":true,"href":"https:\/\/www.europesays.com\/fr\/wp-json\/wp\/v2\/users\/2"}],"replies":[{"embeddable":true,"href":"https:\/\/www.europesays.com\/fr\/wp-json\/wp\/v2\/comments?post=159903"}],"version-history":[{"count":0,"href":"https:\/\/www.europesays.com\/fr\/wp-json\/wp\/v2\/posts\/159903\/revisions"}],"wp:featuredmedia":[{"embeddable":true,"href":"https:\/\/www.europesays.com\/fr\/wp-json\/wp\/v2\/media\/159904"}],"wp:attachment":[{"href":"https:\/\/www.europesays.com\/fr\/wp-json\/wp\/v2\/media?parent=159903"}],"wp:term":[{"taxonomy":"category","embeddable":true,"href":"https:\/\/www.europesays.com\/fr\/wp-json\/wp\/v2\/categories?post=159903"},{"taxonomy":"post_tag","embeddable":true,"href":"https:\/\/www.europesays.com\/fr\/wp-json\/wp\/v2\/tags?post=159903"}],"curies":[{"name":"wp","href":"https:\/\/api.w.org\/{rel}","templated":true}]}}