{"id":159907,"date":"2025-06-08T02:53:13","date_gmt":"2025-06-08T02:53:13","guid":{"rendered":"https:\/\/www.europesays.com\/fr\/159907\/"},"modified":"2025-06-08T02:53:13","modified_gmt":"2025-06-08T02:53:13","slug":"normandie-letat-sengage-financierement-pour-sauver-une-usine-de-papier-recycle-actualites","status":"publish","type":"post","link":"https:\/\/www.europesays.com\/fr\/159907\/","title":{"rendered":"Normandie: l&rsquo;Etat s&rsquo;engage financi\u00e8rement pour sauver une usine de papier recycl\u00e9 : Actualit\u00e9s"},"content":{"rendered":"<p class=\"lead \">L&rsquo;Etat s&rsquo;est engag\u00e9 financi\u00e8rement dans le projet de reprise de la papeterie normande Chapelle Darblay par le groupe Fibre Excellence, qui aurait capot\u00e9 avec ses quelque 200 emplois sans soutien de l&rsquo;ex\u00e9cutif, a-t-on appris samedi aupr\u00e8s du minist\u00e8re de l&rsquo;Economie.<\/p>\n<p class=\"lead \">\u00ab\u00a0L&rsquo;Etat a confirm\u00e9 aupr\u00e8s de Fibre excellence son engagement \u00e0 soutenir financi\u00e8rement le projet d&rsquo;usine de papeterie \u00e0 Chapelle Darblay\u00a0\u00bb, en Seine-Maritime, a d\u00e9clar\u00e9 \u00e0 l&rsquo;AFP le minist\u00e8re. Il souligne que ce soutien financier, annonc\u00e9 \u00e0 hauteur de 52 millions d&rsquo;euros, \u00ab\u00a0sera conditionn\u00e9 \u00e0 la lev\u00e9e de fonds priv\u00e9s que doit d\u00e9sormais engager Fibre Excellence\u00a0\u00bb.<\/p>\n<p class=\"lead \">Les maires socialistes de Rouen et de Grand-Couronne, o\u00f9 l&rsquo;usine est situ\u00e9e, ainsi que la CGT, ont multipli\u00e9 les interventions aupr\u00e8s du gouvernement pour faire aboutir ce projet de r\u00e9industrialisation et la cr\u00e9ation de 185 emplois directs.<\/p>\n<p class=\"lead \">Ils estimaient n\u00e9cessaire un pr\u00eat de l&rsquo;Etat de 27 millions d&rsquo;euros pour boucler le projet, port\u00e9 par Fibre Excellence, premier producteur fran\u00e7ais de p\u00e2te \u00e0 papier marchande qui a acquis le site en 2022 avec Veolia. Veolia, num\u00e9ro un mondial de l&rsquo;eau et des d\u00e9chets, s&rsquo;est engag\u00e9 de son c\u00f4t\u00e9 \u00e0 \u00ab\u00a0assurer le volet approvisionnement en papiers et cartons recycl\u00e9s du projet\u00a0\u00bb.<\/p>\n<p class=\"lead \">\u00ab\u00a0Nous sommes extr\u00eamement fiers et soulag\u00e9s. \u00c7a s&rsquo;est jou\u00e9 \u00e0 tr\u00e8s peu puisque Fibre Excellence devait sortir du projet mardi si l&rsquo;Etat n&rsquo;entrait pas au capital\u00a0\u00bb, a r\u00e9agi samedi Julien S\u00e9n\u00e9cal, syndicaliste de la CGT et ancien secr\u00e9taire du CSE de Chapelle Darblay.<\/p>\n<p class=\"lead \">\u00ab\u00a0Il manque d\u00e9sormais un financement priv\u00e9 \u00e0 hauteur de 160 millions d&rsquo;euros mais c&rsquo;est nettement plus facile \u00e0 obtenir aupr\u00e8s des banques lorsque l&rsquo;\u00c9tat est au capital. C&rsquo;est un \u00e9v\u00e9nement d\u00e9cisif et la fin d&rsquo;un combat de plus de six ans\u00a0\u00bb, s&rsquo;est-il r\u00e9joui.<\/p>\n<p class=\"lead \">Selon M. S\u00e9n\u00e9cal, la remise en activit\u00e9 du site est pr\u00e9vue \u00ab\u00a0\u00e0 l&rsquo;horizon 2028\u00a0\u00bb.<\/p>\n<p class=\"lead \">\u00ab\u00a0L&rsquo;Etat s\u2019engage, avec les \u00e9lus locaux, pour le projet d\u2019usine \u00e0 Chapelle Darblay. Ce projet d&rsquo;usine est soutenu de longue date par le territoire et les salari\u00e9s. Les soutiens publics de l&rsquo;Etat et de la m\u00e9tropole de Rouen doivent d\u00e9sormais permettre \u00e0 Fibre Excellence de lancer le projet\u00a0\u00bb, a d\u00e9clar\u00e9 Marc Ferracci, cit\u00e9 par Bercy.<\/p>\n<p class=\"lead \">\u00ab\u00a0Le travail porte ses fruits!\u00a0\u00bb, s&rsquo;est f\u00e9licit\u00e9 sur X le maire de Rouen, Nicolas Mayer-Rossignol, remerciant M. Ferracci.<\/p>\n<p class=\"small font-weight-bold text-gray3 \"> publi\u00e9 le 7 juin \u00e0 17h06, AFP<\/p>\n<p>                             Partager<\/p>\n","protected":false},"excerpt":{"rendered":"L&rsquo;Etat s&rsquo;est engag\u00e9 financi\u00e8rement dans le projet de reprise de la papeterie normande Chapelle Darblay par le groupe&hellip;\n","protected":false},"author":2,"featured_media":159908,"comment_status":"","ping_status":"","sticky":false,"template":"","format":"standard","meta":{"footnotes":""},"categories":[6],"tags":[314,35,15166,33,34,313,436,1011,27,418,693,6847],"class_list":{"0":"post-159907","1":"post","2":"type-post","3":"status-publish","4":"format-standard","5":"has-post-thumbnail","7":"category-economie","8":"tag-acquisition","9":"tag-business","10":"tag-dchets","11":"tag-economie","12":"tag-economy","13":"tag-entreprises","14":"tag-environnement","15":"tag-fr","16":"tag-france","17":"tag-gouvernement","18":"tag-industrie","19":"tag-papier"},"share_on_mastodon":{"url":"https:\/\/pubeurope.com\/@fr\/114645487110476349","error":""},"_links":{"self":[{"href":"https:\/\/www.europesays.com\/fr\/wp-json\/wp\/v2\/posts\/159907","targetHints":{"allow":["GET"]}}],"collection":[{"href":"https:\/\/www.europesays.com\/fr\/wp-json\/wp\/v2\/posts"}],"about":[{"href":"https:\/\/www.europesays.com\/fr\/wp-json\/wp\/v2\/types\/post"}],"author":[{"embeddable":true,"href":"https:\/\/www.europesays.com\/fr\/wp-json\/wp\/v2\/users\/2"}],"replies":[{"embeddable":true,"href":"https:\/\/www.europesays.com\/fr\/wp-json\/wp\/v2\/comments?post=159907"}],"version-history":[{"count":0,"href":"https:\/\/www.europesays.com\/fr\/wp-json\/wp\/v2\/posts\/159907\/revisions"}],"wp:featuredmedia":[{"embeddable":true,"href":"https:\/\/www.europesays.com\/fr\/wp-json\/wp\/v2\/media\/159908"}],"wp:attachment":[{"href":"https:\/\/www.europesays.com\/fr\/wp-json\/wp\/v2\/media?parent=159907"}],"wp:term":[{"taxonomy":"category","embeddable":true,"href":"https:\/\/www.europesays.com\/fr\/wp-json\/wp\/v2\/categories?post=159907"},{"taxonomy":"post_tag","embeddable":true,"href":"https:\/\/www.europesays.com\/fr\/wp-json\/wp\/v2\/tags?post=159907"}],"curies":[{"name":"wp","href":"https:\/\/api.w.org\/{rel}","templated":true}]}}