{"id":159926,"date":"2025-06-08T03:05:44","date_gmt":"2025-06-08T03:05:44","guid":{"rendered":"https:\/\/www.europesays.com\/fr\/159926\/"},"modified":"2025-06-08T03:05:44","modified_gmt":"2025-06-08T03:05:44","slug":"top-14-lasm-clermont-accede-aux-phases-finales-en-simposant-a-montpellier-10-23","status":"publish","type":"post","link":"https:\/\/www.europesays.com\/fr\/159926\/","title":{"rendered":"TOP 14. L&rsquo;ASM Clermont acc\u00e8de aux phases finales en s&rsquo;imposant \u00e0 Montpellier (10-23)"},"content":{"rendered":"<p>\t\t\t\t\t\t\t\t\t\t\t<img loading=\"lazy\" decoding=\"async\" width=\"1110\" title=\"TOP 14. L'ASM Clermont acc\u00e8de aux phases finales en s'imposant \u00e0 Montpellier (10-23)\" class=\"img-fluid not_lzld mb-3\" src=\"https:\/\/www.europesays.com\/fr\/wp-content\/uploads\/2025\/06\/1110x624_top-14-montpellier-asm-clermont-retour-sur-un-match-a-suspense_68449cfaa446d.jpeg.webp.jpeg\" alt=\"TOP 14. L'ASM Clermont acc\u00e8de aux phases finales en s'imposant \u00e0 Montpellier (10-23)\" itemprop=\"image\" height=\"624\"\/>\t\t\t\t\t\t\t\t\t\t\t\t<\/p>\n<p>Les Clermontois se sont donn\u00e9 toutes les chances d&rsquo;aller en phases finales \u00a9 ASM-Rugby<\/p>\n<p itemprop=\"description\"><strong>Ce samedi, l\u2019ASM Clermont jouait la derni\u00e8re journ\u00e9e de la saison r\u00e9guli\u00e8re de TOP 14.<\/strong><\/p>\n<p class=\"MsoNormal\" style=\"text-align: justify;\">C\u2019est sur la pelouse de Montpellier que l\u2019ASM Clermont a jou\u00e9 la 26e journ\u00e9e de TOP 14. Dans cette ultime rencontre de la saison r\u00e9guli\u00e8re, les Jaunards se sont impos\u00e9s sur le score de 10 \u00e0 23.<\/p>\n<p class=\"MsoNormal\" style=\"text-align: justify;\">\u00a0<\/p>\n<p class=\"MsoNormal\" style=\"text-align: justify;\"><strong>Clermont domine son match<\/strong><\/p>\n<p class=\"MsoNormal\" style=\"text-align: justify;\">D\u00e8s les premi\u00e8res minutes, on sent que les Jaunards veulent tout donner. Malgr\u00e9 l\u2019ouverture du score par Montpellier sur p\u00e9nalit\u00e9, le Clermontois Thomas Ceyte profite d\u2019un contre pour marquer son premier essai (3-7). Nos Auvergnats sont dans leur match.<\/p>\n<p class=\"MsoNormal\" style=\"text-align: justify;\">Offensif dans le camp Montpell\u00e9riain, la d\u00e9fense de ses derniers bloque les jaune et bleu dans leur progression. Profitant d\u2019une faute devant les poteaux, Urdapilleta donne un peu plus d\u2019air avec une p\u00e9nalit\u00e9 (3-10).<\/p>\n<p class=\"MsoNormal\" style=\"text-align: justify;\">La suite est bien plus confuse avec un manque de pr\u00e9cision de la part des deux camps. L\u2019ASM rate une belle occasion mais se rattrape en revenant sur la ligne adverse. L\u2019Australien Rob Simmons va pour marquer un essai mais est g\u00ean\u00e9 par le pied de Mohamed Haouas. L\u2019arbitrage vid\u00e9o consid\u00e8rera qu\u2019il s\u2019agit d\u2019un geste volontaire sanctionn\u00e9 d\u2019un carton jaune. Essai de p\u00e9nalit\u00e9 pour Baptiste Jauneau et ses co\u00e9quipiers (3-17).<\/p>\n<p class=\"MsoNormal\" style=\"text-align: justify;\">A la sir\u00e8ne, Clermont se fait peur avec une derni\u00e8re action offensive de Montpellier mais r\u00e9ussi \u00e0 sortir le ballon. Les Jaunards entame le match de la meilleure des mani\u00e8res.<\/p>\n<p class=\"MsoNormal\" style=\"text-align: justify;\">\u00a0<\/p>\n<p class=\"MsoNormal\" style=\"text-align: justify;\"><strong>Maitrise du jeu et qualification<\/strong><\/p>\n<p class=\"MsoNormal\" style=\"text-align: justify;\">A l\u2019entame de la seconde p\u00e9riode, l\u2019ASM Clermont met tout de suite \u00e0 la pression sur Montpellier. Malheureusement, un essai de Benjamin Urdapilletta est annul\u00e9 \u00e0 cause d\u2019un plaquage en l\u2019air. Signe que les Clermontois m\u00e8nent le rythme du match, ils repoussent constamment les Montpelli\u00e9rains dans leur camp. Il reste plus qu\u2019\u00e0 concr\u00e9tiser.<\/p>\n<p class=\"MsoNormal\" style=\"text-align: justify;\">Apr\u00e8s de nombreux changement, le MHR reprend quelque peu le contr\u00f4le du match dans le camp Clermontois. Mais la d\u00e9fense est l\u00e0 et emp\u00eache les Occitans n\u2019iront pas jusqu\u2019\u00e0 l\u2019int\u00e9rieur de l\u2019embut.<\/p>\n<p class=\"MsoNormal\" style=\"text-align: justify;\">Apr\u00e8s 20 minutes de jeu, l\u2019ASM se voit refuser un nouvel essai. Thibault Lanen est sanctionn\u00e9 d\u2019un carton jaune suite \u00e0 un d\u00e9gagement dangereux. Cons\u00e9quence direct\u00a0: Montpellier remonte 80 m\u00e8tres et marque son premier essai du match (10-20). Christophe Urios change sa premi\u00e8re ligne et ses meneurs de jeu apr\u00e8s cette r\u00e9duction du score. Une p\u00e9nalit\u00e9 permet \u00e0 Clermont de prendre un peu d\u2019air (10-23).<\/p>\n<p class=\"MsoNormal\" style=\"text-align: justify;\">L\u2019ASM temporise et gagne du temps pour conserver l\u2019avantage. C\u2019est une belle victoire pour Clermont-Ferrand et acc\u00e8de aux phases finales suite aux d\u00e9faites de La Rochelle et du Castres Olympiques.<\/p>\n<p class=\"MsoNormal\" style=\"text-align: justify;\">Rendez-vous ce vendredi 13 juin \u00e0 21 heures pour les quarts de finale face \u00e0 Bayonne.<\/p>\n<p class=\"MsoNormal\" style=\"text-align: justify;\">\u00a0<\/p>\n","protected":false},"excerpt":{"rendered":"Les Clermontois se sont donn\u00e9 toutes les chances d&rsquo;aller en phases finales \u00a9 ASM-Rugby Ce samedi, l\u2019ASM Clermont&hellip;\n","protected":false},"author":2,"featured_media":159927,"comment_status":"","ping_status":"","sticky":false,"template":"","format":"standard","meta":{"footnotes":""},"categories":[9599],"tags":[1111,11,6733,7736,650,2313,7734,2889,2263,1777,674,9375,1011,27,6417,1114,4662,2208,12,2680,3725,1825,9374,25,9373,9376,7737],"class_list":{"0":"post-159926","1":"post","2":"type-post","3":"status-publish","4":"format-standard","5":"has-post-thumbnail","7":"category-montpellier","8":"tag-actu","9":"tag-actualites","10":"tag-auvergne","11":"tag-cds","12":"tag-cinema","13":"tag-clermont","14":"tag-ecoute","15":"tag-emission","16":"tag-equipe","17":"tag-eu","18":"tag-europe","19":"tag-ferrand","20":"tag-fr","21":"tag-france","22":"tag-information","23":"tag-infos","24":"tag-journal","25":"tag-montpellier","26":"tag-news","27":"tag-occitanie","28":"tag-podcast","29":"tag-radio","30":"tag-radiorva","31":"tag-republique-francaise","32":"tag-rva","33":"tag-thiers","34":"tag-winamp"},"share_on_mastodon":{"url":"https:\/\/pubeurope.com\/@fr\/114645534181399046","error":""},"_links":{"self":[{"href":"https:\/\/www.europesays.com\/fr\/wp-json\/wp\/v2\/posts\/159926","targetHints":{"allow":["GET"]}}],"collection":[{"href":"https:\/\/www.europesays.com\/fr\/wp-json\/wp\/v2\/posts"}],"about":[{"href":"https:\/\/www.europesays.com\/fr\/wp-json\/wp\/v2\/types\/post"}],"author":[{"embeddable":true,"href":"https:\/\/www.europesays.com\/fr\/wp-json\/wp\/v2\/users\/2"}],"replies":[{"embeddable":true,"href":"https:\/\/www.europesays.com\/fr\/wp-json\/wp\/v2\/comments?post=159926"}],"version-history":[{"count":0,"href":"https:\/\/www.europesays.com\/fr\/wp-json\/wp\/v2\/posts\/159926\/revisions"}],"wp:featuredmedia":[{"embeddable":true,"href":"https:\/\/www.europesays.com\/fr\/wp-json\/wp\/v2\/media\/159927"}],"wp:attachment":[{"href":"https:\/\/www.europesays.com\/fr\/wp-json\/wp\/v2\/media?parent=159926"}],"wp:term":[{"taxonomy":"category","embeddable":true,"href":"https:\/\/www.europesays.com\/fr\/wp-json\/wp\/v2\/categories?post=159926"},{"taxonomy":"post_tag","embeddable":true,"href":"https:\/\/www.europesays.com\/fr\/wp-json\/wp\/v2\/tags?post=159926"}],"curies":[{"name":"wp","href":"https:\/\/api.w.org\/{rel}","templated":true}]}}