{"id":159935,"date":"2025-06-08T03:17:13","date_gmt":"2025-06-08T03:17:13","guid":{"rendered":"https:\/\/www.europesays.com\/fr\/159935\/"},"modified":"2025-06-08T03:17:13","modified_gmt":"2025-06-08T03:17:13","slug":"sortie-contes-jeudi-14-aout-2025-la-soiree-des-sosies","status":"publish","type":"post","link":"https:\/\/www.europesays.com\/fr\/159935\/","title":{"rendered":"Sortie Contes | Jeudi 14 ao\u00fbt 2025 : La soir\u00e9e des sosies"},"content":{"rendered":"<p>La soir\u00e9e des sosies<\/p>\n<p><strong>CLAUDE FRAN\u00c7OIS avec BASTIEN REMY<\/strong><br \/>Un artiste \u00e0 d\u00e9couvrir ! La ressemblance est troublante, non seulement par le physique (m\u00eame blondeur et m\u00eame sourire enj\u00f4leur) mais aussi et surtout par la voix et le style.<br \/>Un v\u00e9ritable show man qui sait se faire le double de son ma\u00eetre. Un bel hommage retra\u00e7ant toute la carri\u00e8re exceptionnelle de Claude Fran\u00e7ois.<\/p>\n<p><strong>DALIDA avec SANDY SIMS<\/strong><br \/>En hommage \u00e0 la diva disparue, tous ses plus grands succ\u00e8s de \u00ab Bambino \u00bb \u00e0 \u00ab Pour en arriver l\u00e0 \u00bb.<\/p>\n<p><strong>MIKE BRANT avec CLAUDE ARENA<\/strong><br \/>Avec son charisme et son look seventies, sa voix et plus de 350 concerts en 5 ans, cet artiste fait revivre Mike Brant sur sc\u00e8ne. L\u2019ambiance est torride et l\u2019interactivit\u00e9 avec le public totale. Les spectateurs passent un moment formidable et inoubliable et toutes les g\u00e9n\u00e9rations se retrouvent dans ce spectacle \u00e9mouvant qui reprend tous les tubes de la star des ann\u00e9es 70 : \u00ab Rien qu\u2019une larme \u00bb, \u00ab Qui saura \u00bb, \u00ab C\u2019est ma pri\u00e8re \u00bb, \u00ab Laisse-moi t\u2019aimer \u00bb, \u00ab Dis-lui \u00bb\u2026 Et la l\u00e9gende continue.<br \/>Les costumes, au nombre de 76, sont r\u00e9alis\u00e9s d\u2019apr\u00e8s les \u0153uvres de Loris Azzaro, Pierre Balmain, Jean Dess\u00e8s et Gilbert Fresnay.<\/p>\n<p>Tarifs : 2,5\u20ac<\/p>\n<p><strong>A 20h15<\/strong><\/p>\n<p><strong>Th\u00e9\u00e2tre de Verdure<\/strong><br \/>Th\u00e9\u00e2tre de l\u2019H\u00e9lice<br \/>5, place Jean Allardi<br \/>06390 Contes<br \/><a href=\"https:\/\/helice-contes.fr\/\" target=\"_blank\" rel=\"noopener\">https:\/\/helice-contes.fr\/<\/a><\/p>\n<p>&#13;<br \/>\n\t\t\t\t Post Views: 9&#13;\n\t\t\t<\/p>\n","protected":false},"excerpt":{"rendered":"La soir\u00e9e des sosies CLAUDE FRAN\u00c7OIS avec BASTIEN REMYUn artiste \u00e0 d\u00e9couvrir ! La ressemblance est troublante, non&hellip;\n","protected":false},"author":2,"featured_media":159936,"comment_status":"","ping_status":"","sticky":false,"template":"","format":"standard","meta":{"footnotes":""},"categories":[2819],"tags":[1111,11,13435,1777,674,1011,27,12,2401,882,25],"class_list":{"0":"post-159935","1":"post","2":"type-post","3":"status-publish","4":"format-standard","5":"has-post-thumbnail","7":"category-nice","8":"tag-actu","9":"tag-actualites","10":"tag-contes","11":"tag-eu","12":"tag-europe","13":"tag-fr","14":"tag-france","15":"tag-news","16":"tag-nice","17":"tag-provence-alpes-cote-dazur","18":"tag-republique-francaise"},"share_on_mastodon":{"url":"https:\/\/pubeurope.com\/@fr\/114645581480954270","error":""},"_links":{"self":[{"href":"https:\/\/www.europesays.com\/fr\/wp-json\/wp\/v2\/posts\/159935","targetHints":{"allow":["GET"]}}],"collection":[{"href":"https:\/\/www.europesays.com\/fr\/wp-json\/wp\/v2\/posts"}],"about":[{"href":"https:\/\/www.europesays.com\/fr\/wp-json\/wp\/v2\/types\/post"}],"author":[{"embeddable":true,"href":"https:\/\/www.europesays.com\/fr\/wp-json\/wp\/v2\/users\/2"}],"replies":[{"embeddable":true,"href":"https:\/\/www.europesays.com\/fr\/wp-json\/wp\/v2\/comments?post=159935"}],"version-history":[{"count":0,"href":"https:\/\/www.europesays.com\/fr\/wp-json\/wp\/v2\/posts\/159935\/revisions"}],"wp:featuredmedia":[{"embeddable":true,"href":"https:\/\/www.europesays.com\/fr\/wp-json\/wp\/v2\/media\/159936"}],"wp:attachment":[{"href":"https:\/\/www.europesays.com\/fr\/wp-json\/wp\/v2\/media?parent=159935"}],"wp:term":[{"taxonomy":"category","embeddable":true,"href":"https:\/\/www.europesays.com\/fr\/wp-json\/wp\/v2\/categories?post=159935"},{"taxonomy":"post_tag","embeddable":true,"href":"https:\/\/www.europesays.com\/fr\/wp-json\/wp\/v2\/tags?post=159935"}],"curies":[{"name":"wp","href":"https:\/\/api.w.org\/{rel}","templated":true}]}}