{"id":15994,"date":"2025-04-10T22:35:31","date_gmt":"2025-04-10T22:35:31","guid":{"rendered":"https:\/\/www.europesays.com\/fr\/15994\/"},"modified":"2025-04-10T22:35:31","modified_gmt":"2025-04-10T22:35:31","slug":"alsace-originaire-de-drusenheim-lucas-veith-champion-de-france-du-burger-avec-son-dampfburger","status":"publish","type":"post","link":"https:\/\/www.europesays.com\/fr\/15994\/","title":{"rendered":"Alsace. Originaire de Drusenheim, Lucas Veith champion de France du burger, avec son \u00ab Dampf\u2019Burger \u00bb"},"content":{"rendered":"<p>\u00c2g\u00e9 de 21 ans, Lucas Veith vient de gagner la coupe de France du burger dans la cat\u00e9gorie jeunes talents. Ce succ\u00e8s vient s\u2019ajouter au beau palmar\u00e8s de cet habitant de Drusenheim, d\u00e9j\u00e0 sacr\u00e9 deuxi\u00e8me meilleur apprenti Grand Est et troisi\u00e8me au Salon Egast de Strasbourg, dans la cat\u00e9gorie \u00ab\u00a0autour du fromage\u00a0\u00bb.<\/p>\n<p>Il est devenu champion du burger lors du Snack Show Paris, qui s\u2019est d\u00e9roul\u00e9 les 2 et 3\u00a0avril. \u00c0 l\u2019occasion de la dixi\u00e8me \u00e9dition de la coupe de France du burger, le fournisseur de viande Socopa a d\u00e9cid\u00e9 d\u2019innover avec une finale des jeunes talents\u00a0: dix \u00e9tudiants en \u00e9cole de restauration se sont affront\u00e9s dans un d\u00e9fi culinaire consistant \u00e0 r\u00e9inventer le burger en version bistronomique, en 30 minutes, et avec un co\u00fbt des produits inf\u00e9rieur \u00e0 7\u00a0euros HT.<\/p>\n<p>Le jury de cinq membres, dont trois Meilleurs ouvriers de France, a \u00e9valu\u00e9 les candidats sur respect du th\u00e8me, la qualit\u00e9 et l\u2019originalit\u00e9 des produits, la technicit\u00e9 et le dressage, ainsi que l\u2019\u00e9quilibre des saveurs.<\/p>\n<p>  Un hommage aux produits alsaciens<\/p>\n<p>\u00ab\u00a0Mon Dampf\u2019Burger est un hommage \u00e0 la bistronomie (*) alsacienne, avec un <a href=\"https:\/\/www.dna.fr\/culture-loisirs\/2024\/05\/25\/les-dampfnudel-ces-petits-pains-gonfles-de-possibilites\" target=\"_blank\" rel=\"noopener\">pain Dampfnudel<\/a>, un steak hach\u00e9 m\u00e9lang\u00e9 \u00e0 du persil, des oignons et du foie gras, accompagn\u00e9 d\u2019effiloch\u00e9 de joue de b\u0153uf, le tout relev\u00e9 par une r\u00e9moulade de choucroute confite et munster, non affin\u00e9\u00a0\u00bb, explique Lucas Veith. Et visiblement cette formule a s\u00e9duit le jury.<\/p>\n<p>Apr\u00e8s l\u2019\u00e9cole et le coll\u00e8ge de Drusenheim, Lucas est entr\u00e9 au <a href=\"https:\/\/www.dna.fr\/education\/2025\/02\/21\/le-cefppa-adrien-zeller-a-brille-a-la-competition-des-worldskills\" target=\"_blank\" rel=\"noopener\">CEFPPA Adrien-Zeller<\/a> \u00e0 Illkirch (\u00e9cole de cuisine et d\u2019h\u00f4tellerie) et est actuellement \u00e9tudiant en BTS Management en h\u00f4tellerie \u2013 restauration option cuisine. Actuellement, il effectue une alternance au restaurant Au bureau \u00e0 Vendenheim, qu\u2019il devrait rejoindre dans les prochains mois \u00e0 temps complet. Son \u00ab\u00a0Dampf\u2019Burger\u00a0\u00bb y sera affich\u00e9 en suggestion, avant sans doute d\u2019autres cr\u00e9ations.<\/p>\n<p class=\"note\">(*) Cuisine raffin\u00e9e et inventive de type gastronomique, mais servie dans un restaurant simple.<\/p>\n","protected":false},"excerpt":{"rendered":"\u00c2g\u00e9 de 21 ans, Lucas Veith vient de gagner la coupe de France du burger dans la cat\u00e9gorie&hellip;\n","protected":false},"author":2,"featured_media":15995,"comment_status":"","ping_status":"","sticky":false,"template":"","format":"standard","meta":{"footnotes":""},"categories":[2820],"tags":[1111,11,130,6632,33,4877,1057,1777,674,107,5016,1011,27,775,1757,12,25,6633,640],"class_list":{"0":"post-15994","1":"post","2":"type-post","3":"status-publish","4":"format-standard","5":"has-post-thumbnail","7":"category-strasbourg","8":"tag-actu","9":"tag-actualites","10":"tag-consommation","11":"tag-drusenheim","12":"tag-economie","13":"tag-edition-haguenau-wissembourg","14":"tag-education","15":"tag-eu","16":"tag-europe","17":"tag-fil-info","18":"tag-formation-orientation","19":"tag-fr","20":"tag-france","21":"tag-grand-est","22":"tag-insolite","23":"tag-news","24":"tag-republique-francaise","25":"tag-secteur-de-bischwiller","26":"tag-strasbourg"},"share_on_mastodon":{"url":"https:\/\/pubeurope.com\/@fr\/114316058566063913","error":""},"_links":{"self":[{"href":"https:\/\/www.europesays.com\/fr\/wp-json\/wp\/v2\/posts\/15994","targetHints":{"allow":["GET"]}}],"collection":[{"href":"https:\/\/www.europesays.com\/fr\/wp-json\/wp\/v2\/posts"}],"about":[{"href":"https:\/\/www.europesays.com\/fr\/wp-json\/wp\/v2\/types\/post"}],"author":[{"embeddable":true,"href":"https:\/\/www.europesays.com\/fr\/wp-json\/wp\/v2\/users\/2"}],"replies":[{"embeddable":true,"href":"https:\/\/www.europesays.com\/fr\/wp-json\/wp\/v2\/comments?post=15994"}],"version-history":[{"count":0,"href":"https:\/\/www.europesays.com\/fr\/wp-json\/wp\/v2\/posts\/15994\/revisions"}],"wp:featuredmedia":[{"embeddable":true,"href":"https:\/\/www.europesays.com\/fr\/wp-json\/wp\/v2\/media\/15995"}],"wp:attachment":[{"href":"https:\/\/www.europesays.com\/fr\/wp-json\/wp\/v2\/media?parent=15994"}],"wp:term":[{"taxonomy":"category","embeddable":true,"href":"https:\/\/www.europesays.com\/fr\/wp-json\/wp\/v2\/categories?post=15994"},{"taxonomy":"post_tag","embeddable":true,"href":"https:\/\/www.europesays.com\/fr\/wp-json\/wp\/v2\/tags?post=15994"}],"curies":[{"name":"wp","href":"https:\/\/api.w.org\/{rel}","templated":true}]}}