{"id":159951,"date":"2025-06-08T03:27:10","date_gmt":"2025-06-08T03:27:10","guid":{"rendered":"https:\/\/www.europesays.com\/fr\/159951\/"},"modified":"2025-06-08T03:27:10","modified_gmt":"2025-06-08T03:27:10","slug":"jordan-bardella-a-marseille-pour-preparer-la-campagne-de-franck-allisio","status":"publish","type":"post","link":"https:\/\/www.europesays.com\/fr\/159951\/","title":{"rendered":"Jordan Bardella \u00e0 Marseille pour pr\u00e9parer la campagne de Franck Allisio"},"content":{"rendered":"<p>Entre la foire de Beaucaire et une d\u00e9dicace de son livre &#8211;\u00a0Ce que je cherche\u00a0&#8211; \u00e0 Ajaccio,<a href=\"https:\/\/www.laprovence.com\/article\/faits-divers-justice\/8003647863780914\/plainte-deposee-par-une-association-anticorruption-contre-jordan-bardella-notamment-pour-escroquerie\" target=\"_blank\" rel=\"noopener\"> Jordan Bardella<\/a> a trouv\u00e9 le temps de faire un crochet en priv\u00e9 \u00e0 Marseille lors du week-end de l&rsquo;Ascension. Le pr\u00e9sident du Rassemblement national (RN) a d\u00een\u00e9 au restaurant du CNTL avec <a href=\"https:\/\/www.laprovence.com\/article\/region\/8075938964709614\/une-enquete-ouverte-contre-franck-allisio-rn-pour-detournements-de-fonds-a-la-region-paca\" target=\"_blank\" rel=\"noopener\">Franck Allisio, d\u00e9put\u00e9 et patron du RN <\/a>des Bouches-du-Rh\u00f4ne. Au menu\u00a0? Pas de pasta en hommage \u00e0 leurs origines italiennes communes mais bien la<a href=\"https:\/\/www.laprovence.com\/article\/politique\/34413430835222\/municipales-2026-a-marseille-les-hesitations-de-franck-allisio-rn\" target=\"_blank\" rel=\"noopener\"> campagne municipale<\/a> de mars\u00a02026.<\/p>\n<p>Sans vraiment de surprise, c&rsquo;est Franck Allisio qui devrait conduire la liste dans la cit\u00e9 phoc\u00e9enne, enjeu majeur pour le parti dans le Sud de la France avec Toulon. Celui qui est actuellement d\u00e9put\u00e9 de Vitrolles et aussi premier opposant de <a href=\"https:\/\/www.laprovence.com\/article\/elections\/6575305731685114\/municipales-2026-renaud-muselier-designe-pilote-de-renaissance-pour-la-campagne-a-marseille\" target=\"_blank\" rel=\"noopener\">Renaud Muselier<\/a> \u00e0 la R\u00e9gion devrait officialiser sa candidature \u00e0 la rentr\u00e9e.<\/p>\n<p>Le ton de la campagne \u00ab\u00a0entre v\u00e9rit\u00e9s et espoirs\u00a0\u00bb<\/p>\n<p>Sur les conseils de Jordan Bardella, Franck Allisio devrait conduire une liste assez panach\u00e9e avec des anciens du mouvement, des plus r\u00e9cents \u00e0 promouvoir et des nouveaux venus de la soci\u00e9t\u00e9 civile. Pour le programme, il pourra s&rsquo;appuyer sur la cellule nationale du <a href=\"https:\/\/www.laprovence.com\/article\/politique\/36551763645553\/exclu-la-provence-ni-chenu-ni-odoul-comme-candidats-rn-pour-les-municipales-a-avignon-en-2026\" target=\"_blank\" rel=\"noopener\">RN<\/a> qui travaille sur les grandes th\u00e9matiques (s\u00e9curit\u00e9, \u00e9conomie&#8230;) mais qu&rsquo;il voudra \u00ab\u00a0\u00e0 son image\u00a0\u00bb. Comme le ton de la campagne &#8211; \u00ab\u00a0entre v\u00e9rit\u00e9s et espoirs\u00a0\u00bb. Comprendre \u00ab\u00a0cash mais sans les outrances\u00a0\u00bb.<\/p>\n<p>Suivez son regard vers <a href=\"https:\/\/www.laprovence.com\/article\/politique\/1854333553876715\/stephane-ravier-senateur-ex-rn-de-marseille-en-perdant-le-pen-je-perds-un-deuxieme-pere\" target=\"_blank\" rel=\"noopener\">St\u00e9phane Ravier<\/a> qui avait r\u00e9uni 20% des voix en\u00a02020, avant de plier bagage pour rejoindre \u00c9ric Zemmour et qui pourrait avoir encore envie de (re) tenter sa chance. Face \u00e0 celui qui pourrait \u00eatre un vrai caillou dans le mocassin, Franck Allisio peut compter aussi sur une <a href=\"https:\/\/www.laprovence.com\/article\/politique\/3736259529568214\/la-reforme-des-municipales-a-marseille-dans-lorniere\" target=\"_blank\" rel=\"noopener\">r\u00e9forme de la loi PLM<\/a>. Plus que chez tout autre, le logo compte particuli\u00e8rement chez l&rsquo;\u00e9lecteur du RN. Et cette fois, c&rsquo;est bien lui qui l&rsquo;aura.<\/p>\n","protected":false},"excerpt":{"rendered":"Entre la foire de Beaucaire et une d\u00e9dicace de son livre &#8211;\u00a0Ce que je cherche\u00a0&#8211; \u00e0 Ajaccio, Jordan&hellip;\n","protected":false},"author":2,"featured_media":159952,"comment_status":"","ping_status":"","sticky":false,"template":"","format":"standard","meta":{"footnotes":""},"categories":[2814],"tags":[17,1111,11,3130,3226,1777,674,1011,27,12182,29154,884,12,316,471,29155,882,25],"class_list":{"0":"post-159951","1":"post","2":"type-post","3":"status-publish","4":"format-standard","5":"has-post-thumbnail","7":"category-marseille","8":"tag-17","9":"tag-actu","10":"tag-actualites","11":"tag-bardella","12":"tag-campagne","13":"tag-eu","14":"tag-europe","15":"tag-fr","16":"tag-france","17":"tag-franck","18":"tag-jordan","19":"tag-marseille","20":"tag-news","21":"tag-politique","22":"tag-pour","23":"tag-preparer","24":"tag-provence-alpes-cote-dazur","25":"tag-republique-francaise"},"share_on_mastodon":{"url":"https:\/\/pubeurope.com\/@fr\/114645620709985454","error":""},"_links":{"self":[{"href":"https:\/\/www.europesays.com\/fr\/wp-json\/wp\/v2\/posts\/159951","targetHints":{"allow":["GET"]}}],"collection":[{"href":"https:\/\/www.europesays.com\/fr\/wp-json\/wp\/v2\/posts"}],"about":[{"href":"https:\/\/www.europesays.com\/fr\/wp-json\/wp\/v2\/types\/post"}],"author":[{"embeddable":true,"href":"https:\/\/www.europesays.com\/fr\/wp-json\/wp\/v2\/users\/2"}],"replies":[{"embeddable":true,"href":"https:\/\/www.europesays.com\/fr\/wp-json\/wp\/v2\/comments?post=159951"}],"version-history":[{"count":0,"href":"https:\/\/www.europesays.com\/fr\/wp-json\/wp\/v2\/posts\/159951\/revisions"}],"wp:featuredmedia":[{"embeddable":true,"href":"https:\/\/www.europesays.com\/fr\/wp-json\/wp\/v2\/media\/159952"}],"wp:attachment":[{"href":"https:\/\/www.europesays.com\/fr\/wp-json\/wp\/v2\/media?parent=159951"}],"wp:term":[{"taxonomy":"category","embeddable":true,"href":"https:\/\/www.europesays.com\/fr\/wp-json\/wp\/v2\/categories?post=159951"},{"taxonomy":"post_tag","embeddable":true,"href":"https:\/\/www.europesays.com\/fr\/wp-json\/wp\/v2\/tags?post=159951"}],"curies":[{"name":"wp","href":"https:\/\/api.w.org\/{rel}","templated":true}]}}