{"id":159955,"date":"2025-06-08T03:29:11","date_gmt":"2025-06-08T03:29:11","guid":{"rendered":"https:\/\/www.europesays.com\/fr\/159955\/"},"modified":"2025-06-08T03:29:11","modified_gmt":"2025-06-08T03:29:11","slug":"les-50-ans-du-musee-lugdunum-et-theatres-romains","status":"publish","type":"post","link":"https:\/\/www.europesays.com\/fr\/159955\/","title":{"rendered":"Les 50 ans du Mus\u00e9e Lugdunum et Th\u00e9\u00e2tres Romains"},"content":{"rendered":"<p>Le mus\u00e9e Lugdunum et Th\u00e9\u00e2tres Romains f\u00eate ses 50 ans et pour l\u2019occasion, lors d\u2019un week-end de f\u00eate, il sera possible de retrouver toutes sortes d\u2019activit\u00e9s : visites, expositions, photo booth, mais aussi des conf\u00e9rences.<\/p>\n<p>Le <strong>Mus\u00e9e Lugdunum et Th\u00e9\u00e2tres Romains<\/strong> est inaugur\u00e9 le 15 novembre 1975. On plut\u00f4t le <a href=\"https:\/\/fr.wikipedia.org\/wiki\/Lugdunum_(mus%C3%A9e)\" target=\"_blank\" rel=\"noreferrer noopener\">Mus\u00e9ee Gallo-Romain de Fourvi\u00e8re<\/a>. Ce mus\u00e9e porte un projet pr\u00e9cis d\u2019<strong>histoire et de civilisation<\/strong> dans plus de 4000 m\u00b2 de b\u00e9ton arm\u00e9. L\u2019architecte de l\u2019\u00e9poque a r\u00e9ussi \u00e0 enterrer un b\u00e2timent aux dimensions gigantesques, le rendant presque invisible depuis l\u2019ext\u00e9rieur. Il respecte ainsi l\u2019environnement naturel et l\u2019histoire du lieu.<\/p>\n<blockquote class=\"instagram-media\" data-instgrm-captioned=\"\" data-instgrm-permalink=\"https:\/\/www.instagram.com\/p\/DKevoRwIM5H\/?utm_source=ig_embed&amp;utm_campaign=loading\" data-instgrm-version=\"14\" style=\" background:#FFF; border:0; border-radius:3px; box-shadow:0 0 1px 0 rgba(0,0,0,0.5),0 1px 10px 0 rgba(0,0,0,0.15); margin: 1px; max-width:540px; min-width:326px; padding:0; width:99.375%; width:-webkit-calc(100% - 2px); width:calc(100% - 2px);\"\/>\n<p>La directrice, <strong>Claire Iselin<\/strong>, \u00e9voque ce que repr\u00e9sentent les<a href=\"https:\/\/lugdunum.grandlyon.com\/fr\/Liens-d-acces-rapide\/actualites\/le-musee-a-50-ans\" target=\"_blank\" rel=\"noopener\"> 50 ans<\/a> du <strong>Mus\u00e9e Lugdunum et Th\u00e9\u00e2tres Romains<\/strong> : \u00ab C\u2019est l\u2019anniversaire d\u2019une institution qui a vocation \u00e0 conserver des collections et des objets qui nous ont \u00e9t\u00e9 h\u00e9rit\u00e9s il y a 2000 ans. Et \u00e0 les transmettre aux g\u00e9n\u00e9rations futures. C\u2019est aussi une mission de diffusion de la connaissance que l\u2019on d\u00e9cline avec une plus grande accessibilit\u00e9 pour tout le monde. Un lien avec le site et le mus\u00e9e aussi \u00e0 travers des expositions temporaires et des programmations annuelles. C\u2019est le r\u00e9sultat de 50 ans de travail o\u00f9 diff\u00e9rentes \u00e9quipes se sont succ\u00e9d\u00e9 dans le site et le mus\u00e9e. \u00bb<\/p>\n<p>Ecoutez le podcast<\/p>\n<p>Les 50 ans du Mus\u00e9e Lugdunum et Th\u00e9\u00e2tres Romains<\/p>\n<p>Pour marquer son jubil\u00e9, le <strong>mus\u00e9e Lugdunum<\/strong> pr\u00e9sentera une <strong>exposition<\/strong> qui explorera le <strong>rapport \u00e0 l\u2019art chez les Romains<\/strong>. Une exposition de plus de 6000 m\u00b2 o\u00f9 nous pourrons d\u00e9couvrir l\u2019adoption de plusieurs postures envers l\u2019art depuis le 4\u1d49 si\u00e8cle et jusqu\u2019\u00e0 la fin de l\u2019Empire romain.<\/p>\n<p>\u00ab Explore Lyon antique \u00bb : le site antique de Lyon mod\u00e9lis\u00e9<\/p>\n<p>En plus de son exposition, le mus\u00e9e propose \u00ab Explore Lyon antique \u00bb. Un dispositif in\u00e9dit qui permet de restituer en mod\u00e9lisation la ville antique de Lyon. En immersion avec des casques de r\u00e9alit\u00e9 virtuelle, des dispositifs p\u00e9dagogiques, des web apps et du g\u00e9ocaching. Ils permettent de pouvoir nous promener sur les sites antiques afin de voir \u00e0 quoi ils ressemblaient il y a 2000 ans. Et les comprendre \u00e0 l\u2019\u00e9chelle du territoire actuel.<\/p>\n<p>Ecoutez aussi : <a href=\"https:\/\/www.lyondemain.fr\/harout-mekhsian-mjc-monplaisir\/\" target=\"_blank\" rel=\"noreferrer noopener\">Harout Mekhsian : du CCO \u00e0 la MJC Monplaisir<\/a><\/p>\n<p><img fetchpriority=\"high\" decoding=\"async\" width=\"1200\" height=\"675\" src=\"https:\/\/www.europesays.com\/fr\/wp-content\/uploads\/2025\/06\/Musee-Lugdunum-et-Theatres-Romains.jpg\" alt=\"Mus\u00e9e Lugdunum et Th\u00e9\u00e2tres Romains\" class=\"wp-image-249835\"  \/><br \/>\nJ\u2019aime \u00e7a\u00a0:<\/p>\n<p>J\u2019aime chargement\u2026<\/p>\n<p><a class=\"sd-link-color\"\/><\/p>\n<p>\n\tArticles similaires\n<\/p>\n<p>\t\t\t\t<img decoding=\"async\" src=\"https:\/\/www.europesays.com\/fr\/wp-content\/uploads\/2025\/06\/1749353351_869_7866158698e17e8ed633c05e8f8e7fe5d9e057ad78661c4dc34e413abb6b9f19\" alt=\"G\u00e9rald Bouchon\"\/><\/p>\n<p>Pionnier des radios libres, passionn\u00e9 de radio, journaliste et dirigeant de m\u00e9dias \u00e9co-responsables..<\/p>\n<p>\t\t\t<script async src=\"\/\/www.instagram.com\/embed.js\"><\/script><\/p>\n","protected":false},"excerpt":{"rendered":"Le mus\u00e9e Lugdunum et Th\u00e9\u00e2tres Romains f\u00eate ses 50 ans et pour l\u2019occasion, lors d\u2019un week-end de f\u00eate,&hellip;\n","protected":false},"author":2,"featured_media":159956,"comment_status":"","ping_status":"","sticky":false,"template":"","format":"standard","meta":{"footnotes":""},"categories":[1889],"tags":[1111,11,9438,2430,29156,1777,674,5293,1011,27,2428,3048,29157,12,25871,25,29158,29159],"class_list":{"0":"post-159955","1":"post","2":"type-post","3":"status-publish","4":"format-standard","5":"has-post-thumbnail","7":"category-lyon","8":"tag-actu","9":"tag-actualites","10":"tag-antiquite","11":"tag-auvergne-rhone-alpes","12":"tag-claire-iselin","13":"tag-eu","14":"tag-europe","15":"tag-fourviere","16":"tag-fr","17":"tag-france","18":"tag-lyon","19":"tag-musee","20":"tag-musee-lugdunum","21":"tag-news","22":"tag-realite-virtuelle","23":"tag-republique-francaise","24":"tag-romains","25":"tag-theatres-romains"},"share_on_mastodon":{"url":"https:\/\/pubeurope.com\/@fr\/114645628789201639","error":""},"_links":{"self":[{"href":"https:\/\/www.europesays.com\/fr\/wp-json\/wp\/v2\/posts\/159955","targetHints":{"allow":["GET"]}}],"collection":[{"href":"https:\/\/www.europesays.com\/fr\/wp-json\/wp\/v2\/posts"}],"about":[{"href":"https:\/\/www.europesays.com\/fr\/wp-json\/wp\/v2\/types\/post"}],"author":[{"embeddable":true,"href":"https:\/\/www.europesays.com\/fr\/wp-json\/wp\/v2\/users\/2"}],"replies":[{"embeddable":true,"href":"https:\/\/www.europesays.com\/fr\/wp-json\/wp\/v2\/comments?post=159955"}],"version-history":[{"count":0,"href":"https:\/\/www.europesays.com\/fr\/wp-json\/wp\/v2\/posts\/159955\/revisions"}],"wp:featuredmedia":[{"embeddable":true,"href":"https:\/\/www.europesays.com\/fr\/wp-json\/wp\/v2\/media\/159956"}],"wp:attachment":[{"href":"https:\/\/www.europesays.com\/fr\/wp-json\/wp\/v2\/media?parent=159955"}],"wp:term":[{"taxonomy":"category","embeddable":true,"href":"https:\/\/www.europesays.com\/fr\/wp-json\/wp\/v2\/categories?post=159955"},{"taxonomy":"post_tag","embeddable":true,"href":"https:\/\/www.europesays.com\/fr\/wp-json\/wp\/v2\/tags?post=159955"}],"curies":[{"name":"wp","href":"https:\/\/api.w.org\/{rel}","templated":true}]}}