{"id":159957,"date":"2025-06-08T03:30:28","date_gmt":"2025-06-08T03:30:28","guid":{"rendered":"https:\/\/www.europesays.com\/fr\/159957\/"},"modified":"2025-06-08T03:30:28","modified_gmt":"2025-06-08T03:30:28","slug":"33-stations-velov-supplementaires-a-et-autour-de-lyon","status":"publish","type":"post","link":"https:\/\/www.europesays.com\/fr\/159957\/","title":{"rendered":"33 stations V\u00e9lo&rsquo;V suppl\u00e9mentaires\u2026 \u00e0 et autour de Lyon"},"content":{"rendered":"<p>Le r\u00e9seau V\u00e9lo\u2019v s\u2019agrand\u00eet, et pas qu\u2019un peu ! La M\u00e9tropole de Lyon, en partenariat avec JCDecaux, vient d\u2019annoncer l\u2019installation de 33 nouvelles stations d\u2019ici le premier trimestre 2026. La premi\u00e8re station a \u00e9t\u00e9 inaugur\u00e9e ce mardi \u00e0 Saint-Fons.<\/p>\n<p>Le service des <strong>v\u00e9los en libre-service<\/strong> de Lyon avait d\u00e9j\u00e0 conquis le public en janvier dernier avec l\u2019arriv\u00e9e de 2500 v\u00e9los \u00e9lectriques. Cette nouveaut\u00e9 permet de pouvoir rouler plus longtemps et plus loin. Alors pour rester coh\u00e9rent avec cette avanc\u00e9e, la <strong>M\u00e9tropole de Lyon<\/strong> va \u00e9tendre le r\u00e9seau v\u00e9los en augmentant le nombre de stations V\u00e9lo\u2019V\u2026<\/p>\n<p>Ecoutez le podcast<\/p>\n<p>Installation de nouvelles stations V\u00e9lo\u2019V<\/p>\n<p><strong>Bruno Bernard<\/strong>, le pr\u00e9sident de la <strong>M\u00e9tropole de Lyon<\/strong>, nous en parle\u00a0: \u00ab\u00a0L\u00e0, ce sont <strong>33 stations<\/strong> qui vont \u00eatre ajout\u00e9es dans les mois qui viennent. Des stations prioritairement dans les <strong>quartiers populaires<\/strong>. L\u00e0 o\u00f9 on avait beaucoup de population. Mais des quartiers o\u00f9 les <strong>stations de v\u00e9los<\/strong> n\u2019avaient pas \u00e9t\u00e9 install\u00e9es autrefois.\u00a0\u00bb<\/p>\n<p><img fetchpriority=\"high\" decoding=\"async\" width=\"1200\" height=\"675\" src=\"https:\/\/www.europesays.com\/fr\/wp-content\/uploads\/2025\/06\/inauguration-nouvelles-stations-VeloV.jpg\" alt=\"stations V\u00e9lo'V\" class=\"wp-image-249829\"  \/><\/p>\n<p>Ecoutez aussi :<a href=\"https:\/\/www.lyondemain.fr\/velostation-gare-lyon-part-dieu\/\" target=\"_blank\" rel=\"noreferrer noopener\"> La plus grande v\u00e9lostation de France est \u00e0 Lyon<\/a><\/p>\n<p>De nouvelles stations V\u00e9lo\u2019V dans 7 communes non desservies jusque-l\u00e0\u2026.<\/p>\n<p>Ces nouvelles <strong>stations V\u00e9lo\u2019V<\/strong> vont notamment desservir sept communes. Dont trois qui n\u2019\u00e9taient jusque-l\u00e0 pas couvertes du tout, <strong>Saint-Germain-en-Mont-d\u2019or<\/strong>, <strong>Champagne-en-Mont-D\u2019or<\/strong> et <strong>Chassieu<\/strong>. Ce sont donc <strong>27 communes<\/strong> de la M\u00e9tropole de Lyon qui seront d\u00e9sormais <strong>reli\u00e9es par le r\u00e9seau V\u00e9lo\u2019V<\/strong>. Et ce n\u2019est pas tout, <strong>douze stations<\/strong> vont \u00eatre install\u00e9es <strong>sur des zones \u00e0 fort d\u00e9nivel\u00e9<\/strong> comme <strong>Fourvi\u00e8re<\/strong> ou encore les <strong>Monts d\u2019Or<\/strong>. Avec un budget pr\u00e9vu de 700 000 euros et une fin de chantier en mars 2026\u2026 Cette expansion vise aussi \u00e0 mieux desservir les <strong>quartiers populaires<\/strong> souvent oubli\u00e9s des <strong>grands projets de mobilit\u00e9<\/strong>.<\/p>\n<p><strong>Christian Duch\u00eane<\/strong>, maire de <strong>Saint-Fons<\/strong>, est le premier \u00e0 accueillir une de ces nouvelles <strong>stations V\u00e9lo\u2019V<\/strong>. Il se r\u00e9jouit des travaux en cours et \u00e0 venir\u00a0: \u00ab\u00a0Je ne sais pas si vous avez essay\u00e9 de traverser <strong>Saint-Fons<\/strong> actuellement.. C\u2019est tr\u00e8s compliqu\u00e9 depuis deux ans. <strong>Saint-Fons<\/strong> est en travaux dans tous ses quartiers. Donc l\u00e0 c\u2019est compliqu\u00e9 mais c\u2019est une chose positive. Le Pr\u00e9sident de la M\u00e9tropole parlait d\u2019<strong>\u00e9quit\u00e9 territoriale<\/strong>, il faut que tous les habitants de ma commune comme tous les habitants de la M\u00e9tropole b\u00e9n\u00e9ficient de cette <strong>transformation urbaine<\/strong>.\u00a0\u00bb.<\/p>\n<p>Ecoutez aussi : <a href=\"https:\/\/veloradio.fr\/voie-lyonnaise-9-grand-parc-miribel-jonage\/\" target=\"_blank\" rel=\"noreferrer noopener\">Voie lyonnaise\u00a09 : 17 nouveaux km en direction de Miribel-Jonage<\/a><\/p>\n<p>Le cap des 100 000 abonn\u00e9s dans le viseur<\/p>\n<p>C\u00f4t\u00e9 utilisation, <strong>V\u00e9lo\u2019V<\/strong> explose tous les compteurs. En seulement 125 jours, le <strong>service \u00e9lectrique<\/strong> a s\u00e9duit pr\u00e8s de <strong>10 000 nouveaux abonn\u00e9s<\/strong> pour atteindre plus de 98 000 au total. En avril, on a compt\u00e9 <strong>1,17 million de locations<\/strong>. Avec un pic de <strong>56 000 trajets en une seule journ\u00e9e<\/strong> le 10 avril. R\u00e9sultat, une <strong>hausse de 44 % par rapport \u00e0 l\u2019ann\u00e9e derni\u00e8re<\/strong>. Le cap symbolique des <strong>100 000 abonn\u00e9s<\/strong> est donc tout proche\u00a0! Les nouvelles <strong>stations V\u00e9lo\u2019V<\/strong> d\u00e9ploy\u00e9es devraient contribuer \u00e0 le fanchir\u2026<\/p>\n<p>Ecoutez aussi : <a href=\"https:\/\/www.lyondemain.fr\/les-bikers-insa-lyon\/\" target=\"_blank\" rel=\"noreferrer noopener\">Les Bikers : un atelier pour apprendre \u00e0 r\u00e9parer son v\u00e9lo<\/a><\/p>\n<p><img loading=\"lazy\" decoding=\"async\" width=\"1200\" height=\"675\" src=\"https:\/\/www.europesays.com\/fr\/wp-content\/uploads\/2025\/06\/33-nouvelles-stations-VeloV.jpg\" alt=\"stations V\u00e9lo'V \" class=\"wp-image-249827\"  \/><br \/>\nJ\u2019aime \u00e7a\u00a0:<\/p>\n<p>J\u2019aime chargement\u2026<\/p>\n<p><a class=\"sd-link-color\"\/><\/p>\n<p>\n\tArticles similaires\n<\/p>\n<p>\t\t\t\t<img decoding=\"async\" src=\"https:\/\/www.europesays.com\/fr\/wp-content\/uploads\/2025\/06\/1749353428_795_7866158698e17e8ed633c05e8f8e7fe5d9e057ad78661c4dc34e413abb6b9f19\" alt=\"G\u00e9rald Bouchon\"\/><\/p>\n<p>Pionnier des radios libres, passionn\u00e9 de radio, journaliste et dirigeant de m\u00e9dias \u00e9co-responsables..<\/p>\n","protected":false},"excerpt":{"rendered":"Le r\u00e9seau V\u00e9lo\u2019v s\u2019agrand\u00eet, et pas qu\u2019un peu ! La M\u00e9tropole de Lyon, en partenariat avec JCDecaux, vient&hellip;\n","protected":false},"author":2,"featured_media":159958,"comment_status":"","ping_status":"","sticky":false,"template":"","format":"standard","meta":{"footnotes":""},"categories":[1889],"tags":[1111,11,2430,1777,674,1011,27,29160,2428,29161,12,25,29162,29163,208,11091,29164,29165,29166],"class_list":{"0":"post-159957","1":"post","2":"type-post","3":"status-publish","4":"format-standard","5":"has-post-thumbnail","7":"category-lyon","8":"tag-actu","9":"tag-actualites","10":"tag-auvergne-rhone-alpes","11":"tag-eu","12":"tag-europe","13":"tag-fr","14":"tag-france","15":"tag-jcdecaux","16":"tag-lyon","17":"tag-mobilite-urbaine","18":"tag-news","19":"tag-republique-francaise","20":"tag-stations-velov","21":"tag-transformation-urbaine","22":"tag-velo","23":"tag-velov","24":"tag-velos-en-libre-service","25":"tag-ville-de-saint-fons","26":"tag-ville-de-venissieux"},"share_on_mastodon":{"url":"https:\/\/pubeurope.com\/@fr\/114645632860102111","error":""},"_links":{"self":[{"href":"https:\/\/www.europesays.com\/fr\/wp-json\/wp\/v2\/posts\/159957","targetHints":{"allow":["GET"]}}],"collection":[{"href":"https:\/\/www.europesays.com\/fr\/wp-json\/wp\/v2\/posts"}],"about":[{"href":"https:\/\/www.europesays.com\/fr\/wp-json\/wp\/v2\/types\/post"}],"author":[{"embeddable":true,"href":"https:\/\/www.europesays.com\/fr\/wp-json\/wp\/v2\/users\/2"}],"replies":[{"embeddable":true,"href":"https:\/\/www.europesays.com\/fr\/wp-json\/wp\/v2\/comments?post=159957"}],"version-history":[{"count":0,"href":"https:\/\/www.europesays.com\/fr\/wp-json\/wp\/v2\/posts\/159957\/revisions"}],"wp:featuredmedia":[{"embeddable":true,"href":"https:\/\/www.europesays.com\/fr\/wp-json\/wp\/v2\/media\/159958"}],"wp:attachment":[{"href":"https:\/\/www.europesays.com\/fr\/wp-json\/wp\/v2\/media?parent=159957"}],"wp:term":[{"taxonomy":"category","embeddable":true,"href":"https:\/\/www.europesays.com\/fr\/wp-json\/wp\/v2\/categories?post=159957"},{"taxonomy":"post_tag","embeddable":true,"href":"https:\/\/www.europesays.com\/fr\/wp-json\/wp\/v2\/tags?post=159957"}],"curies":[{"name":"wp","href":"https:\/\/api.w.org\/{rel}","templated":true}]}}