{"id":159959,"date":"2025-06-08T03:33:16","date_gmt":"2025-06-08T03:33:16","guid":{"rendered":"https:\/\/www.europesays.com\/fr\/159959\/"},"modified":"2025-06-08T03:33:16","modified_gmt":"2025-06-08T03:33:16","slug":"des-enseignants-diffusent-une-video-pour-gaza-des-elus-exigent-des-sanctions-2","status":"publish","type":"post","link":"https:\/\/www.europesays.com\/fr\/159959\/","title":{"rendered":"Des enseignants diffusent une vid\u00e9o pour Gaza, des \u00e9lus exigent des sanctions"},"content":{"rendered":"<p> \u00abNous, enseignants et personnels du coll\u00e8ge Flora Tristan, tenons \u00e0 exprimer notre indignation face au massacre des familles \u00e0 Gaza par le gouvernement isra\u00e9lien.\u00a0\u00bb Dans une<a href=\"https:\/\/x.com\/CitizenMediaFR\/status\/1930335802623451256\" target=\"_blank\" class=\"color-ultramarine c-link\"> vid\u00e9o post\u00e9e sur les r\u00e9seaux sociaux,<\/a> des professeurs et personnels du coll\u00e8ge Flora Tristan, dans le 20e \u00e0 Paris, ont interpell\u00e9 la ministre de l\u2019Education et les \u00ab\u00a0responsables politiques fran\u00e7ais\u00a0\u00bb concernant les \u00ab\u00a0crimes de masse\u00a0\u00bb commis \u00e0 Gaza. Une vid\u00e9o qui a provoqu\u00e9 l\u2019ire d\u2019une partie de la droite parisienne, qui appelle au \u00ab\u00a0devoir de r\u00e9serve\u00a0\u00bb des enseignants et r\u00e9clame des sanctions.<\/p>\n<p>\u00ab\u00a0Certains enseignants du Coll\u00e8ge Flora Tristan \u00e0 Paris-20 sont clairement sortis de leur devoir de r\u00e9serve en prenant position sur le conflit \u00e0 Gaza dans une vid\u00e9o. C\u2019est inadmissible. Nos \u00e9coles ne sont pas des lieux de militantisme\u00a0\u00bb, a comment\u00e9 Fran\u00e7ois-Marie Didier, conseiller du groupe Changer Paris. L\u2019\u00e9lu a publi\u00e9, avec sa coll\u00e8gue In\u00e8s de Raguenel, charg\u00e9e de l\u2019enseignement secondaire dans le 15e, un <a href=\"https:\/\/x.com\/fmdidier\/status\/1931036170625970669\/photo\/1\" target=\"_blank\" class=\"color-ultramarine c-link\">communiqu\u00e9 <\/a>exprimant sa \u00ab\u00a0plus vive inqui\u00e9tude\u00a0\u00bb, face \u00e0 ce qu\u2019il qualifie de \u00ab\u00a0d\u00e9rive\u00a0\u00bb. \u00ab\u00a0O\u00f9 est pass\u00e9e leur neutralit\u00e9\u00a0? Leur devoir de r\u00e9serve\u00a0?\u00a0\u00bb <a href=\"https:\/\/x.com\/nizardisabelle\/status\/1931009468516479481\" target=\"_blank\" class=\"color-ultramarine c-link\">d\u00e9nonce <\/a>dans un message post\u00e9 sur ses r\u00e9seaux sociaux Isabelle Nizard, charg\u00e9e des affaires scolaires dans le 16e\u00a0arrondissement.<\/p>\n<p>\u00ab\u00a0Chasse aux sorci\u00e8res\u00a0\u00bb<\/p>\n<p>De l\u2019autre c\u00f4t\u00e9 de l\u2019\u00e9chiquier politique, des \u00e9lus de gauche ont tenu \u00e0 apporter leur soutien \u00e0 cette initiative, de m\u00eame que des syndicats. \u00ab\u00a0Bravo aux enseignant\u2022es et personnels du coll\u00e8ge Flora Tristan\u00a0\u00bb a <a href=\"https:\/\/x.com\/SimonnetDeputee\/status\/1930547900339081495\" target=\"_blank\" class=\"color-ultramarine c-link\">tweet\u00e9<\/a> Danielle Simonnet, d\u00e9put\u00e9e du 20e\u00a0arrondissement, tandis que Sophia Chikirou, d\u00e9put\u00e9e LFI du 11e\u00a0arrondissement, <a href=\"https:\/\/x.com\/chikirouparis\/status\/1930522948164550754\" target=\"_blank\" class=\"color-ultramarine c-link\">apportait <\/a>son \u00ab\u00a0soutien\u00a0\u00bb.<\/p>\n<blockquote class=\"twitter-tweet\" align=\"center\" data-lang=\"fr_FR\">\n<p lang=\"fr\" dir=\"ltr\">Bravo aux enseignant\u2022es et personnels du coll\u00e8ge Flora Tristan <a href=\"https:\/\/twitter.com\/hashtag\/Paris20?src=hash&amp;ref_src=twsrc%5Etfw\" target=\"_blank\" rel=\"noopener\">#Paris20<\/a> pour leur engagement pour la fin du g\u00e9nocide et du blocus \u00e0 Gaza ! Soutenons le peuple palestinien ! <a href=\"https:\/\/t.co\/xaj2qz6Vio\">pic.twitter.com\/xaj2qz6Vio<\/a><\/p>\n<p>\u2014 Danielle Simonnet (@SimonnetDeputee) <a href=\"https:\/\/twitter.com\/SimonnetDeputee\/status\/1930547900339081495?ref_src=twsrc%5Etfw\" target=\"_blank\" rel=\"noopener\">June 5, 2025<\/a><\/p><\/blockquote>\n<p class=\"mb-m@xs text-l@xs\">En cliquant sur\u00ab J\u2019accepte \u00bb, vous acceptez le d\u00e9p\u00f4t de cookies par des services externes et aurez ainsi acc\u00e8s aux contenus de nos partenaires.<\/p>\n<p class=\"mb-xl@xs text-s@xs\">Plus d\u2019informations sur la page<a href=\"https:\/\/www.20minutes.fr\/gestion-cookies\" class=\"mx-xxs@xs color-ultramarine\" target=\"_blank\" rel=\"noopener\">Politique de gestion des cookies<\/a><\/p>\n<p>J\u2019accepte<\/p>\n<p>Cinq organisations syndicales parisiennes (CGT \u00c9duc\u2019action, SNES-FSU, SNEP-FSU, SNUEP-FSU, SUD \u00e9ducation) ont publi\u00e9 un communiqu\u00e9 ce samedi, demandant que \u00ab\u00a0cessent\u00a0\u00bb les \u00ab\u00a0pressions contre les voix qui demandent la paix, l\u2019arr\u00eat des massacres \u00bb et affirmant \u00ab leur soutien au peuple palestinien et \u00e0 ses enfants affam\u00e9s\u00a0\u00bb. Secr\u00e9taire g\u00e9n\u00e9ral de la CGT Educ\u2019action Paris, Arnaud Cora, contact\u00e9 par 20 Minutes, d\u00e9nonce une \u00ab\u00a0chasse aux sorci\u00e8res\u00a0\u00bb. Il juge que l\u2019action de ses coll\u00e8gues enseignants de Flora Tristan \u00ab\u00a0est totalement l\u00e9gitime\u00a0\u00bb\u00a0: \u00ab\u00a0Ils sont dans les clous\u00a0\u00bb, estime-t-il, d\u2019autant que l\u2019action n\u2019a selon lui pas eu lieu devant les \u00e9l\u00e8ves ni m\u00eame au sein du coll\u00e8ge.<\/p>\n<p>\u00ab\u00a0Une coll\u00e8gue impliqu\u00e9e dans l\u2019action a contact\u00e9 par t\u00e9l\u00e9phone et par \u00e9crit le rectorat pour avoir leur aval sur les conditions de cette action, sans obtenir aucune r\u00e9ponse\u00a0\u00bb, pr\u00e9cise aupr\u00e8s de 20 Minutes un professeur du coll\u00e8ge Flora Tristan.<\/p>\n<p>Une prof sanctionn\u00e9e \u00e0 Sens<\/p>\n<p>Au moins trois autres \u00e9tablissements parisiens ont hiss\u00e9 des banderoles en faveur de Gaza ces derniers jours, selon le syndicaliste. Jeudi, une professeure d\u2019un lyc\u00e9e de Sens (Yonne) <a href=\"https:\/\/www.20minutes.fr\/societe\/4157177-20250605-gaza-prof-autorise-minute-silence-lycee-sens-ecope-blame\" class=\"color-ultramarine c-link\" target=\"_blank\" rel=\"noopener\">a \u00e9cop\u00e9 d\u2019une \u00ab\u00a0sanction du premier groupe\u00a0\u00bb,<\/a> soit un avertissement ou bl\u00e2me. Son tort\u00a0? Elle avait fait respecter dans sa classe, \u00e0 la fin de son cours, une minute de silence en hommage aux victimes du conflit dans la bande de Gaza, \u00e0 la demande de ses \u00e9l\u00e8ves.<\/p>\n<p>La ministre de l\u2019\u00c9ducation nationale avait reconnu le 13\u00a0f\u00e9vrier dernier, au S\u00e9nat, que les enseignants ont \u00ab\u00a0la libert\u00e9 p\u00e9dagogique d\u2019aborder le sort des victimes du conflit isra\u00e9lo-palestinien et notamment des otages fran\u00e7ais et des victimes du 7-octobre, pour leur rendre hommage\u00a0\u00bb.<\/p>\n<p><script async src=\"https:\/\/platform.twitter.com\/widgets.js\" charset=\"utf-8\"><\/script><\/p>\n","protected":false},"excerpt":{"rendered":"\u00abNous, enseignants et personnels du coll\u00e8ge Flora Tristan, tenons \u00e0 exprimer notre indignation face au massacre des familles&hellip;\n","protected":false},"author":2,"featured_media":159960,"comment_status":"","ping_status":"","sticky":false,"template":"","format":"standard","meta":{"footnotes":""},"categories":[1888],"tags":[1111,1928,47,11,1927,3259,1057,1777,674,1011,27,665,9267,664,5759,12,1926,3518,626,1925,25,104],"class_list":{"0":"post-159959","1":"post","2":"type-post","3":"status-publish","4":"format-standard","5":"has-post-thumbnail","7":"category-paris","8":"tag-actu","9":"tag-actu-paris","10":"tag-actualite","11":"tag-actualites","12":"tag-actualites-paris","13":"tag-conflit-israelo-palestinien","14":"tag-education","15":"tag-eu","16":"tag-europe","17":"tag-fr","18":"tag-france","19":"tag-gaza","20":"tag-genocide","21":"tag-israel","22":"tag-ministere-de-leducation-nationale","23":"tag-news","24":"tag-news-paris","25":"tag-palestine","26":"tag-paris","27":"tag-paris-news","28":"tag-republique-francaise","29":"tag-societe"},"share_on_mastodon":{"url":"https:\/\/pubeurope.com\/@fr\/114645644285920899","error":""},"_links":{"self":[{"href":"https:\/\/www.europesays.com\/fr\/wp-json\/wp\/v2\/posts\/159959","targetHints":{"allow":["GET"]}}],"collection":[{"href":"https:\/\/www.europesays.com\/fr\/wp-json\/wp\/v2\/posts"}],"about":[{"href":"https:\/\/www.europesays.com\/fr\/wp-json\/wp\/v2\/types\/post"}],"author":[{"embeddable":true,"href":"https:\/\/www.europesays.com\/fr\/wp-json\/wp\/v2\/users\/2"}],"replies":[{"embeddable":true,"href":"https:\/\/www.europesays.com\/fr\/wp-json\/wp\/v2\/comments?post=159959"}],"version-history":[{"count":0,"href":"https:\/\/www.europesays.com\/fr\/wp-json\/wp\/v2\/posts\/159959\/revisions"}],"wp:featuredmedia":[{"embeddable":true,"href":"https:\/\/www.europesays.com\/fr\/wp-json\/wp\/v2\/media\/159960"}],"wp:attachment":[{"href":"https:\/\/www.europesays.com\/fr\/wp-json\/wp\/v2\/media?parent=159959"}],"wp:term":[{"taxonomy":"category","embeddable":true,"href":"https:\/\/www.europesays.com\/fr\/wp-json\/wp\/v2\/categories?post=159959"},{"taxonomy":"post_tag","embeddable":true,"href":"https:\/\/www.europesays.com\/fr\/wp-json\/wp\/v2\/tags?post=159959"}],"curies":[{"name":"wp","href":"https:\/\/api.w.org\/{rel}","templated":true}]}}