{"id":15996,"date":"2025-04-10T22:36:20","date_gmt":"2025-04-10T22:36:20","guid":{"rendered":"https:\/\/www.europesays.com\/fr\/15996\/"},"modified":"2025-04-10T22:36:20","modified_gmt":"2025-04-10T22:36:20","slug":"a-strasbourg-le-maintien-du-partenariat-avec-une-universite-israelienne-cree-la-polemique","status":"publish","type":"post","link":"https:\/\/www.europesays.com\/fr\/15996\/","title":{"rendered":"\u00e0 Strasbourg, le maintien du partenariat avec une universit\u00e9 isra\u00e9lienne cr\u00e9e la pol\u00e9mique"},"content":{"rendered":"<p>C&rsquo;est mardi 8\u00a0avril que le conseil d&rsquo;administration devait rendre son verdict\u00a0: fallait-il maintenir le\u00a0partenariat entre l&rsquo;universit\u00e9 isra\u00e9lienne Reichman et Sciences Po Strasbourg\u00a0? Apr\u00e8s plusieurs heures de d\u00e9lib\u00e9ration, et malgr\u00e9 la mobilisation \u00e9tudiante, l&rsquo;issue du vote, r\u00e9alis\u00e9 \u00e0 bulletin secret, a maintenu in extremis le partenariat.<\/p>\n<p>\u00ab\u00a0Honte aux personnes qui ont vot\u00e9 pour conserver le partenariat avec l&rsquo;universit\u00e9 complice du g\u00e9nocide\u00a0!\u00a0\u00bb ont r\u00e9agi, mardi 8\u00a0avril, juste apr\u00e8s les r\u00e9sultats du vote, les diff\u00e9rents comit\u00e9s \u00e9tudiants propalestiniens de la ville de Strasbourg\u00a0<a class=\"link \" href=\"https:\/\/www.instagram.com\/p\/DIMliB2s6QP\/?igsh=MTQwN3pqeTl3dDRiNg==\" rel=\"nofollow noopener\" target=\"_blank\" data-ylk=\"slk:sur le r\u00e9seau social Instagram;elm:context_link;itc:0;sec:content-canvas\">sur le r\u00e9seau social Instagram<\/a>. Depuis le mois de janvier et jusqu&rsquo;en mars, les diff\u00e9rents comit\u00e9s Palestine\u00a0de Strasbourg ont organis\u00e9 des blocus pour obtenir la fin des partenariats entre l&rsquo;Institut d&rsquo;\u00e9tudes politiques (IEP) de Strasbourg et l&rsquo;universit\u00e9 Reichman \u00e0 Herzliya, en Isra\u00ebl.<\/p>\n<p>\u00ab\u00a0Le directeur a \u00e9t\u00e9 poursuivi et un enseignant s&rsquo;est fait cracher dessus\u00a0!\u00a0\u00bb<\/p>\n<p>C&rsquo;est la cr\u00e9ation d&rsquo;un \u00ab\u00a0comit\u00e9 Reichman\u00a0\u00bb, compos\u00e9 d&rsquo;enseignants et d&rsquo;\u00e9tudiants charg\u00e9s d&rsquo;\u00e9tudier la question du partenariat, qui a permis une pause dans les mobilisations. Le vote, tr\u00e8s serr\u00e9, s&rsquo;est jou\u00e9 \u00e0\u00a016\u00a0voix pour le maintien face \u00e0\u00a014\u00a0voix contre, et a\u00a0\u00e9galement comptabilis\u00e9\u00a03\u00a0votes blancs. Le repr\u00e9sentant de la r\u00e9gion Grand Est, absent, avait donn\u00e9 procuration au directeur de l&rsquo;IEP et souhait\u00e9 le maintien du partenariat.<\/p>\n<p>Selon les \u00e9tudiants du comit\u00e9 Palestine, interrog\u00e9s par le journal r\u00e9gional <a class=\"link \" href=\"https:\/\/www.dna.fr\/education\/2025\/04\/08\/une-generation-palestine-spontanee-au-coeur-de-science-po-strasbourg\" rel=\"nofollow noopener\" target=\"_blank\" data-ylk=\"slk:Les Derni\u00e8res Nouv [...];elm:context_link;itc:0;sec:content-canvas\">Les Derni\u00e8res Nouv [&#8230;] <\/a><a href=\"https:\/\/www.lepoint.fr\/societe\/sciences-po-strasbourg-le-maintien-du-partenariat-avec-une-universite-israelienne-cree-la-polemique-09-04-2025-2586955_23.php\" rel=\"nofollow noopener\" target=\"_blank\" data-ylk=\"slk:Lire la suite;elm:context_link;itc:0;sec:content-canvas\" class=\"link \">Lire la suite<\/a><\/p>\n<p><script async src=\"\/\/www.instagram.com\/embed.js\"><\/script><\/p>\n","protected":false},"excerpt":{"rendered":"C&rsquo;est mardi 8\u00a0avril que le conseil d&rsquo;administration devait rendre son verdict\u00a0: fallait-il maintenir le\u00a0partenariat entre l&rsquo;universit\u00e9 isra\u00e9lienne Reichman&hellip;\n","protected":false},"author":2,"featured_media":15997,"comment_status":"","ping_status":"","sticky":false,"template":"","format":"standard","meta":{"footnotes":""},"categories":[2820],"tags":[1111,11,6634,1777,674,1011,27,775,6635,12,2766,5770,25,640],"class_list":{"0":"post-15996","1":"post","2":"type-post","3":"status-publish","4":"format-standard","5":"has-post-thumbnail","7":"category-strasbourg","8":"tag-actu","9":"tag-actualites","10":"tag-comite-palestine","11":"tag-eu","12":"tag-europe","13":"tag-fr","14":"tag-france","15":"tag-grand-est","16":"tag-le-journal","17":"tag-news","18":"tag-partenariat","19":"tag-reichman","20":"tag-republique-francaise","21":"tag-strasbourg"},"share_on_mastodon":{"url":"https:\/\/pubeurope.com\/@fr\/114316062757696973","error":""},"_links":{"self":[{"href":"https:\/\/www.europesays.com\/fr\/wp-json\/wp\/v2\/posts\/15996","targetHints":{"allow":["GET"]}}],"collection":[{"href":"https:\/\/www.europesays.com\/fr\/wp-json\/wp\/v2\/posts"}],"about":[{"href":"https:\/\/www.europesays.com\/fr\/wp-json\/wp\/v2\/types\/post"}],"author":[{"embeddable":true,"href":"https:\/\/www.europesays.com\/fr\/wp-json\/wp\/v2\/users\/2"}],"replies":[{"embeddable":true,"href":"https:\/\/www.europesays.com\/fr\/wp-json\/wp\/v2\/comments?post=15996"}],"version-history":[{"count":0,"href":"https:\/\/www.europesays.com\/fr\/wp-json\/wp\/v2\/posts\/15996\/revisions"}],"wp:featuredmedia":[{"embeddable":true,"href":"https:\/\/www.europesays.com\/fr\/wp-json\/wp\/v2\/media\/15997"}],"wp:attachment":[{"href":"https:\/\/www.europesays.com\/fr\/wp-json\/wp\/v2\/media?parent=15996"}],"wp:term":[{"taxonomy":"category","embeddable":true,"href":"https:\/\/www.europesays.com\/fr\/wp-json\/wp\/v2\/categories?post=15996"},{"taxonomy":"post_tag","embeddable":true,"href":"https:\/\/www.europesays.com\/fr\/wp-json\/wp\/v2\/tags?post=15996"}],"curies":[{"name":"wp","href":"https:\/\/api.w.org\/{rel}","templated":true}]}}