{"id":159969,"date":"2025-06-08T03:38:27","date_gmt":"2025-06-08T03:38:27","guid":{"rendered":"https:\/\/www.europesays.com\/fr\/159969\/"},"modified":"2025-06-08T03:38:27","modified_gmt":"2025-06-08T03:38:27","slug":"de-nouvelles-frappes-russes-dampleur-font-cinq-morts-en-ukraine-un-echange-de-prisonniers-encore-incertain-liberation","status":"publish","type":"post","link":"https:\/\/www.europesays.com\/fr\/159969\/","title":{"rendered":"De nouvelles frappes russes d\u2019ampleur font cinq morts en Ukraine, un \u00e9change de prisonniers encore incertain \u2013 Lib\u00e9ration"},"content":{"rendered":"<p class=\"sc-ksZaOG ehjQrN text-element\">Des frappes russes sur les villes ukrainiennes de Kharkiv et de Kherson ont fait 5 morts et plus de 20 bless\u00e9s dans la nuit de vendredi \u00e0 samedi 7 juin, apr\u00e8s <a href=\"https:\/\/www.liberation.fr\/international\/europe\/trump-avertit-dune-violente-riposte-russe-soutien-inconditionnel-de-pyongyang-a-moscou-blocage-de-lacces-a-la-mer-noire-lactu-de-la-guerre-en-ukraine-ce-jeudi-20250605_C46OQ4FEMJCVHAUBH3WQIMQW54\/\" target=\"_blank\" rel=\"nofollow noopener\" title=\"https:\/\/www.liberation.fr\/international\/europe\/trump-avertit-dune-violente-riposte-russe-soutien-inconditionnel-de-pyongyang-a-moscou-blocage-de-lacces-a-la-mer-noire-lactu-de-la-guerre-en-ukraine-ce-jeudi-20250605_C46OQ4FEMJCVHAUBH3WQIMQW54\/\">la promesse de Moscou d\u2019une \u00abriposte\u00bb<\/a> \u00e0 <a href=\"https:\/\/www.liberation.fr\/international\/lukraine-prend-par-surprise-larmee-russe-lors-de-loperation-toile-daraignee-20250601_YITZXKNGEFDO7MI3IU35RDKNPI\/\" target=\"_blank\" rel=\"nofollow noopener\" title=\"https:\/\/www.liberation.fr\/international\/lukraine-prend-par-surprise-larmee-russe-lors-de-loperation-toile-daraignee-20250601_YITZXKNGEFDO7MI3IU35RDKNPI\/\">la destruction d\u2019une partie de sa flotte a\u00e9rienne<\/a> dimanche.<\/p>\n<p class=\"sc-ksZaOG ehjQrN text-element\">Trois morts et au moins dix-sept bless\u00e9s ont \u00e9t\u00e9 d\u00e9nombr\u00e9s \u00e0 Kharkiv, la deuxi\u00e8me ville d\u2019Ukraine, qui a subi \u00abl\u2019attaque la plus puissante depuis le d\u00e9but de la guerre\u00bb en f\u00e9vrier 2022, a affirm\u00e9 son maire, Ihor Terekhov.<\/p>\n<p class=\"sc-ksZaOG ehjQrN text-element\">Au total, \u00abau moins 40 explosions\u00bb ont retenti en un bref laps de temps dans cette cit\u00e9 de quelque 1,4 million d\u2019habitants situ\u00e9e \u00e0 moins de 50 km de la fronti\u00e8re russe, dans le nord-est du pays.<\/p>\n<p class=\"sc-ksZaOG ehjQrN text-element\">\u00abL\u2019ennemi frappe simultan\u00e9ment avec des missiles, des drones Shahed et des bombes a\u00e9riennes guid\u00e9es\u00bb, a d\u00e9taill\u00e9 Terekhov, selon qui au moins 48 Shahed, 2 missiles et 4 bombes guid\u00e9es ont \u00e9t\u00e9 employ\u00e9s.<\/p>\n<p class=\"sc-ksZaOG ehjQrN text-element\">Deux des victimes ont \u00e9t\u00e9 tu\u00e9es dans le district de Kyivsky et une autre dans celui d\u2019Osnovyansky, et une vingtaine ont \u00e9t\u00e9 bless\u00e9es, a-t-il rapport\u00e9.<\/p>\n<p class=\"sc-ksZaOG ehjQrN text-element\">Un couple de quinquag\u00e9naires a par ailleurs p\u00e9ri dans l\u2019attaque qui a touch\u00e9 deux immeubles \u00e0 Kherson, dans le sud, selon le gouverneur de la r\u00e9gion du m\u00eame nom, Oleksandr Prokudin. Deux personnes ont \u00e9t\u00e9 bless\u00e9es, ainsi que deux autres dans la r\u00e9gion de Dnipropetrovsk (est).<\/p>\n<p class=\"sc-ksZaOG ehjQrN text-element\">La Russie avait men\u00e9 dans la nuit de jeudi \u00e0 vendredi \u00e0 l\u2019\u00e9chelle du pays <a href=\"https:\/\/www.liberation.fr\/international\/europe\/guerre-en-ukraine-un-bombardement-russe-fait-au-moins-quatre-morts-a-kyiv-20250606_O2XZQSKTPVHUHE5U3UUYD4IZMQ\/\" target=\"_blank\" rel=\"nofollow noopener\" title=\"https:\/\/www.liberation.fr\/international\/europe\/guerre-en-ukraine-un-bombardement-russe-fait-au-moins-quatre-morts-a-kyiv-20250606_O2XZQSKTPVHUHE5U3UUYD4IZMQ\/\">une de ses attaques les plus massives<\/a> depuis le d\u00e9but de la guerre, avec 407 drones et 45 missiles, selon l\u2019arm\u00e9e ukrainienne.<\/p>\n<p class=\"sc-ksZaOG ehjQrN text-element\">Le bilan de cette attaque s\u2019est alourdi samedi \u00e0 au moins cinq morts avec la d\u00e9couverte du corps d\u2019une jeune femme dans des d\u00e9combres \u00e0 Loutsk, pr\u00e8s de la fronti\u00e8re polonaise.<\/p>\n<p class=\"sc-ksZaOG ehjQrN text-element\">Moscou a \u00e9voqu\u00e9 vendredi \u00abune riposte\u00bb apr\u00e8s les attaques ukrainiennes qui ont vis\u00e9 dimanche plusieurs a\u00e9rodromes russes loin du front, destruction de plusieurs bombardiers \u00e0 la cl\u00e9.<\/p>\n<p class=\"sc-ksZaOG ehjQrN text-element\">Ces frappes interviennent \u00e0 un moment o\u00f9 les n\u00e9gociations de paix sont dans l\u2019impasse apr\u00e8s un deuxi\u00e8me cycle de pourparlers directs entre Russes et Ukrainiens \u00e0 Istanbul lundi, qui n\u2019ont pas abouti \u00e0 un cessez-le-feu.<\/p>\n<p class=\"sc-ksZaOG ehjQrN text-element\">Signe de l\u2019intransigeance de Moscou, tandis que les exigences des deux camps semblent inconciliables, le Kremlin a pr\u00e9sent\u00e9 l\u2019invasion de l\u2019Ukraine, qu\u2019il a d\u00e9clench\u00e9e en f\u00e9vrier 2022, comme \u00abune question existentielle\u00bb.<\/p>\n<p class=\"sc-ksZaOG ehjQrN text-element\">\u00abPour nous, c\u2019est une question existentielle, celle de nos int\u00e9r\u00eats nationaux, de la s\u00e9curit\u00e9, de notre avenir et de celui de nos enfants\u00bb, a d\u00e9clar\u00e9 le porte-parole de la pr\u00e9sidence russe, Dmitri Peskov.<\/p>\n<p class=\"sc-ksZaOG ehjQrN text-element\">Le minist\u00e8re russe de la D\u00e9fense a dit avoir d\u00e9truit dans la nuit 36 drones ukrainiens dans les r\u00e9gions de Moscou, de Koursk et de Smolensk notamment.<\/p>\n<p class=\"sc-ksZaOG ehjQrN text-element\">Cette attaque a conduit \u00e0 la fermeture momentan\u00e9e du principal a\u00e9roport de Moscou, Cheremetievo, selon les autorit\u00e9s a\u00e9riennes.<\/p>\n<p class=\"sc-ksZaOG ehjQrN text-element\">Les forces russes, <a href=\"https:\/\/www.liberation.fr\/international\/europe\/guerre-en-ukraine-les-troupes-russes-ont-accelere-leur-progression-au-printemps-20250602_5CBUXW7VBNERBIS46T7I4IMCDE\/\" target=\"_blank\" rel=\"nofollow noopener\" title=\"https:\/\/www.liberation.fr\/international\/europe\/guerre-en-ukraine-les-troupes-russes-ont-accelere-leur-progression-au-printemps-20250602_5CBUXW7VBNERBIS46T7I4IMCDE\/\">qui occupent environ 20 % du territoire ukrainien<\/a>, bombardent quasi quotidiennement des villes ukrainiennes depuis 2022. En riposte, l\u2019Ukraine m\u00e8ne \u00e9galement, quasiment chaque jour, des attaques a\u00e9riennes en Russie.<\/p>\n<p class=\"sc-ksZaOG ehjQrN text-element\">A Kharkiv, une ville \u00e0 majorit\u00e9 russophone, 18 personnes dont 4 enfants avaient d\u00e9j\u00e0 \u00e9t\u00e9 bless\u00e9es dans des frappes russes jeudi.<\/p>\n<p class=\"sc-ksZaOG ehjQrN text-element\">L\u2019arm\u00e9e ukrainienne a dit vendredi avoir bombard\u00e9 de nuit \u00abavec succ\u00e8s\u00bb deux autres bases a\u00e9riennes en Russie, dans les r\u00e9gions de Saratov et de Riazan (centre), assurant avoir frapp\u00e9 des d\u00e9p\u00f4ts de carburant.<\/p>\n<p class=\"sc-ksZaOG ehjQrN text-element\">Apr\u00e8s ces frappes russes de grande envergure, les deux parties n\u2019ont eu de cesse ce samedi de s\u2019accuser mutuellement de perturber <a href=\"https:\/\/www.liberation.fr\/international\/la-russie-et-lukraine-entament-un-deuxieme-round-de-pourparlers-a-istanbul-20250602_CNC7KM22INAH7CSGS7QLLLUKGY\/\" target=\"_blank\" rel=\"nofollow noopener\" title=\"https:\/\/www.liberation.fr\/international\/la-russie-et-lukraine-entament-un-deuxieme-round-de-pourparlers-a-istanbul-20250602_CNC7KM22INAH7CSGS7QLLLUKGY\/\">un \u00e9change de 500 prisonniers de guerre de chaque camp<\/a>, qui doit avoir lieu ce week-end, apr\u00e8s un pr\u00e9c\u00e9dent de 1 000 personnes de chaque c\u00f4t\u00e9 en mai. Ils avaient en outre convenu de remettre les corps sans vie de milliers de militaires.<\/p>\n<p class=\"sc-ksZaOG ehjQrN text-element\">Selon le n\u00e9gociateur en chef russe Vladimir Medinski, \u00abla partie ukrainienne a report\u00e9 de mani\u00e8re inattendue la r\u00e9ception des corps\u00bb de soldats tu\u00e9s \u00abet <a href=\"https:\/\/www.liberation.fr\/international\/europe\/tu-es-en-ukraine-tout-va-bien-se-passer-recit-dun-echange-de-prisonniers-de-guerre-20240211_5FPC3WWIKNGDXORCII2M5YEIU4\/\" target=\"_blank\" rel=\"nofollow noopener\" title=\"https:\/\/www.liberation.fr\/international\/europe\/tu-es-en-ukraine-tout-va-bien-se-passer-recit-dun-echange-de-prisonniers-de-guerre-20240211_5FPC3WWIKNGDXORCII2M5YEIU4\/\">l\u2019\u00e9change de prisonniers de guerre<\/a> \u00e0 une date ind\u00e9termin\u00e9e\u00bb.<\/p>\n<p class=\"sc-ksZaOG ehjQrN text-element\">C\u00f4t\u00e9 ukrainien, le Quartier g\u00e9n\u00e9ral de coordination pour le traitement des prisonniers de guerre a d\u00e9menti ces d\u00e9clarations, accusant Moscou de \u00abjeux d\u00e9loyaux\u00bb et de \u00abmanipulation\u00bb.<\/p>\n<p class=\"sc-ksZaOG ehjQrN text-element\">Cet <a href=\"https:\/\/www.liberation.fr\/international\/europe\/ma-fille-attend-son-pere-en-ukraine-les-retrouvailles-entre-les-soldats-prisonniers-en-russie-et-leurs-familles-20250523_XLGTZT34IBCOFKLQNL66KWY63Q\/\" target=\"_blank\" rel=\"nofollow noopener\" title=\"https:\/\/www.liberation.fr\/international\/europe\/ma-fille-attend-son-pere-en-ukraine-les-retrouvailles-entre-les-soldats-prisonniers-en-russie-et-leurs-familles-20250523_XLGTZT34IBCOFKLQNL66KWY63Q\/\">\u00e9change<\/a> programm\u00e9 pour ce week-end selon Moscou et Kyiv \u00e9tait le seul r\u00e9sultat concret des pourparlers directs russo-ukrainiens en Turquie lundi. Les deux parties avaient alors convenu <a href=\"https:\/\/www.liberation.fr\/idees-et-debats\/editorial\/ukraine-les-echanges-de-prisonniers-lhumain-au-centre-de-laffaire-20240211_Y7D6IWOTIFETRAZHF7D5O742JM\/\" target=\"_blank\" rel=\"nofollow noopener\" title=\"https:\/\/www.liberation.fr\/idees-et-debats\/editorial\/ukraine-les-echanges-de-prisonniers-lhumain-au-centre-de-laffaire-20240211_Y7D6IWOTIFETRAZHF7D5O742JM\/\">de lib\u00e9rer tous les prisonniers de guerre gri\u00e8vement bless\u00e9s ou malades<\/a>, ainsi que ceux \u00e2g\u00e9s de moins de 25 ans, ce qui aurait fait de cet \u00e9change le plus important de la guerre apr\u00e8s un pr\u00e9c\u00e9dent ayant concern\u00e9 1 000 personnes de chaque c\u00f4t\u00e9 en mai.<\/p>\n<p class=\"sc-ksZaOG ehjQrN text-element\">A l\u2019issue des n\u00e9gociations d\u2019Istanbul, le pr\u00e9sident ukrainien Volodymyr Zelensky avait assur\u00e9 qu\u2019il aurait lieu ce week-end et la Russie avait dit \u00eatre pr\u00eate pour samedi, dimanche ou lundi. Ce samedi, Moscou a affirm\u00e9 avoir transmis une liste \u00e0 l\u2019Ukraine qui, selon elle, ne \u00abcorrespond pas\u00bb aux termes de l\u2019accord.<\/p>\n<p class=\"sc-ksZaOG ehjQrN text-element\">Concernant les d\u00e9pouilles, le n\u00e9gociateur russe Vladimir Medinski a appel\u00e9 Kyiv \u00e0 \u00abr\u00e9cup\u00e9rer les corps de 6 000 soldats\u00bb ukrainiens, dont \u00ab1 212 sont d\u00e9j\u00e0 sur le lieu d\u2019\u00e9change\u00bb. L\u2019Ukraine a r\u00e9pliqu\u00e9 qu\u2019aucune \u00abdate n\u2019avait encore \u00e9t\u00e9 fix\u00e9e\u00bb.<\/p>\n<p class=\"sc-ksZaOG ehjQrN text-element\"><b>Mise \u00e0 jour <\/b>\u00e0 16 h 15 avec les accusations mutuelles de perturber un \u00e9change de prisonniers pr\u00e9vu ce week-end.<\/p>\n","protected":false},"excerpt":{"rendered":"Des frappes russes sur les villes ukrainiennes de Kharkiv et de Kherson ont fait 5 morts et plus&hellip;\n","protected":false},"author":2,"featured_media":159970,"comment_status":"","ping_status":"","sticky":false,"template":"","format":"standard","meta":{"footnotes":""},"categories":[1590],"tags":[11,1777,674,12,132,220,297],"class_list":{"0":"post-159969","1":"post","2":"type-post","3":"status-publish","4":"format-standard","5":"has-post-thumbnail","7":"category-ukraine","8":"tag-actualites","9":"tag-eu","10":"tag-europe","11":"tag-news","12":"tag-russie","13":"tag-ukraine","14":"tag-ukraine-la-crise"},"share_on_mastodon":{"url":"https:\/\/pubeurope.com\/@fr\/114645663969406220","error":""},"_links":{"self":[{"href":"https:\/\/www.europesays.com\/fr\/wp-json\/wp\/v2\/posts\/159969","targetHints":{"allow":["GET"]}}],"collection":[{"href":"https:\/\/www.europesays.com\/fr\/wp-json\/wp\/v2\/posts"}],"about":[{"href":"https:\/\/www.europesays.com\/fr\/wp-json\/wp\/v2\/types\/post"}],"author":[{"embeddable":true,"href":"https:\/\/www.europesays.com\/fr\/wp-json\/wp\/v2\/users\/2"}],"replies":[{"embeddable":true,"href":"https:\/\/www.europesays.com\/fr\/wp-json\/wp\/v2\/comments?post=159969"}],"version-history":[{"count":0,"href":"https:\/\/www.europesays.com\/fr\/wp-json\/wp\/v2\/posts\/159969\/revisions"}],"wp:featuredmedia":[{"embeddable":true,"href":"https:\/\/www.europesays.com\/fr\/wp-json\/wp\/v2\/media\/159970"}],"wp:attachment":[{"href":"https:\/\/www.europesays.com\/fr\/wp-json\/wp\/v2\/media?parent=159969"}],"wp:term":[{"taxonomy":"category","embeddable":true,"href":"https:\/\/www.europesays.com\/fr\/wp-json\/wp\/v2\/categories?post=159969"},{"taxonomy":"post_tag","embeddable":true,"href":"https:\/\/www.europesays.com\/fr\/wp-json\/wp\/v2\/tags?post=159969"}],"curies":[{"name":"wp","href":"https:\/\/api.w.org\/{rel}","templated":true}]}}