{"id":159973,"date":"2025-06-08T03:40:14","date_gmt":"2025-06-08T03:40:14","guid":{"rendered":"https:\/\/www.europesays.com\/fr\/159973\/"},"modified":"2025-06-08T03:40:14","modified_gmt":"2025-06-08T03:40:14","slug":"ex-girondins-zan-vipotnik-et-julien-vetro-sendurcissent-au-royaume-uni","status":"publish","type":"post","link":"https:\/\/www.europesays.com\/fr\/159973\/","title":{"rendered":"Ex-Girondins : Zan Vipotnik et Julien Vetro s\u2019endurcissent au Royaume-Uni"},"content":{"rendered":"<p><img decoding=\"async\" src=\"https:\/\/www.europesays.com\/fr\/wp-content\/uploads\/2025\/06\/671_0de001d033c772ed65892b9d349d1a66.jpg\" alt=\"Ex-Girondins : Zan Vipotnik et Julien Vetro s\u2019endurcissent au Royaume-Uni\" class=\"img-responsive mt-3\"\/><\/p>\n<p class=\"text-center mb-3\" style=\"font-size: 14px\">\u00a9 Iconsport<\/p>\n<p>      <strong>Zan Vipotnik : Un championnat exigeant en guise de tremplin avec Swansea<\/strong><\/p>\n<p style=\"text-align: justify;\">Recrut\u00e9 par les Girondins de Bordeaux pour \u00eatre le successeur de Josh Maja, Zan Vipotnik d\u00e9couvre un nouveau championnat pour la premi\u00e8re fois. Il tape dans l&rsquo;\u0153il des recruteurs bordelais gr\u00e2ce \u00e0 ses statistiques impressionnantes : 20 buts en 30 matchs de championnat slov\u00e8ne. Le jeune num\u00e9ro 9 met un peu de temps \u00e0 s\u2019acclimater \u00e0 la Ligue 2. Pourtant titulaire, il alterne entre des performances excellentes et d\u00e9cevantes. Son total se porte \u00e0 10 buts en 40 matchs, en dessous des attentes.<\/p>\n<p style=\"text-align: justify;\">\u00c0 l\u2019issue de la saison, Vipotnik est s\u00e9lectionn\u00e9 avec la Slov\u00e9nie pour participer \u00e0 l\u2019Euro 2024 durant lequel il jouera une rencontre. Comme les autres joueurs professionnels des Girondins de Bordeaux, l\u2019attaquant de 23 ans quitte le club apr\u00e8s la r\u00e9trogradation en National 2 pour relever un nouveau d\u00e9fi. Son choix se porte vers Swansea, club de Championship, la deuxi\u00e8me division anglaise. Zan n\u2019est pas titulaire indiscutable, mais prend part \u00e0 42 rencontres et marque 7 buts. Son \u00e9quipe termine 11e du classement.<\/p>\n<p style=\"text-align: justify;\">Le slov\u00e8ne a d\u00e9couvert cette saison un championnat plus exigeant que la Ligue 2 et il a le temps de monter en puissance. Son indemnit\u00e9 de transfert est estim\u00e9e \u00e0 2,5 millions d\u2019euros et son contrat dure jusqu\u2019en 2028. Il faut qu\u2019il continue \u00e0 progresser pour s\u2019imposer en titulaire et peut-\u00eatre un jour d\u00e9couvrir une premi\u00e8re division du Big Five. En attendant, Vipotnik va essayer de qualifier son pays pour la Coupe du Monde 2026.<\/p>\n<p><strong>Julien Vetro : Un pr\u00eat manqu\u00e9 et des attentes \u00e0 confirmer \u00e0 Burnley<\/strong><\/p>\n<p style=\"text-align: justify;\">Pass\u00e9 par les U19 des Girondins de Bordeaux, Julien Vetro fait ses premiers pas avec l\u2019\u00e9quipe premi\u00e8re la saison derni\u00e8re. Il fait ses d\u00e9buts lors de la deuxi\u00e8me partie de saison et se fait remarquer pour sa vitesse et sa percussion. Il fait une passe d\u00e9cisive lors de sa premi\u00e8re entr\u00e9e en jeu. Par la suite, il continuera \u00e0 rentrer en fin de matchs jusqu\u2019\u00e0 la fin de la saison. Au final il aura contribu\u00e9 \u00e0 13 matchs en Ligue 2 avec un bilan d\u2019un but et une passe d\u00e9cisive.<\/p>\n<p style=\"text-align: justify;\">\u00c0 21 ans, il montre qu\u2019il a du potentiel et il d\u00e9cide de signer un contrat avec les U21 de Burnley lorsque la r\u00e9trogradation des Girondins de Bordeaux en National 2 s\u2019est confirm\u00e9e. Il est pr\u00eat\u00e9 dans la foul\u00e9e \u00e0 Dundee FC, en \u00c9cosse, avec qui il n\u2019entrera en jeu qu\u2019\u00e0 6 reprises entre septembre et janvier. Il est donc de retour \u00e0 Burnley d\u00e8s janvier pour jouer les phases finales de la Premier League Cup. Julien est titulaire pour le huiti\u00e8me, le quart et la demi-finale de son \u00e9quipe. Et il est d\u00e9cisif puisqu&rsquo;il marque un but et donne deux passes d\u00e9cisives en trois matchs.<\/p>\n<p style=\"text-align: justify;\">Une premi\u00e8re saison \u00e0 l\u2019\u00e9tranger qui se r\u00e9sume par un pr\u00eat manqu\u00e9 et tr\u00e8s peu de temps de jeu pour l\u2019ailier gauche franco-martiniquais. Sa valeur marchande est estim\u00e9e \u00e0 250 000 \u20ac. \u00c0 lui d\u00e9sormais de s\u2019imposer dans un club la saison prochaine pour retrouver un rythme de matchs plus soutenu.<\/p>\n<p style=\"text-align: justify;\">J-L<\/p>\n<p>\u00c0 lire &gt;&gt; <strong><a href=\"https:\/\/www.webgirondins.com\/actualite-girondins-girondins-le-plan-de-gerard-lopez-leake-bruno-fievet-denonce-des-chiffres-grotesques-129282\" target=\"_blank\" rel=\"noopener\">Girondins : Le plan de G\u00e9rard Lopez leak\u00e9, Bruno Fievet d\u00e9nonce des \u00ab\u00a0chiffres grotesques\u00a0\u00bb<\/a><\/strong><\/p>\n<p>Notre podcast court \u00e0 \u00e9couter :<\/p>\n<p>\u00a0<\/p>\n<p>\u00a0<\/p>\n","protected":false},"excerpt":{"rendered":"\u00a9 Iconsport Zan Vipotnik : Un championnat exigeant en guise de tremplin avec Swansea Recrut\u00e9 par les Girondins&hellip;\n","protected":false},"author":2,"featured_media":159974,"comment_status":"","ping_status":"","sticky":false,"template":"","format":"standard","meta":{"footnotes":""},"categories":[1588],"tags":[11,29176,1997,6950,29177,9424,29174,29173,1777,674,1987,4059,28935,3238,12,16565,2426,17606,29175,11279,473,1853,3242,3333,19663,1851,1850,1852,29172,29171],"class_list":{"0":"post-159973","1":"post","2":"type-post","3":"status-publish","4":"format-standard","5":"has-post-thumbnail","7":"category-royaume-uni","8":"tag-actualites","9":"tag-ainsi","10":"tag-bordeaux","11":"tag-bordelais","12":"tag-contraint","13":"tag-derniere","14":"tag-devenus","15":"tag-endurcissent","16":"tag-eu","17":"tag-europe","18":"tag-girondins","19":"tag-joueurs","20":"tag-julien","21":"tag-national","22":"tag-news","23":"tag-perte","24":"tag-professionnel","25":"tag-quitter","26":"tag-retrogradation","27":"tag-royaume","28":"tag-royaume-uni","29":"tag-royaume-uni-de-grande-bretagne-et-dirlande-du-nord","30":"tag-saison","31":"tag-sont","32":"tag-statut","33":"tag-uk","34":"tag-united-kingdom","35":"tag-united-kingdom-of-great-britain-and-northern-ireland","36":"tag-vetro","37":"tag-vipotnik"},"share_on_mastodon":{"url":"https:\/\/pubeurope.com\/@fr\/114645672003187646","error":""},"_links":{"self":[{"href":"https:\/\/www.europesays.com\/fr\/wp-json\/wp\/v2\/posts\/159973","targetHints":{"allow":["GET"]}}],"collection":[{"href":"https:\/\/www.europesays.com\/fr\/wp-json\/wp\/v2\/posts"}],"about":[{"href":"https:\/\/www.europesays.com\/fr\/wp-json\/wp\/v2\/types\/post"}],"author":[{"embeddable":true,"href":"https:\/\/www.europesays.com\/fr\/wp-json\/wp\/v2\/users\/2"}],"replies":[{"embeddable":true,"href":"https:\/\/www.europesays.com\/fr\/wp-json\/wp\/v2\/comments?post=159973"}],"version-history":[{"count":0,"href":"https:\/\/www.europesays.com\/fr\/wp-json\/wp\/v2\/posts\/159973\/revisions"}],"wp:featuredmedia":[{"embeddable":true,"href":"https:\/\/www.europesays.com\/fr\/wp-json\/wp\/v2\/media\/159974"}],"wp:attachment":[{"href":"https:\/\/www.europesays.com\/fr\/wp-json\/wp\/v2\/media?parent=159973"}],"wp:term":[{"taxonomy":"category","embeddable":true,"href":"https:\/\/www.europesays.com\/fr\/wp-json\/wp\/v2\/categories?post=159973"},{"taxonomy":"post_tag","embeddable":true,"href":"https:\/\/www.europesays.com\/fr\/wp-json\/wp\/v2\/tags?post=159973"}],"curies":[{"name":"wp","href":"https:\/\/api.w.org\/{rel}","templated":true}]}}