{"id":159979,"date":"2025-06-08T03:43:12","date_gmt":"2025-06-08T03:43:12","guid":{"rendered":"https:\/\/www.europesays.com\/fr\/159979\/"},"modified":"2025-06-08T03:43:12","modified_gmt":"2025-06-08T03:43:12","slug":"le-gabon-annonce-rompre-son-accord-de-peche-avec-lunion-europeenne","status":"publish","type":"post","link":"https:\/\/www.europesays.com\/fr\/159979\/","title":{"rendered":"Le Gabon annonce rompre son accord de p\u00eache avec l&rsquo;Union europ\u00e9enne"},"content":{"rendered":"<p>Au Gabon, le pr\u00e9sident Brice Clotaire Oligui Nguema a d\u00e9cid\u00e9 mercredi 4 juin de d\u00e9noncer unilat\u00e9ralement l\u2019accord de p\u00eache conclu en 2007 avec l\u2019Union europ\u00e9enne. Le Gabon estime que l\u2019accord ne lui est pas profitable. Le pr\u00e9sident a donc instruit son gouvernement pour notifier sa d\u00e9cision \u00e0 l\u2019Union europ\u00e9enne tout en laissant une porte ouverte \u00e0 la n\u00e9gociation.<\/p>\n<p>Avec notre correspondant \u00e0 Libreville, <strong>Yves-Laurent Goma<\/strong><\/p>\n<p>Dans son communiqu\u00e9 publi\u00e9 au terme d\u2019un conseil des ministres, le <strong><a href=\"https:\/\/www.rfi.fr\/fr\/tag\/gabon\/\" rel=\"nofollow noopener\" target=\"_blank\" data-ylk=\"slk:Gabon;elm:context_link;itc:0;sec:content-canvas\" class=\"link \">Gabon<\/a><\/strong> a d\u00e9nonc\u00e9 un partenariat d\u00e9s\u00e9quilibr\u00e9 dont les retomb\u00e9es \u00e9conomiques restent largement insuffisantes par rapport aux richesses extraites par les flottes <strong><a href=\"https:\/\/www.rfi.fr\/fr\/tag\/union-europ\u00e9enne\/\" rel=\"nofollow noopener\" target=\"_blank\" data-ylk=\"slk:europ\u00e9ennes;elm:context_link;itc:0;sec:content-canvas\" class=\"link \">europ\u00e9ennes<\/a><\/strong>. Le Gabon dit craindre des risques accrus de surexploitation des ressources sans b\u00e9n\u00e9ficier des investissements et de cr\u00e9ation emplois.<\/p>\n<p>Le poisson p\u00each\u00e9 est directement exp\u00e9di\u00e9 en Europe depuis la mer alors que Libreville souhaite qu\u2019il soit d\u00e9barqu\u00e9 et transform\u00e9 dans le pays. \u00ab En cons\u00e9quence, le chef de l\u2019\u00c9tat a instruit le gouvernement de mettre en \u0153uvre la proc\u00e9dure de d\u00e9nonciation unilat\u00e9rale de l\u2019accord \u00bb, pr\u00e9cise le communiqu\u00e9.<\/p>\n<p>\u00ab Nous avons accueilli cette d\u00e9cision avec surprise (\u2026), avec une certaine d\u00e9ception parce que c&rsquo;est une coop\u00e9ration ancienne qui a \u00e9t\u00e9 con\u00e7ue pour essayer de soutenir un int\u00e9r\u00eat mutuel \u00bb, a r\u00e9agi dans la presse locale C\u00e9cile Abadie, l\u2019ambassadrice cheffe de la d\u00e9l\u00e9gation de l\u2019Union europ\u00e9enne au Gabon. Tout en reconnaissant une d\u00e9cision souveraine du Gabon, cette derni\u00e8re a affirm\u00e9 que l\u2019Union europ\u00e9enne restait ouverte aux n\u00e9gociations.<\/p>\n<p><a href=\"https:\/\/www.rfi.fr\/fr\/afrique\/20250606-le-gabon-annonce-rompre-son-accord-de-p%C3%AAche-avec-l-union-europ%C3%A9enne\" rel=\"nofollow noopener\" target=\"_blank\" data-ylk=\"slk:Lire la suite sur RFI;elm:context_link;itc:0;sec:content-canvas\" class=\"link \">Lire la suite sur RFI<\/a><\/p>\n","protected":false},"excerpt":{"rendered":"Au Gabon, le pr\u00e9sident Brice Clotaire Oligui Nguema a d\u00e9cid\u00e9 mercredi 4 juin de d\u00e9noncer unilat\u00e9ralement l\u2019accord de&hellip;\n","protected":false},"author":2,"featured_media":159980,"comment_status":"","ping_status":"","sticky":false,"template":"","format":"standard","meta":{"footnotes":""},"categories":[1586],"tags":[11,3193,1777,674,1779,1011,27,1772,7738,12,25,1778,364],"class_list":{"0":"post-159979","1":"post","2":"type-post","3":"status-publish","4":"format-standard","5":"has-post-thumbnail","7":"category-europe","8":"tag-actualites","9":"tag-conseil-des-ministres","10":"tag-eu","11":"tag-europe","12":"tag-european-union","13":"tag-fr","14":"tag-france","15":"tag-gabon","16":"tag-lunion-europeenne","17":"tag-news","18":"tag-republique-francaise","19":"tag-ue","20":"tag-union-europeenne"},"share_on_mastodon":{"url":"https:\/\/pubeurope.com\/@fr\/114645683622763876","error":""},"_links":{"self":[{"href":"https:\/\/www.europesays.com\/fr\/wp-json\/wp\/v2\/posts\/159979","targetHints":{"allow":["GET"]}}],"collection":[{"href":"https:\/\/www.europesays.com\/fr\/wp-json\/wp\/v2\/posts"}],"about":[{"href":"https:\/\/www.europesays.com\/fr\/wp-json\/wp\/v2\/types\/post"}],"author":[{"embeddable":true,"href":"https:\/\/www.europesays.com\/fr\/wp-json\/wp\/v2\/users\/2"}],"replies":[{"embeddable":true,"href":"https:\/\/www.europesays.com\/fr\/wp-json\/wp\/v2\/comments?post=159979"}],"version-history":[{"count":0,"href":"https:\/\/www.europesays.com\/fr\/wp-json\/wp\/v2\/posts\/159979\/revisions"}],"wp:featuredmedia":[{"embeddable":true,"href":"https:\/\/www.europesays.com\/fr\/wp-json\/wp\/v2\/media\/159980"}],"wp:attachment":[{"href":"https:\/\/www.europesays.com\/fr\/wp-json\/wp\/v2\/media?parent=159979"}],"wp:term":[{"taxonomy":"category","embeddable":true,"href":"https:\/\/www.europesays.com\/fr\/wp-json\/wp\/v2\/categories?post=159979"},{"taxonomy":"post_tag","embeddable":true,"href":"https:\/\/www.europesays.com\/fr\/wp-json\/wp\/v2\/tags?post=159979"}],"curies":[{"name":"wp","href":"https:\/\/api.w.org\/{rel}","templated":true}]}}