{"id":159981,"date":"2025-06-08T03:44:13","date_gmt":"2025-06-08T03:44:13","guid":{"rendered":"https:\/\/www.europesays.com\/fr\/159981\/"},"modified":"2025-06-08T03:44:13","modified_gmt":"2025-06-08T03:44:13","slug":"une-trahison-democratique-le-coup-de-gueule-demmanuel-macron-contre-labrogation-des-zones-a-faibles-emissions","status":"publish","type":"post","link":"https:\/\/www.europesays.com\/fr\/159981\/","title":{"rendered":"\u00ab\u00a0Une trahison d\u00e9mocratique\u00a0\u00bb: le coup de gueule d\u2019Emmanuel Macron contre l\u2019abrogation des zones \u00e0 faibles \u00e9missions"},"content":{"rendered":"<p>Dans un entretien \u00e0 Nice-Matin et \u00e0 la presse r\u00e9gionale sur la conf\u00e9rence des Nations Unies sur l\u2019Oc\u00e9an de Nice, <a href=\"https:\/\/www.nicematin.com\/environnement\/l-ocean-est-un-far-west-a-nice-emmanuel-macron-plaide-pour-la-mise-en-place-de-regles-pour-la-haute-mer-989273\" rel=\"nofollow noopener\" target=\"_blank\">Emmanuel Macron n\u2019a pas parl\u00e9 que des Oc\u00e9ans<\/a>. Il a profit\u00e9 de l\u2019\u00e9change avec les journalistes, pour r\u00e9gler ses comptes. La suspension de MaPrimeR\u00e9nov\u2019 en particulier, agace le pr\u00e9sident. \u00ab\u00a0Ce n\u2019est pas le moment de cr\u00e9er des incertitudes sur les dispositifs qu\u2019on a mis en place. Le social et l\u2019environnemental sont des combats jumeaux\u00a0\u00bb, tacle-t-il.<\/p>\n<p>Cette remise en cause de l\u2019\u00e9cologie est \u00ab\u00a0une erreur historique qui consiste \u00e0 tout d\u00e9tricoter\u00a0\u00bb. Il ajoute \u00ab\u00a0ne pas avoir beaucoup de le\u00e7ons d\u2019\u00e9cologie \u00e0 recevoir du champ politique de la part de qui que ce soit\u00a0\u00bb, fustige-t-il. \u00ab\u00a0Les gens qui me donnaient des le\u00e7ons, d\u00e8s qu\u2019il y a quelque chose de difficile, sont les premiers \u00e0 d\u00e9tricoter la loi \u00e9cologique.\u00a0\u00bb<\/p>\n<p>L\u2019abrogation des zones \u00e0 faibles \u00e9missions (ZFE) par l\u2019Assembl\u00e9e nationale est qualifi\u00e9e de \u00ab\u00a0trahison d\u00e9mocratique\u00a0\u00bb, en r\u00e9f\u00e9rence \u00e0 la convention pour le climat qui les avait propuls\u00e9es.<\/p>\n<p>Face \u00e0 ceux font \u00ab\u00a0du chahut autour de l\u2019\u00e9cologie\u00a0\u00bb, il revendique \u00ab\u00a0une \u00e9cologie \u00e0 la fran\u00e7aise, qui n\u2019est pas punitive\u00a0\u00bb. Et dont il se dit \u00eatre \u00ab\u00a0le garant\u00a0\u00bb. \u00c0 ses yeux, \u00ab\u00a0le pays se transforme cahin-caha comme tous les pays du monde\u00a0\u00bb.<\/p>\n","protected":false},"excerpt":{"rendered":"Dans un entretien \u00e0 Nice-Matin et \u00e0 la presse r\u00e9gionale sur la conf\u00e9rence des Nations Unies sur l\u2019Oc\u00e9an&hellip;\n","protected":false},"author":2,"featured_media":159982,"comment_status":"","ping_status":"","sticky":false,"template":"","format":"standard","meta":{"footnotes":""},"categories":[2],"tags":[11,1011,27,12,25,3366],"class_list":{"0":"post-159981","1":"post","2":"type-post","3":"status-publish","4":"format-standard","5":"has-post-thumbnail","7":"category-actualites","8":"tag-actualites","9":"tag-fr","10":"tag-france","11":"tag-news","12":"tag-republique-francaise","13":"tag-vie-locale"},"share_on_mastodon":{"url":"https:\/\/pubeurope.com\/@fr\/114645687599546934","error":""},"_links":{"self":[{"href":"https:\/\/www.europesays.com\/fr\/wp-json\/wp\/v2\/posts\/159981","targetHints":{"allow":["GET"]}}],"collection":[{"href":"https:\/\/www.europesays.com\/fr\/wp-json\/wp\/v2\/posts"}],"about":[{"href":"https:\/\/www.europesays.com\/fr\/wp-json\/wp\/v2\/types\/post"}],"author":[{"embeddable":true,"href":"https:\/\/www.europesays.com\/fr\/wp-json\/wp\/v2\/users\/2"}],"replies":[{"embeddable":true,"href":"https:\/\/www.europesays.com\/fr\/wp-json\/wp\/v2\/comments?post=159981"}],"version-history":[{"count":0,"href":"https:\/\/www.europesays.com\/fr\/wp-json\/wp\/v2\/posts\/159981\/revisions"}],"wp:featuredmedia":[{"embeddable":true,"href":"https:\/\/www.europesays.com\/fr\/wp-json\/wp\/v2\/media\/159982"}],"wp:attachment":[{"href":"https:\/\/www.europesays.com\/fr\/wp-json\/wp\/v2\/media?parent=159981"}],"wp:term":[{"taxonomy":"category","embeddable":true,"href":"https:\/\/www.europesays.com\/fr\/wp-json\/wp\/v2\/categories?post=159981"},{"taxonomy":"post_tag","embeddable":true,"href":"https:\/\/www.europesays.com\/fr\/wp-json\/wp\/v2\/tags?post=159981"}],"curies":[{"name":"wp","href":"https:\/\/api.w.org\/{rel}","templated":true}]}}