{"id":159989,"date":"2025-06-08T03:50:23","date_gmt":"2025-06-08T03:50:23","guid":{"rendered":"https:\/\/www.europesays.com\/fr\/159989\/"},"modified":"2025-06-08T03:50:23","modified_gmt":"2025-06-08T03:50:23","slug":"anne-elisabeth-lemoine-et-bertrand-chameroy-complices-a-roland-garros-ils-volent-la-vedette-a-omar-sy-photos","status":"publish","type":"post","link":"https:\/\/www.europesays.com\/fr\/159989\/","title":{"rendered":"Anne-Elisabeth Lemoine et Bertrand Chameroy complices \u00e0 Roland-Garros, ils volent la vedette \u00e0 Omar Sy (PHOTOS)"},"content":{"rendered":"<p>Ce samedi 7 juin 2025, la finale dames s&rsquo;est d\u00e9roul\u00e9e \u00e0 Roland-Garros. Elle opposait l&rsquo;am\u00e9ricaine Coco Gauff \u00e0 la bi\u00e9lorusse Aryna Sabalenka. Dans les tribunes, de nombreuses stars ont assist\u00e9 \u00e0 ce dernier round, \u00e0 commencer par Anne-\u00c9lisabeth Lemoine et Bertrand Chameroy, le duo mythique de C \u00e0 Vous.<\/p>\n<p>Apr\u00e8s une quinzaine riche en \u00e9motions, notamment avec <a href=\"https:\/\/www.programme-tv.net\/news\/people\/379777-roland-garros-les-stars-presentes-pour-l-emouvant-hommage-rendu-a-rafael-nadal-apres-l-annonce-de-sa-retraite\/\" data-api-deeplink=\"teleloisirs:\/\/news\/379777\" target=\"_blank\" rel=\"noopener\">les adieux de <b>Rafael Nadal<\/b><\/a> le 25 mai dernier, <a href=\"https:\/\/www.programme-tv.net\/news\/sport\/379665-roland-garros-2025-sur-quelles-chaines-suivre-le-tournoi-de-tennis-en-direct\/\" data-api-deeplink=\"teleloisirs:\/\/news\/379665\" target=\"_blank\" rel=\"noopener\">le tournoi de Roland-Garros 2025<\/a> touche \u00e0 sa fin. En attendant la finale hommes qui se d\u00e9roulera ce dimanche 8 juin et qui opposera l&rsquo;Italien <b>Jannik Sinner<\/b> \u00e0 l&rsquo;Espagnol <b>Carlos Alcaraz<\/b>, la finale dames s&rsquo;est jou\u00e9e ce samedi 7 juin dans l&rsquo;enceinte du court Philippe-Chatrier. Deux joueuses se sont affront\u00e9es sur la terre battue du tournoi : <b>Coco Gauff<\/b>, une Am\u00e9ricaine de 21 ans, qui a remport\u00e9 l&rsquo;US Open en 2023 et <b>Aryna Sabalenka<\/b>, une Bi\u00e9lorusse de 27 ans qui a \u00e9t\u00e9 sacr\u00e9e deux fois gagnante de l&rsquo;Open d&rsquo;Australie (respectivement en 2023 et 2024) et l&rsquo;US Open en 2024. Au terme d&rsquo;un match o\u00f9 les deux sportives ont d\u00e9montr\u00e9 leur haut niveau de tennis, c&rsquo;est finalement Coco Gauff qui a remport\u00e9 cette \u00e9dition 2025 de Roland-Garros.<\/p>\n<p>Roland-Garros : Anne-\u00c9lisabeth Lemoine et Bertrand Chameroy ensemble dans les tribunes pour la finale dames<\/p>\n<p>Juste apr\u00e8s sa victoire, la joueuse victorieuse a \u00e9t\u00e9 personnellement f\u00e9licit\u00e9e par <a href=\"https:\/\/www.programme-tv.net\/biographie\/4155-lee-spike\/\" data-link-people=\"bc873b23-d5ac-427b-864d-7be7fdd8eca5\" target=\"_blank\" rel=\"noopener\"><b>Spike Lee<\/b><\/a>, pr\u00e9sent avec sa femme <b>Tonya Lewis Lee<\/b> dans <a href=\"https:\/\/www.programme-tv.net\/news\/people\/380331-adil-rami-et-sa-nouvelle-compagne-louana-franco-a-roland-garros-le-couple-fait-sensation-en-tribunes-photos\/\" data-api-deeplink=\"teleloisirs:\/\/news\/380331\" target=\"_blank\" rel=\"noopener\">les tribunes de Roland-Garros<\/a>. Le r\u00e9alisateur am\u00e9ricain n&rsquo;\u00e9tait pas le seul people \u00e0 assister \u00e0 cette finale dames. <b>Anne-\u00c9lisabeth Lemoine<\/b> et <b>Bertrand Chameroy<\/b> ont \u00e9t\u00e9 vus dans les tribunes du tournoi. <a href=\"https:\/\/www.programme-tv.net\/news\/tv\/370134-on-l-embrasse-tres-fort-anne-elisabeth-lemoine-et-l-equipe-de-c-a-vous-adressent-un-message-a-bertrand-chameroy-absent-jusqu-a-nouvel-ordre\/\" data-api-deeplink=\"teleloisirs:\/\/news\/370134\" target=\"_blank\" rel=\"noopener\">Le duo de C \u00e0 Vous<\/a> a affich\u00e9 sa complicit\u00e9 tout en encourageant les deux finalistes. Ils ont vol\u00e9 la vedette \u00e0 <b>Omar Sy<\/b>, qui n&rsquo;est pas venu seul pour ce dernier round de la comp\u00e9tition. En effet, il \u00e9tait accompagn\u00e9 de <a href=\"https:\/\/www.programme-tv.net\/news\/people\/371628-c-est-pas-non-plus-facile-mais-on-tient-omar-sy-fait-des-confidences-sur-sa-femme-helene-avec-qui-il-est-en-couple-depuis-27-ans\/\" data-api-deeplink=\"teleloisirs:\/\/news\/371628\" target=\"_blank\" rel=\"noopener\">sa femme, <b>H\u00e9l\u00e8ne Sy<\/b><\/a>, avec qui il est mari\u00e9 depuis 2007. Le com\u00e9dien a retrouv\u00e9 <a href=\"https:\/\/www.programme-tv.net\/biographie\/57196-lafitte-laurent\/\" data-link-people=\"72212ffe-1945-4dd5-9425-d1c1475c9864\" target=\"_blank\" rel=\"noopener\"><b>Laurent Lafitte<\/b><\/a>, r\u00e9cemment vu dans <a href=\"https:\/\/www.programme-tv.net\/news\/series-tv\/375047-on-ma-donne-un-role-que-je-nai-jamais-eu-dominique-tapie-tacle-la-serie-de-netflix-consacree-a-son-mari-bernard-tapie\/\" data-api-deeplink=\"teleloisirs:\/\/news\/375047\" target=\"_blank\" rel=\"noopener\">la s\u00e9rie Tapie<\/a> disponible sur Netflix, qui \u00e9tait assis \u00e0 c\u00f4t\u00e9 de lui.<\/p>\n<p>                        Roland-Garros : Retour sur ces couples pr\u00e9sents pendant la quinzaine du tournoi<\/p>\n<p>D&rsquo;autres personnalit\u00e9s \u00e9taient \u00e9galement pr\u00e9sentes pour assister \u00e0 cette finale dames de Roland-Garros 2025 : <a href=\"https:\/\/www.programme-tv.net\/biographie\/2131-ferrari-laurence\/\" data-link-people=\"53512301-9a55-4ac8-a036-66116ad1bba4\" target=\"_blank\" rel=\"noopener\"><b>Laurence Ferrari<\/b><\/a> et son mari <a href=\"https:\/\/www.programme-tv.net\/biographie\/12459-capucon-renaud\/\" data-link-people=\"ee875124-7bc7-4be3-81c4-889299ed844d\" target=\"_blank\" rel=\"noopener\"><b>Renaud Capu\u00e7on<\/b><\/a><b> <\/b>ou encore <b>Dustin Hoffman<\/b>, acteur doublement oscaris\u00e9. Tout au long de la quinzaine, des stars se sont affich\u00e9es en couple, \u00e0 l&rsquo;image de <a href=\"https:\/\/www.programme-tv.net\/biographie\/12213-robin-muriel\/\" data-link-people=\"50bf0e38-2ea1-4b8a-9044-1a1784c17805\" target=\"_blank\" rel=\"noopener\"><b>Muriel Robin<\/b><\/a> et sa compagne <a href=\"https:\/\/www.programme-tv.net\/biographie\/121778-le-nen-anne\/\" data-link-people=\"46fce769-b821-4948-8e38-c934307a8957\" target=\"_blank\" rel=\"noopener\"><b>Anne Le Nen<\/b><\/a>, <b>Vianney<\/b> et sa femme <a href=\"https:\/\/www.programme-tv.net\/biographie\/189546-robert-catherine\/\" data-link-people=\"a5685949-fb6a-4ef1-bef8-a6fa60475ca1\" target=\"_blank\" rel=\"noopener\"><b>Catherine Robert<\/b><\/a><b> <\/b>ou encore <a href=\"https:\/\/www.programme-tv.net\/biographie\/200596-rami-adil\/\" data-link-people=\"d72031ee-361a-417f-a59d-f6912981ce50\" target=\"_blank\" rel=\"noopener\"><b>Adil Rami<\/b><\/a> qui a r\u00e9cemment officialis\u00e9 son histoire d&rsquo;amour avec <a href=\"https:\/\/www.programme-tv.net\/news\/people\/380331-adil-rami-et-sa-nouvelle-compagne-louana-franco-a-roland-garros-le-couple-fait-sensation-en-tribunes-photos\/\" data-api-deeplink=\"teleloisirs:\/\/news\/380331\" target=\"_blank\" rel=\"noopener\">la candidate de t\u00e9l\u00e9-r\u00e9alit\u00e9 <b>Louana Franco<\/b><\/a>.<\/p>\n","protected":false},"excerpt":{"rendered":"Ce samedi 7 juin 2025, la finale dames s&rsquo;est d\u00e9roul\u00e9e \u00e0 Roland-Garros. Elle opposait l&rsquo;am\u00e9ricaine Coco Gauff \u00e0&hellip;\n","protected":false},"author":2,"featured_media":159990,"comment_status":"","ping_status":"","sticky":false,"template":"","format":"standard","meta":{"footnotes":""},"categories":[1415],"tags":[5631,11343,244,15908,1011,27,18580,4171,60,1467,29178],"class_list":{"0":"post-159989","1":"post","2":"type-post","3":"status-publish","4":"format-standard","5":"has-post-thumbnail","7":"category-tennis","8":"tag-anne-elisabeth-lemoine","9":"tag-bertrand-chameroy","10":"tag-commentaire","11":"tag-diaporama","12":"tag-fr","13":"tag-france","14":"tag-omar-sy","15":"tag-roland-garros","16":"tag-sports","17":"tag-tennis","18":"tag-tennis-internationaux-de-france"},"share_on_mastodon":{"url":"https:\/\/pubeurope.com\/@fr\/114645711111325424","error":""},"_links":{"self":[{"href":"https:\/\/www.europesays.com\/fr\/wp-json\/wp\/v2\/posts\/159989","targetHints":{"allow":["GET"]}}],"collection":[{"href":"https:\/\/www.europesays.com\/fr\/wp-json\/wp\/v2\/posts"}],"about":[{"href":"https:\/\/www.europesays.com\/fr\/wp-json\/wp\/v2\/types\/post"}],"author":[{"embeddable":true,"href":"https:\/\/www.europesays.com\/fr\/wp-json\/wp\/v2\/users\/2"}],"replies":[{"embeddable":true,"href":"https:\/\/www.europesays.com\/fr\/wp-json\/wp\/v2\/comments?post=159989"}],"version-history":[{"count":0,"href":"https:\/\/www.europesays.com\/fr\/wp-json\/wp\/v2\/posts\/159989\/revisions"}],"wp:featuredmedia":[{"embeddable":true,"href":"https:\/\/www.europesays.com\/fr\/wp-json\/wp\/v2\/media\/159990"}],"wp:attachment":[{"href":"https:\/\/www.europesays.com\/fr\/wp-json\/wp\/v2\/media?parent=159989"}],"wp:term":[{"taxonomy":"category","embeddable":true,"href":"https:\/\/www.europesays.com\/fr\/wp-json\/wp\/v2\/categories?post=159989"},{"taxonomy":"post_tag","embeddable":true,"href":"https:\/\/www.europesays.com\/fr\/wp-json\/wp\/v2\/tags?post=159989"}],"curies":[{"name":"wp","href":"https:\/\/api.w.org\/{rel}","templated":true}]}}