{"id":160009,"date":"2025-06-08T04:01:26","date_gmt":"2025-06-08T04:01:26","guid":{"rendered":"https:\/\/www.europesays.com\/fr\/160009\/"},"modified":"2025-06-08T04:01:26","modified_gmt":"2025-06-08T04:01:26","slug":"il-y-a-40-ans-le-terminator-de-james-cameron-enflammait-avoriaz-mais-pas-michel-blanc","status":"publish","type":"post","link":"https:\/\/www.europesays.com\/fr\/160009\/","title":{"rendered":"il y a 40 ans, le \u00ab\u00a0Terminator\u00a0\u00bb de James Cameron enflammait Avoriaz&#8230; mais pas Michel Blanc"},"content":{"rendered":"<p>C\u2019\u00e9tait il y a \u00e0 peine quarante ans. Le 24 avril 1985, les cin\u00e9philes fran\u00e7ais d\u00e9couvraient pour la toute premi\u00e8re fois un film \u00e0 petit budget aujourd\u2019hui entr\u00e9 dans la l\u00e9gende\u00a0: Terminator. Et par la m\u00eame occasion celui qui deviendra des ann\u00e9es plus tard le roi du box-office, <a href=\"https:\/\/www.ledauphine.com\/culture-loisirs\/2022\/12\/10\/james-cameron-nous-devons-redefinir-ce-qu-est-la-richesse\" target=\"_blank\" rel=\"nofollow noopener\">James Cameron<\/a>.<\/p>\n<p>Mais c\u2019est en Haute-Savoie que le cin\u00e9aste canadien a vraiment fait parler de lui dans nos contr\u00e9es, apr\u00e8s son premier long-m\u00e9trage (Piranha 2) pass\u00e9 totalement inaper\u00e7u. \u00c0 l&rsquo;occasion du Festival international du film fantastique d&rsquo;Avoriaz, des spectateurs ont en effet pu entendre r\u00e9sonner pour la premi\u00e8re fois dans les enceintes d\u2019un cin\u00e9ma fran\u00e7ais le \u00ab\u00a0I\u2019ll be back\u00a0\u00bb (\u00ab\u00a0Je reviendrai\u00a0\u00bb, en fran\u00e7ais) du T-800, implacable machine \u00e0 tuer camp\u00e9e par un jeune Arnold Schwarzenegger, d\u00e9j\u00e0 r\u00e9v\u00e9l\u00e9 quelques ann\u00e9es plus t\u00f4t sous les traits de Conan le barbare dans le film de John Milius.<\/p>\n<p>S\u00e9lectionn\u00e9 en comp\u00e9tition officielle, Terminator faisait notamment face aux Griffes de la nuit de Wes Craven, premier opus\u00a0qui r\u00e9v\u00e9lera Freddy Krueger, autre protagoniste culte du cin\u00e9ma d&rsquo;horreur.<\/p>\n<p>Dans la bataille, c&rsquo;est finalement, le film de James Cameron qui repartira avec le Grand prix (r\u00e9compense la plus prestigieuse du festival haut-savoyard). Il aura donc r\u00e9ussi \u00e0 s\u00e9duire un jury compos\u00e9 notamment de <a href=\"https:\/\/www.ledauphine.com\/p\/robert-de-niro\" target=\"_blank\" rel=\"nofollow noopener\">Robert De Niro<\/a> (pr\u00e9sident), Claude Pinoteau, Claude Zidi, Nicole Garcia, Christopher Walken\u2026 Rien que \u00e7a.<\/p>\n<p>  Terminator\u00a0: <a href=\"https:\/\/www.ledauphine.com\/p\/michel-blanc\" target=\"_blank\" rel=\"nofollow noopener\">Michel Blanc<\/a>\u00a0a d\u00e9test\u00e9&#8230;<\/p>\n<p>Ce sacre n&rsquo;a cependant pas plu \u00e0 tout le monde. \u00c0 commencer par Michel Blanc dont la critique acerbe du film a \u00e9t\u00e9 exhum\u00e9e dans le documentaire\u00a0Du sang sur la neige,\u00a0consacr\u00e9 au festival d&rsquo;Avoriaz\u00a0:\u00a0\u00ab\u00a0Hier soir, j\u2019ai vu [au festival d\u2019Avoriaz] un film qui s\u2019appelle The Terminator et qui est d\u2019une b\u00eatise effondrante, film\u00e9 comme Starsky et Hutch. Alors si c\u2019est \u00e7a, c\u2019est \u00e9videmment un peu d\u00e9cevant. Comme en plus il a des chances d\u2019avoir le prix, je tiens \u00e0 dire que je consid\u00e8re \u00e7a comme de la merde.\u00a0\u00bb \u00c0 d\u00e9faut d\u2019avoir eu le nez creux, on ne peut pas reprocher \u00e0 l&rsquo;inoubliable interpr\u00e8te de Jean-Claude Dusse\u00a0d\u2019avoir fait preuve de manque de franchise&#8230;<\/p>\n<p>\u00a0&#8230;Claude Brasseur aussi<\/p>\n<p>Mais Michel Blanc\u00a0n&rsquo;a pas \u00e9t\u00e9 le seul \u00e0 avoir \u00e9t\u00e9 peu convaincu par le deuxi\u00e8me film de la carri\u00e8re de James Cameron. Claude Brasseur y est aussi all\u00e9 de son commentaire, d\u00e9zinguant\u00a0au passage le futur gouverneur de Californie : \u00ab Quand je vois qu&rsquo;aujourd&rsquo;hui, l&rsquo;homme fort est repr\u00e9sent\u00e9 par certains cin\u00e9astes par un monsieur qui a \u00e9t\u00e9 quatre ou cinq fois monsieur univers avec des gros muscles&#8230; Ce n&rsquo;est pas exactement comme \u00e7a que je me repr\u00e9sente l&rsquo;homme fort, alors j&rsquo;ai plut\u00f4t tendance \u00e0 rigoler qu&rsquo;\u00e0 y croire.\u00a0\u00bb<\/p>\n<p>  Une saga aujourd&rsquo;hui culte<\/p>\n<p>Malgr\u00e9 ces quelques voix discordantes, le premier Terminator aura connu un vif succ\u00e8s en France en comptabilisant plus de 3 millions d&rsquo;entr\u00e9es. Sa suite directe, Le jugement dernier,\u00a0attirera\u00a0quant \u00e0 elle plus de 6 millions de spectateurs fran\u00e7ais en 1991.<\/p>\n<p>Hormis les Terminator, James Cameron a encha\u00een\u00e9 les succ\u00e8s avec <a href=\"https:\/\/www.ledauphine.com\/culture-loisirs\/2024\/04\/04\/avatar-titanic-la-cinematheque-francaise-met-en-lumiere-l-art-de-james-cameron\" target=\"_blank\" rel=\"nofollow noopener\">Aliens, le retour, Abyss, Titanic<\/a>&#8230; Aujourd&rsquo;hui accapar\u00e9 par\u00a0<a href=\"https:\/\/www.ledauphine.com\/culture-loisirs\/2022\/12\/14\/avatar-la-voie-de-l-eau-de-james-cameron-un-film-au-futur-anterieur\" target=\"_blank\" rel=\"nofollow noopener\">Avatar et ses suites<\/a>\u00a0(le troisi\u00e8me devrait sortir \u00e0 la fin de l&rsquo;ann\u00e9e), le Canadien devrait bient\u00f4t quitter l&rsquo;univers de Pandora pour adapter au cin\u00e9ma deux romans historiques\u00a0de l&rsquo;\u00e9crivain am\u00e9ricain Charles Pellegrino sur Hiroshima (To hell and back\u00a0: the last train from Hiroshima et Ghosts of Hiroshima). Si le premier n&rsquo;a jamais \u00e9t\u00e9 publi\u00e9 en France, le second devrait \u00eatre disponible dans les librairies aux \u00c9tats-Unis en ao\u00fbt prochain.<\/p>\n<p class=\"insetTitle\">Festival d&rsquo;Avoriaz : une vitrine victime de son \u00ab image bling-bling \u00bb<\/p>\n<p>V\u00e9ritable vitrine du cin\u00e9ma fantastique, le festival d&rsquo;Avoriaz\u00a0a \u00e9t\u00e9 cr\u00e9\u00e9 en 1973 par Lionel Chouchan et G\u00e9rard Br\u00e9mond, l&rsquo;\u00e9v\u00e9nement a r\u00e9v\u00e9l\u00e9 et sacr\u00e9 certains des plus grands r\u00e9alisateurs de l&rsquo;histoire\u00a0: <a href=\"https:\/\/www.ledauphine.com\/p\/steven-spielberg\" target=\"_blank\" rel=\"nofollow noopener\">Steven Spielberg<\/a>, Brian De Palma, George Miller, David Cronenberg&#8230;<\/p>\n<p>Malgr\u00e9 le succ\u00e8s, le Festival s&rsquo;est arr\u00eat\u00e9 en 1993, notamment en raison des infrastructures limit\u00e9es de la station haut-savoyarde. \u00ab\u00a0On se retrouvait avec une client\u00e8le du style Courchevel, Meg\u00e8ve, alors qu&rsquo;on est une station familiale, sans grandes marques de luxe et sans chalets de 500 m\u00b2\u00a0\u00bb, expliquait <a href=\"https:\/\/www.ledauphine.com\/culture-loisirs\/2023\/01\/23\/avoriaz-le-festival-qui-n-avait-peur-de-rien\" target=\"_blank\" rel=\"nofollow noopener\">dans nos colonnes<\/a> G\u00e9rard Br\u00e9mond. \u00ab\u00a0Cette image bling-bling ne collait plus \u00e0 nos aspirations.\u00a0\u00bb<\/p>\n","protected":false},"excerpt":{"rendered":"C\u2019\u00e9tait il y a \u00e0 peine quarante ans. Le 24 avril 1985, les cin\u00e9philes fran\u00e7ais d\u00e9couvraient pour la&hellip;\n","protected":false},"author":2,"featured_media":160010,"comment_status":"","ping_status":"","sticky":false,"template":"","format":"standard","meta":{"footnotes":""},"categories":[1354],"tags":[650,1687,58,59,107,1346,1011,27,329,4638,6225,1360,273],"class_list":{"0":"post-160009","1":"post","2":"type-post","3":"status-publish","4":"format-standard","5":"has-post-thumbnail","7":"category-films","8":"tag-cinema","9":"tag-culture-loisirs","10":"tag-divertissement","11":"tag-entertainment","12":"tag-fil-info","13":"tag-films","14":"tag-fr","15":"tag-france","16":"tag-france-monde","17":"tag-haute-savoie","18":"tag-la-matinale","19":"tag-movies","20":"tag-selection-de-la-redaction"},"share_on_mastodon":{"url":"https:\/\/pubeurope.com\/@fr\/114645754406077358","error":""},"_links":{"self":[{"href":"https:\/\/www.europesays.com\/fr\/wp-json\/wp\/v2\/posts\/160009","targetHints":{"allow":["GET"]}}],"collection":[{"href":"https:\/\/www.europesays.com\/fr\/wp-json\/wp\/v2\/posts"}],"about":[{"href":"https:\/\/www.europesays.com\/fr\/wp-json\/wp\/v2\/types\/post"}],"author":[{"embeddable":true,"href":"https:\/\/www.europesays.com\/fr\/wp-json\/wp\/v2\/users\/2"}],"replies":[{"embeddable":true,"href":"https:\/\/www.europesays.com\/fr\/wp-json\/wp\/v2\/comments?post=160009"}],"version-history":[{"count":0,"href":"https:\/\/www.europesays.com\/fr\/wp-json\/wp\/v2\/posts\/160009\/revisions"}],"wp:featuredmedia":[{"embeddable":true,"href":"https:\/\/www.europesays.com\/fr\/wp-json\/wp\/v2\/media\/160010"}],"wp:attachment":[{"href":"https:\/\/www.europesays.com\/fr\/wp-json\/wp\/v2\/media?parent=160009"}],"wp:term":[{"taxonomy":"category","embeddable":true,"href":"https:\/\/www.europesays.com\/fr\/wp-json\/wp\/v2\/categories?post=160009"},{"taxonomy":"post_tag","embeddable":true,"href":"https:\/\/www.europesays.com\/fr\/wp-json\/wp\/v2\/tags?post=160009"}],"curies":[{"name":"wp","href":"https:\/\/api.w.org\/{rel}","templated":true}]}}