{"id":160013,"date":"2025-06-08T04:03:11","date_gmt":"2025-06-08T04:03:11","guid":{"rendered":"https:\/\/www.europesays.com\/fr\/160013\/"},"modified":"2025-06-08T04:03:11","modified_gmt":"2025-06-08T04:03:11","slug":"le-grand-message-de-nasser-al-khelaifi-aux-salaries-du-psg","status":"publish","type":"post","link":"https:\/\/www.europesays.com\/fr\/160013\/","title":{"rendered":"Le grand message de Nasser Al-Khela\u00effi aux salari\u00e9s du PSG"},"content":{"rendered":"<p><strong>Nasser Al-Khela\u00effi, pr\u00e9sident du Paris Saint-Germain, a adress\u00e9 une lettre \u00e0 tous les salari\u00e9s du club apr\u00e8s la victoire en finale de la Ligue des Champions 2024-2025 samedi dernier contre l\u2019Inter Milan. Un superbe 5-0 qui permet de marquer l\u2019histoire en remportant cette comp\u00e9tition pour la premi\u00e8re fois. Logiquement, il affiche une grande fiert\u00e9. Ainsi que la volont\u00e9 d\u2019avancer encore.<\/strong><\/p>\n<p><img decoding=\"async\" class=\"aligncenter lazyload\" alt=\"Aucune description disponible.\" src=\"https:\/\/www.europesays.com\/fr\/wp-content\/uploads\/2025\/06\/503330251_738031015565617_5182493047225589871_n.jpg\"\/><\/p>\n<p>Al-Khela\u00effi est ici dans la lign\u00e9e de ses prises de parole depuis la victoire. C\u2019est \u00e9videmment un grand moment \u00e0 savourer que de pouvoir soulever ce troph\u00e9e si prestigieux. Il y a l\u2019immense r\u00e9compense du travail accompli pendant de nombreuses ann\u00e9es, ainsi que la reconnaissance du football mondial.<\/p>\n<p>Mais cela ne doit pas \u00eatre vu comme une finalit\u00e9. Plut\u00f4t comme une base solide, presque un tremplin, pour encore de nombreuses belles ann\u00e9es. Le PSG a r\u00e9ussi un d\u00e9veloppement impressionnant et peut pr\u00e9tendre \u00e0 une place dans la dur\u00e9e au sein du top niveau mondial. M\u00eame s\u2019il sera impossible de remporter toutes les Ligue des Champions, Paris est un candidat s\u00e9rieux chaque ann\u00e9e.<\/p>\n<p>Ce qui ne viendra pas tout seul non plus. Autant au niveau sportif que pour les autres sections du club, le travail doit continuer. Ce n\u2019est pas le moment de se rel\u00e2cher, m\u00eame s\u2019il ne faut pas oublier de profiter du moment.<\/p>\n<p>\t\t\t\t\t\t\t\t\t\t\t\t\t\t\t\t\t\t\t\t\t\t\t<img loading=\"lazy\" src=\"https:\/\/www.europesays.com\/fr\/wp-content\/uploads\/2025\/04\/ParisFans_Logo.png\" decoding=\"async\" class=\"lazyload\" width=\"240\" height=\"54\" data-eio-rwidth=\"240\" data-eio-rheight=\"54\"\/><\/p>\n","protected":false},"excerpt":{"rendered":"Nasser Al-Khela\u00effi, pr\u00e9sident du Paris Saint-Germain, a adress\u00e9 une lettre \u00e0 tous les salari\u00e9s du club apr\u00e8s la&hellip;\n","protected":false},"author":2,"featured_media":160014,"comment_status":"","ping_status":"","sticky":false,"template":"","format":"standard","meta":{"footnotes":""},"categories":[9],"tags":[1011,27,11486,60],"class_list":{"0":"post-160013","1":"post","2":"type-post","3":"status-publish","4":"format-standard","5":"has-post-thumbnail","7":"category-sports","8":"tag-fr","9":"tag-france","10":"tag-nasser-al-khelaifi","11":"tag-sports"},"share_on_mastodon":{"url":"https:\/\/pubeurope.com\/@fr\/114645762344147406","error":""},"_links":{"self":[{"href":"https:\/\/www.europesays.com\/fr\/wp-json\/wp\/v2\/posts\/160013","targetHints":{"allow":["GET"]}}],"collection":[{"href":"https:\/\/www.europesays.com\/fr\/wp-json\/wp\/v2\/posts"}],"about":[{"href":"https:\/\/www.europesays.com\/fr\/wp-json\/wp\/v2\/types\/post"}],"author":[{"embeddable":true,"href":"https:\/\/www.europesays.com\/fr\/wp-json\/wp\/v2\/users\/2"}],"replies":[{"embeddable":true,"href":"https:\/\/www.europesays.com\/fr\/wp-json\/wp\/v2\/comments?post=160013"}],"version-history":[{"count":0,"href":"https:\/\/www.europesays.com\/fr\/wp-json\/wp\/v2\/posts\/160013\/revisions"}],"wp:featuredmedia":[{"embeddable":true,"href":"https:\/\/www.europesays.com\/fr\/wp-json\/wp\/v2\/media\/160014"}],"wp:attachment":[{"href":"https:\/\/www.europesays.com\/fr\/wp-json\/wp\/v2\/media?parent=160013"}],"wp:term":[{"taxonomy":"category","embeddable":true,"href":"https:\/\/www.europesays.com\/fr\/wp-json\/wp\/v2\/categories?post=160013"},{"taxonomy":"post_tag","embeddable":true,"href":"https:\/\/www.europesays.com\/fr\/wp-json\/wp\/v2\/tags?post=160013"}],"curies":[{"name":"wp","href":"https:\/\/api.w.org\/{rel}","templated":true}]}}