{"id":160033,"date":"2025-06-08T04:13:54","date_gmt":"2025-06-08T04:13:54","guid":{"rendered":"https:\/\/www.europesays.com\/fr\/160033\/"},"modified":"2025-06-08T04:13:54","modified_gmt":"2025-06-08T04:13:54","slug":"ball-ligue-a-feminine-vandoeuvre-nancy-parie-sur-la-centrale-neerlandaise-laura-de-zwart","status":"publish","type":"post","link":"https:\/\/www.europesays.com\/fr\/160033\/","title":{"rendered":"ball &#8211; Ligue A f\u00e9minine. Vandoeuvre Nancy parie sur la centrale n\u00e9erlandaise Laura De Zwart"},"content":{"rendered":"<p>Tout en suivant de pr\u00e8s, sans vraiment s\u2019en r\u00e9jouir, <a href=\"https:\/\/www.estrepublicain.fr\/sport\/2025\/05\/22\/coupe-d-europe-le-vnvb-met-un-pied-dans-la-porte\" target=\"_blank\" rel=\"noopener\">la sant\u00e9 financi\u00e8re de ses concurrents<\/a> (Aix-Venelles en redressement judiciaire, retrait de Nantes du volley professionnel\u2026) et ses \u00e9ventuelles perspectives de gravir les \u00e9chelons sur la sc\u00e8ne europ\u00e9enne (Challenge Cup ou CEV cup\u00a0?), le VNVB poursuit la construction de son effectif, pierre par pierre. <a href=\"https:\/\/www.estrepublicain.fr\/sport\/2025\/05\/28\/tripolitsiotis-et-yoshida-les-entraineurs-adjoints-grec-et-japonais-de-vandoeuvre-nancy\" target=\"_blank\" rel=\"noopener\">Le staff technique au complet<\/a> , le club vandop\u00e9rien a ensuite annonc\u00e9 la signature de <a href=\"https:\/\/www.estrepublicain.fr\/sport\/2025\/05\/08\/le-vnvb-tient-sa-premiere-recrue\" target=\"_blank\" rel=\"noopener\">l\u2019Am\u00e9ricaine Margaret Wolowicz<\/a> , puis <a href=\"https:\/\/www.estrepublicain.fr\/sport\/2025\/06\/01\/retour-d-ajla-paradzik-le-joli-coup-de-vandoeuvre-nancy\" target=\"_blank\" rel=\"noopener\">le retour de la centrale bosnienne Ajla Paradzik<\/a>.<\/p>\n<p>Ce dimanche, le VNVB officialise l\u2019arriv\u00e9e d\u2019une autre centrale\u00a0: la N\u00e9erlandaise Laura De Zwart (26 ans\u00a0; 1,99m). Une joueuse de grande taille, exp\u00e9riment\u00e9e, qui a eu l\u2019occasion de fr\u00e9quenter le championnat allemand, entre\u00a02019 et\u00a02022 (Dresde, puis Th\u00fcringen). Outre son solide cursus de volleyeuse pro, Laura De Zwart a derri\u00e8re elle un parcours de vie particulier, puisqu\u2019elle a d\u00fb mettre sa carri\u00e8re entre parenth\u00e8ses pendant deux ans pour soigner une grave maladie.<\/p>\n<p>Ce contenu est bloqu\u00e9 car vous n&rsquo;avez pas accept\u00e9 les cookies et autres traceurs.<\/p>\n<p>En cliquant sur \u00ab J\u2019accepte \u00bb, les cookies et autres traceurs seront d\u00e9pos\u00e9s et vous pourrez visualiser les contenus  (<a href=\"\" class=\"consentModule_policy\" target=\"_blank\" title=\"Consulter la politique de protection des donn\u00e9es du fournisseur\">plus d&rsquo;informations<\/a>).<\/p>\n<p>En cliquant sur \u00ab J\u2019accepte tous les cookies \u00bb, vous autorisez des d\u00e9p\u00f4ts de cookies et autres traceurs pour le stockage de vos donn\u00e9es sur nos sites et applications \u00e0 des fins de personnalisation et de ciblage publicitaire.<\/p>\n<p class=\"consentModule_secondaryText\">Vous gardez la possibilit\u00e9 de retirer votre consentement \u00e0 tout moment en consultant notre <a href=\"https:\/\/www.estrepublicain.fr\/protection-des-donnees\" target=\"_blank\" title=\"Consulter notre politique de protection des donn\u00e9es\" rel=\"noopener\">politique de protection des donn\u00e9es<\/a>. <br \/>&#13;<br \/>\n            <a href=\"https:\/\/www.estrepublicain.fr\/sport\/2025\/06\/08\/javascript:Didomi.notice.show()\" class=\"consentModule_cmp\" target=\"_blank\" rel=\"noopener\">G\u00e9rer mes choix<\/a>&#13;\n        <\/p>\n<p>&#13;<br \/>\n                        J&rsquo;accepte&#13;<br \/>\n            J&rsquo;accepte tous les cookies&#13;\n        <\/p>\n<p>La saison derni\u00e8re, elle a retrouv\u00e9 les terrains, avec le maillot de Sliedrecht (Pays-Bas) sur les \u00e9paules. \u00ab\u00a0L\u2019arriv\u00e9e de Laura est une excellente nouvelle pour le VNVB\u00a0\u00bb, se r\u00e9jouit l\u2019entra\u00eeneur vandop\u00e9rien Nicola Vettori, \u00ab\u00a0sa taille, son exp\u00e9rience internationale et sa force mentale seront des atouts majeurs pour notre \u00e9quipe\u00a0\u00bb. \u00ab\u00a0Laura incarne parfaitement les valeurs de notre club\u00a0: d\u00e9termination, excellence et esprit d\u2019\u00e9quipe. Son parcours est une le\u00e7on de vie et une source de motivation pour tous\u00a0\u00bb, appuie le pr\u00e9sident Patrick Venturini.<\/p>\n","protected":false},"excerpt":{"rendered":"Tout en suivant de pr\u00e8s, sans vraiment s\u2019en r\u00e9jouir, la sant\u00e9 financi\u00e8re de ses concurrents (Aix-Venelles en redressement&hellip;\n","protected":false},"author":2,"featured_media":160034,"comment_status":"","ping_status":"","sticky":false,"template":"","format":"standard","meta":{"footnotes":""},"categories":[9635],"tags":[1111,11,1791,1704,1777,674,107,1701,1011,27,775,6364,1702,12,25,517,1700,5711,1750,1632],"class_list":{"0":"post-160033","1":"post","2":"type-post","3":"status-publish","4":"format-standard","5":"has-post-thumbnail","7":"category-nancy","8":"tag-actu","9":"tag-actualites","10":"tag-basket-ball","11":"tag-edition-nancy-et-agglomeration","12":"tag-eu","13":"tag-europe","14":"tag-fil-info","15":"tag-fil-info-sport","16":"tag-fr","17":"tag-france","18":"tag-grand-est","19":"tag-metropole-du-grand-nancy-54b1","20":"tag-nancy","21":"tag-news","22":"tag-republique-francaise","23":"tag-sport","24":"tag-sport-lorrain","25":"tag-vandoeuvre-les-nancy","26":"tag-vnvb","27":"tag-volley-ball"},"share_on_mastodon":{"url":"https:\/\/pubeurope.com\/@fr\/114645805942624694","error":""},"_links":{"self":[{"href":"https:\/\/www.europesays.com\/fr\/wp-json\/wp\/v2\/posts\/160033","targetHints":{"allow":["GET"]}}],"collection":[{"href":"https:\/\/www.europesays.com\/fr\/wp-json\/wp\/v2\/posts"}],"about":[{"href":"https:\/\/www.europesays.com\/fr\/wp-json\/wp\/v2\/types\/post"}],"author":[{"embeddable":true,"href":"https:\/\/www.europesays.com\/fr\/wp-json\/wp\/v2\/users\/2"}],"replies":[{"embeddable":true,"href":"https:\/\/www.europesays.com\/fr\/wp-json\/wp\/v2\/comments?post=160033"}],"version-history":[{"count":0,"href":"https:\/\/www.europesays.com\/fr\/wp-json\/wp\/v2\/posts\/160033\/revisions"}],"wp:featuredmedia":[{"embeddable":true,"href":"https:\/\/www.europesays.com\/fr\/wp-json\/wp\/v2\/media\/160034"}],"wp:attachment":[{"href":"https:\/\/www.europesays.com\/fr\/wp-json\/wp\/v2\/media?parent=160033"}],"wp:term":[{"taxonomy":"category","embeddable":true,"href":"https:\/\/www.europesays.com\/fr\/wp-json\/wp\/v2\/categories?post=160033"},{"taxonomy":"post_tag","embeddable":true,"href":"https:\/\/www.europesays.com\/fr\/wp-json\/wp\/v2\/tags?post=160033"}],"curies":[{"name":"wp","href":"https:\/\/api.w.org\/{rel}","templated":true}]}}