{"id":160053,"date":"2025-06-08T04:29:04","date_gmt":"2025-06-08T04:29:04","guid":{"rendered":"https:\/\/www.europesays.com\/fr\/160053\/"},"modified":"2025-06-08T04:29:04","modified_gmt":"2025-06-08T04:29:04","slug":"en-alsace-la-resistance-au-coeur-du-reich","status":"publish","type":"post","link":"https:\/\/www.europesays.com\/fr\/160053\/","title":{"rendered":"En Alsace, la R\u00e9sistance au coeur du Reich"},"content":{"rendered":"<p>Le 14 avril 1942, Marcel Weinum, un \u00e9tudiant strasbourgeois de 18 ans, est d\u00e9capit\u00e9 \u00e0 Stuttgart. Condamn\u00e9 \u00e0 mort par les nazis pour avoir tent\u00e9 d\u2019assassiner le <a href=\"https:\/\/www.cnrtl.fr\/definition\/gauleiter\" target=\"_blank\" rel=\"noreferrer noopener\">gauleiter<\/a> Robert Wagner \u00e0 Strasbourg l\u2019ann\u00e9e pr\u00e9c\u00e9dente, il est une des rares figures de r\u00e9sistant connue en Alsace. Le fondateur du groupe de La Main noire n\u2019est, toutefois, pas le seul Alsacien \u00e0 s\u2019\u00eatre oppos\u00e9 au r\u00e9gime nazi.<\/p>\n<p>D\u00e8s l\u2019automne 1940, quelques semaines seulement apr\u00e8s la d\u00e9faite de l\u2019arm\u00e9e fran\u00e7aise, des groupes clandestins s\u2019organisent. Cheftaine des guides de France, Lucienne Welschinger fonde avec plusieurs amies, toutes engag\u00e9es dans le scoutisme, l\u2019<a href=\"https:\/\/fr.wikipedia.org\/wiki\/%C3%89quipe_Pur_Sang\" target=\"_blank\" rel=\"noreferrer noopener\">\u00e9quipe Pur-Sang<\/a>. Dans un premier temps, elles fournissent une aide mat\u00e9rielle aux prisonniers de guerre fran\u00e7ais d\u00e9tenus en Alsace. Mais rapidement, elles mettent \u00e0 profit leurs connaissances des itin\u00e9raires de randonn\u00e9e dans les Vosges pour organiser des \u00e9vasions vers la France.<\/p>\n<p><img loading=\"lazy\" decoding=\"async\" width=\"792\" height=\"526\" src=\"https:\/\/www.europesays.com\/fr\/wp-content\/uploads\/2025\/06\/resistance-alsa-5-792x526.jpg\" alt=\"\" class=\"wp-image-345902\"  \/> Une colonne de prisonniers fran\u00e7ais en 1940.Photo\u00a0: Archives de Strasbourg<\/p>\n<p>Pour l\u2019historien Jean-Claude Richez, qui publie l\u2019<a href=\"https:\/\/nouveautes-editeurs.bnf.fr\/accueil?id_declaration=10000001170059&amp;titre_livre=R%C3%A9sistantes_et_R%C3%A9sistants_Strasbourgeois\" target=\"_blank\" rel=\"noreferrer noopener\">ouvrage collectif<\/a> \u00ab\u00a0R\u00e9sistantes et r\u00e9sistants strasbourgeois\u00a0\u00bb, \u00ab\u00a0le scoutisme joue un r\u00f4le important dans les parcours de r\u00e9sistants en Alsace et ailleurs. Les valeurs, l\u2019autonomie et la sociabilit\u00e9 scoute favorisant l\u2019engagement des personnes.\u00a0\u00bb<\/p>\n<p>L\u2019\u00e9quipe Pur-Sang d\u00e9veloppe un important r\u00e9seau et fait \u00e9vader 250 prisonniers jusqu\u2019en 1942. Paul Widmann, un architecte strasbourgeois, fournit les faux papiers n\u00e9cessaires aux fugitifs. Lui s\u2019est engag\u00e9 d\u00e8s l\u2019annexion dans le <a href=\"https:\/\/fr.wikipedia.org\/wiki\/R%C3%A9seau_Hector\" target=\"_blank\" rel=\"noreferrer noopener\">r\u00e9seau Hector<\/a>, cr\u00e9\u00e9 par des militaires fran\u00e7ais pour espionner l\u2019arm\u00e9e allemande en zone occup\u00e9e. Aid\u00e9 par son \u00e9pouse et un solide r\u00e9seau de contacts, il fournit des renseignements au r\u00e9gime de Vichy, puis aux alli\u00e9s.<\/p>\n<p><img loading=\"lazy\" decoding=\"async\" width=\"792\" height=\"584\" src=\"https:\/\/www.europesays.com\/fr\/wp-content\/uploads\/2025\/06\/resistance-alsa-11-792x584.jpg\" alt=\"\" class=\"wp-image-345905\"  \/> L\u2019\u00e9quipe Pur-Sang. De gauche \u00e0 droite, Lucienne Welschinger, Emmy Weisheimer, Alice Daul, Marie-Louise Daul et Paulette Falbisaner lors de la remise de la m\u00e9daille de la R\u00e9sistance fran\u00e7aise par le g\u00e9n\u00e9ral Langlade le 15 d\u00e9cembre 1946 dans la cour du coll\u00e8ge Saint-Etienne \u00e0 Strasbourg.Photo\u00a0: Document remis par l\u2019AERIA<\/p>\n<p><a href=\"https:\/\/www.rue89strasbourg.com\/abonnement\" target=\"_blank\" rel=\"noopener\"><img loading=\"lazy\" decoding=\"async\" width=\"970\" height=\"250\" src=\"https:\/\/www.europesays.com\/fr\/wp-content\/uploads\/2025\/05\/bannie\u0300re-autopromo-2025-desktop-1.gif\" alt=\"\" class=\"wp-image-343590\" style=\"width:792px\"\/><\/a><\/p>\n<p><a href=\"https:\/\/www.rue89strasbourg.com\/abonnement\" target=\"_blank\" rel=\"noopener\"><img loading=\"lazy\" decoding=\"async\" width=\"300\" height=\"300\" src=\"https:\/\/www.europesays.com\/fr\/wp-content\/uploads\/2025\/05\/bannieres@2x.png\" alt=\"\" class=\"wp-image-341656\"  \/><\/a><\/p>\n<p>La r\u00e9sistance se d\u00e9veloppe malgr\u00e9 tout<\/p>\n<p>La nazification \u00e0 marche forc\u00e9e de l\u2019Alsace complique la t\u00e2che de ces premiers r\u00e9sistants. \u00ab\u00a0Le parti nazi et les structures de masse sont implant\u00e9es, tout l\u2019appareil de contr\u00f4le et de r\u00e9pression est en place tr\u00e8s t\u00f4t\u00a0\u00bb, explique Jean-Claude Richez. Malgr\u00e9 cela, des organisations clandestines se structurent. <a href=\"https:\/\/fr.wikipedia.org\/wiki\/Septi%C3%A8me_colonne_d%27Alsace_(R%C3%A9seau_Martial)\" target=\"_blank\" rel=\"noreferrer noopener\">La Septi\u00e8me colonne d\u2019Alsace<\/a> et le v\u00e9t\u00e9rinaire <a href=\"https:\/\/fr.wikipedia.org\/wiki\/Charles_Bareiss\" target=\"_blank\" rel=\"noreferrer noopener\">Charles Bareiss<\/a> d\u00e9veloppent d\u2019importants r\u00e9seaux de renseignements et d\u2019\u00e9vasions. \u00c0 Strasbourg, <a href=\"https:\/\/fr.wikipedia.org\/wiki\/La_Main_noire_(France)\" target=\"_blank\" rel=\"noreferrer noopener\">La Main noire<\/a> multiplie les actions de propagande antinazie. En 1941, ils sont rejoints par le <a href=\"https:\/\/fr.wikipedia.org\/wiki\/Front_de_la_jeunesse_alsacienne\" target=\"_blank\" rel=\"noreferrer noopener\">Front de la jeunesse alsacienne<\/a> constitu\u00e9 par des \u00e9tudiants strasbourgeois. Ces derniers diffusent en 1942 des milliers de tracts invitant les jeunes alsaciens \u00e0 refuser l\u2019incorporation de Force.<\/p>\n<p><img loading=\"lazy\" decoding=\"async\" width=\"792\" height=\"1065\" data-id=\"345908\" src=\"https:\/\/www.europesays.com\/fr\/wp-content\/uploads\/2025\/06\/resistance-alsa-6-792x1065.jpg\" alt=\"\" class=\"wp-image-345908\"  \/> Marcel Weinum, fondateur de La main noire.Photo\u00a0: BNU Strasbourg<\/p>\n<p><img loading=\"lazy\" decoding=\"async\" width=\"792\" height=\"1059\" data-id=\"345907\" src=\"https:\/\/www.europesays.com\/fr\/wp-content\/uploads\/2025\/06\/resistance-alsa-9-792x1059.jpg\" alt=\"\" class=\"wp-image-345907\"  \/> Alphonse Adam, fondateur du Front de la jeunesse alsacienne.Photo\u00a0: Wikimedia commons<\/p>\n<p>En 1941, le Parti communiste fait son retour en Alsace annex\u00e9e. Georges Wodli, un ancien <a href=\"https:\/\/www.rue89strasbourg.com\/novembre-1918-quand-des-revolutionnaires-strasbourgeois-faisaient-plier-lempire-allemand-341596\" target=\"_blank\" rel=\"noreferrer noopener\">r\u00e9volutionnaire de novembre 1918<\/a> et cadre du parti, est envoy\u00e9 clandestinement \u00e0 Strasbourg pour organiser la R\u00e9sistance. \u00ab\u00a0Wodli met en place son r\u00e9seau en contactant des anciens camarades du Parti et des syndicalistes, explique Jean-Claude Richez. Ce r\u00e9seau s\u2019appuie sur les cheminots et s\u2019\u00e9tend rapidement dans toute l\u2019Alsace, jusqu\u2019en Moselle.\u00a0\u00bb Ces r\u00e9sistants communistes m\u00e8nent des actions de sabotage et font du renseignement. Georges Wodli fera m\u00eame para\u00eetre une \u00e9dition bilingue et clandestine de L\u2019Humanit\u00e9.<\/p>\n<p><img loading=\"lazy\" decoding=\"async\" width=\"792\" height=\"1132\" src=\"https:\/\/www.europesays.com\/fr\/wp-content\/uploads\/2025\/06\/resistance-alsa-3-792x1132.jpg\" alt=\"\" class=\"wp-image-345910\"  \/> Georges Wodli, militant du Parti Communiste.Photo\u00a0: Journal L\u2019Humanit\u00e9 \u2013 Gallica<\/p>\n<blockquote class=\"wp-block-pullquote\" id=\"quote-823324\">\n<p>\u00ab Les nazis cherchent \u00e0 briser tout mouvement de contestation. \u00bb<\/p>\n<p>Jean-Claude Richez, historien<\/p><\/blockquote>\n<p>En mai 1941, le groupe de La Main noire tente d\u2019assassiner Robert Wagner en jetant des grenades sur sa voiture. La r\u00e9pression s\u2019abat alors sur les jeunes r\u00e9sistants. Marcel Weinum est arr\u00eat\u00e9 et condamn\u00e9 \u00e0 mort et Ceslav Sieradski est ex\u00e9cut\u00e9 d\u2019une balle dans la nuque au camp de Schirmeck. En mars 1942, c\u2019est l\u2019\u00e9quipe Pur-sang qui tombe \u00e0 son tour. \u00ab\u00a0Les Allemands se rendent alors compte de l\u2019importance de ces r\u00e9seaux, explique Jean-Claude Richez. Avec la mise en place de l\u2019incorporation de force, les nazis cherchent \u00e0 briser tout mouvement de contestation.\u00a0\u00bb Les condamnations se veulent exemplaires. Ainsi, en janvier 1943, Lucienne Welschinger et Paul Widmann sont condamn\u00e9s \u00e0 mort. Ils n\u2019\u00e9vitent la peine capitale que suite \u00e0 des pressions diplomatiques du Mar\u00e9chal P\u00e9tain et du Vatican.<\/p>\n<p><img loading=\"lazy\" decoding=\"async\" width=\"792\" height=\"572\" src=\"https:\/\/www.europesays.com\/fr\/wp-content\/uploads\/2025\/06\/resistance-alsa-8-792x572.jpg\" alt=\"\" class=\"wp-image-345911\"  \/> Le gauleiter Robert Wagner dans sa voiture \u00e0 Strasbourg.Photo\u00a0: Archives de Strasbourg<\/p>\n<p>Georges Wodli n\u2019a pas cette chance, il d\u00e9c\u00e8de sous la torture le 2 avril 1943 au si\u00e8ge de la Gestapo \u00e0 Strasbourg. Au printemps, c\u2019est le r\u00e9seau de Charles Bareiss qui tombe puis \u00e0 l\u2019\u00e9t\u00e9 le Front de la jeunesse alsacienne. Le 15 juillet 1943, six jeunes sont fusill\u00e9s, poursuit l\u2019historien\u00a0:<\/p>\n<blockquote class=\"wp-block-quote is-layout-flow wp-block-quote-is-layout-flow\">\n<p>\u00ab\u00a0Jusqu\u2019\u00e0 mi-1943, il y a un mouvement de refus du nazisme en Alsace qui est palpable, mais il va \u00eatre cass\u00e9 par la r\u00e9pression. Des centaines de personnes sont arr\u00eat\u00e9es.\u00a0\u00bb<\/p>\n<\/blockquote>\n<p>Ceux qui \u00e9chappent aux arrestations plongent plus profond\u00e9ment dans la clandestinit\u00e9 et se concentrent sur le renseignement, une activit\u00e9 beaucoup plus discr\u00e8te que l\u2019aide aux \u00e9vasions, les sabotages et la propagande. Au moment o\u00f9 la R\u00e9sistance dans le reste de la France se structure et se renforce, les mouvements alsaciens, eux, sont bris\u00e9s.<\/p>\n<p><img loading=\"lazy\" decoding=\"async\" width=\"792\" height=\"543\" src=\"https:\/\/www.europesays.com\/fr\/wp-content\/uploads\/2025\/06\/resistance-alsa-12-792x543.jpg\" alt=\"\" class=\"wp-image-345912\"  \/> Le camp de s\u00fbret\u00e9 de Schirmeck-Vorbruck, o\u00f9 15 000 personnes ont \u00e9t\u00e9 intern\u00e9es.Photo\u00a0: Collection M\u00e9morial Alsace-Moselle, fonds WEINLING<\/p>\n<blockquote class=\"wp-block-pullquote\" id=\"quote-473240\">\n<p>\u00ab\u00a0D\u00e9serter une arm\u00e9e criminelle, c\u2019est r\u00e9sister.\u00a0\u00bb<\/p>\n<p>Jean-Claude Richez, historien<\/p><\/blockquote>\n<p>\u00c0 partir d\u2019ao\u00fbt 1942, les jeunes alsaciens sont incorpor\u00e9s de force dans l\u2019arm\u00e9e allemande. Le refus du nazisme va alors prendre un tournant plus individuel, nombre de jeunes alsaciens tentent de fuir et le payent de leur vie. En f\u00e9vrier 1943, <a href=\"https:\/\/fr.wikipedia.org\/wiki\/Massacre_de_Ballersdorf\" target=\"_blank\" rel=\"noreferrer noopener\">18 incorpor\u00e9s de Ballersdorf<\/a> essayent de passer en Suisse. Intercept\u00e9s par des garde-fronti\u00e8res, trois sont tu\u00e9s sur place et 14 ex\u00e9cut\u00e9s dans les jours suivants.<\/p>\n<p>La r\u00e9pression s\u2019entend aux familles des r\u00e9fractaires et beaucoup d\u2019Alsaciens n\u2019ont d\u2019autre choix que d\u2019accepter leur sort. Cependant, certains manifesteront leur refus jusque dans les rangs de l\u2019arm\u00e9e, comme l\u2019explique Jean-Claude Richez\u00a0:<\/p>\n<blockquote class=\"wp-block-quote is-layout-flow wp-block-quote-is-layout-flow\">\n<p>\u00ab\u00a0Il y a eu des actes d\u2019insubordinations, de sabotages et surtout des d\u00e9sertions. Pour moi, d\u00e9serter une arm\u00e9e criminelle, c\u2019est aussi r\u00e9sister.\u00a0\u00bb<\/p>\n<\/blockquote>\n<p><img loading=\"lazy\" decoding=\"async\" width=\"792\" height=\"961\" src=\"https:\/\/www.europesays.com\/fr\/wp-content\/uploads\/2025\/06\/resistance-alsa-10-792x961.jpg\" alt=\"\" class=\"wp-image-345913\"  \/> Jacques Knecht d\u00e9serte l\u2019arm\u00e9e allemande en 1944 et combat avec un maquis en Ard\u00e8che. Il sera repris et fusill\u00e9 en 1945.Photo\u00a0: Document remis par l\u2019AERIA<\/p>\n<p>Parmi ces d\u00e9serteurs, certains rejoignent des maquis en Europe de l\u2019Est ou en France. D\u2019autre trouvent refuge en Alsace, cach\u00e9s par leur famille ou dans les Vosges. \u00ab\u00a0Ils profitent d\u2019une permission pour ne pas rentrer dans leur unit\u00e9 et se cachent, d\u00e9taille Jean-Claude Richez. On voit ainsi \u00e9merger de petits maquis.\u00a0\u00bb Le plus important d\u2019entre eux, \u00e0 <a href=\"https:\/\/c.dna.fr\/societe\/2024\/10\/15\/deux-pasteurs-chefs-du-maquis-arretes-par-la-gestapo-il-y-a-80-ans\" target=\"_blank\" rel=\"noreferrer noopener\">Volksberg<\/a>, est d\u00e9mantel\u00e9 en octobre 1944\u00a0:<\/p>\n<blockquote class=\"wp-block-quote is-layout-flow wp-block-quote-is-layout-flow\">\n<p>\u00ab\u00a0Quand les arm\u00e9es alli\u00e9es arrivent, certains d\u00e9serteurs sortent de leurs caches et rejoignent les forces fran\u00e7aises de l\u2019int\u00e9rieur pour combattre \u00e0 leur c\u00f4t\u00e9. Il ne faut pas croire que ce sont des r\u00e9sistants de la derni\u00e8re heure, ils ont pris des risques pour \u00e9chapper \u00e0 l\u2019arm\u00e9e allemande et d\u00e8s qu\u2019ils ont pu rejoindre les alli\u00e9s, beaucoup l\u2019ont fait.\u00a0\u00bb<\/p>\n<\/blockquote>\n<p>Il en va de m\u00eame pour les Alsaciens r\u00e9fugi\u00e9s en Suisse et dans le reste de la France qui se joignent aux arm\u00e9es de la lib\u00e9ration \u00e0 partir de l\u2019\u00e9t\u00e9 1944.<\/p>\n<p>\t\tUne m\u00e9moire emp\u00each\u00e9e par sa complexit\u00e9<\/p>\n<p>De nombreux Alsaciens se sont aussi engag\u00e9s contre le nazisme depuis la France o\u00f9 ils se sont repli\u00e9s en 1939. L\u2019Universit\u00e9 de Strasbourg, install\u00e9e \u00e0 Clermont-Ferrand, re\u00e7oit la m\u00e9daille de la R\u00e9sistance pour le combat de ses \u00e9tudiants et personnels. Les juifs alsaciens expuls\u00e9s en 1940 vont occuper une place importante dans les r\u00e9seaux de <a href=\"https:\/\/fr.wikipedia.org\/wiki\/R%C3%A9sistance_juive_en_France\" target=\"_blank\" rel=\"noopener\">la R\u00e9sistance juive<\/a>. Plus g\u00e9n\u00e9ralement, on retrouve des Alsaciens les armes \u00e0 la main dans les maquis de France. La <a href=\"https:\/\/fr.wikipedia.org\/wiki\/Brigade_ind%C3%A9pendante_Alsace-Lorraine\" target=\"_blank\" rel=\"noopener\">brigade Alsace-Lorraine<\/a> dirig\u00e9e par Andr\u00e9 Malraux, en rassemble 1\u00a0500 \u00e0 partir de septembre 1944 et participe aux combats dans les Vosges et en Alsace.<\/p>\n<p><img loading=\"lazy\" decoding=\"async\" width=\"792\" height=\"469\" src=\"https:\/\/www.europesays.com\/fr\/wp-content\/uploads\/2025\/06\/resistance-alsa-15-792x469.jpg\" alt=\"\" class=\"wp-image-345915\"  \/> Des r\u00e9sistants au maquis du Marquay en Dordogne le 14 juillet 1944, dans leurs rang, de nombreux Alsaciens et Mosellans.Photo\u00a0: Comit\u00e9 pour la m\u00e9moire de la Brigade Alsace-Lorraine<\/p>\n<p>Toutes ces dimensions complexifient le r\u00e9cit autour de la R\u00e9sistance des Alsaciens. Pour Jean-Claude Richez, il est difficile d\u2019en saisir l\u2019ampleur tant ces engagements prennent des trajectoires diff\u00e9rentes\u00a0:<\/p>\n<blockquote class=\"wp-block-quote is-layout-flow wp-block-quote-is-layout-flow\">\n<p>\u00ab\u00a0C\u2019est une r\u00e9sistance totalement \u00e9clat\u00e9e. R\u00e9sister en Alsace sous domination nazie, r\u00e9sister dans une arm\u00e9e nazifi\u00e9e ou r\u00e9sister depuis la France occup\u00e9e, ce ne sont pas les m\u00eames exp\u00e9riences. C\u2019est difficile de construire une m\u00e9moire \u00e0 partir d\u2019engagements aussi diff\u00e9rents.\u00a0\u00bb<\/p>\n<\/blockquote>\n<p>L\u2019historien ajoute que les formes qu\u2019a pris la R\u00e9sistance en Alsace cadrent peu avec un r\u00e9cit national centr\u00e9 sur les maquis et l\u2019action arm\u00e9e, invisibilisant pendant longtemps la contribution des Alsaciens \u00e0 l\u2019histoire de la R\u00e9sistance.\u00a0<\/p>\n","protected":false},"excerpt":{"rendered":"Le 14 avril 1942, Marcel Weinum, un \u00e9tudiant strasbourgeois de 18 ans, est d\u00e9capit\u00e9 \u00e0 Stuttgart. Condamn\u00e9 \u00e0&hellip;\n","protected":false},"author":2,"featured_media":160054,"comment_status":"","ping_status":"","sticky":false,"template":"","format":"standard","meta":{"footnotes":""},"categories":[2820],"tags":[1111,11,2389,1777,674,1011,27,775,937,29179,12,25,640],"class_list":{"0":"post-160053","1":"post","2":"type-post","3":"status-publish","4":"format-standard","5":"has-post-thumbnail","7":"category-strasbourg","8":"tag-actu","9":"tag-actualites","10":"tag-alsace","11":"tag-eu","12":"tag-europe","13":"tag-fr","14":"tag-france","15":"tag-grand-est","16":"tag-histoire","17":"tag-nazis","18":"tag-news","19":"tag-republique-francaise","20":"tag-strasbourg"},"share_on_mastodon":{"url":"https:\/\/pubeurope.com\/@fr\/114645864838396472","error":""},"_links":{"self":[{"href":"https:\/\/www.europesays.com\/fr\/wp-json\/wp\/v2\/posts\/160053","targetHints":{"allow":["GET"]}}],"collection":[{"href":"https:\/\/www.europesays.com\/fr\/wp-json\/wp\/v2\/posts"}],"about":[{"href":"https:\/\/www.europesays.com\/fr\/wp-json\/wp\/v2\/types\/post"}],"author":[{"embeddable":true,"href":"https:\/\/www.europesays.com\/fr\/wp-json\/wp\/v2\/users\/2"}],"replies":[{"embeddable":true,"href":"https:\/\/www.europesays.com\/fr\/wp-json\/wp\/v2\/comments?post=160053"}],"version-history":[{"count":0,"href":"https:\/\/www.europesays.com\/fr\/wp-json\/wp\/v2\/posts\/160053\/revisions"}],"wp:featuredmedia":[{"embeddable":true,"href":"https:\/\/www.europesays.com\/fr\/wp-json\/wp\/v2\/media\/160054"}],"wp:attachment":[{"href":"https:\/\/www.europesays.com\/fr\/wp-json\/wp\/v2\/media?parent=160053"}],"wp:term":[{"taxonomy":"category","embeddable":true,"href":"https:\/\/www.europesays.com\/fr\/wp-json\/wp\/v2\/categories?post=160053"},{"taxonomy":"post_tag","embeddable":true,"href":"https:\/\/www.europesays.com\/fr\/wp-json\/wp\/v2\/tags?post=160053"}],"curies":[{"name":"wp","href":"https:\/\/api.w.org\/{rel}","templated":true}]}}