{"id":160070,"date":"2025-06-08T04:38:09","date_gmt":"2025-06-08T04:38:09","guid":{"rendered":"https:\/\/www.europesays.com\/fr\/160070\/"},"modified":"2025-06-08T04:38:09","modified_gmt":"2025-06-08T04:38:09","slug":"quels-sont-les-candidats-en-lice-pour-devenir-maire","status":"publish","type":"post","link":"https:\/\/www.europesays.com\/fr\/160070\/","title":{"rendered":"quels sont les candidats en lice pour devenir maire\u00a0?"},"content":{"rendered":"<p>            Par<br \/>\n        <strong><br \/>\n            <a href=\"https:\/\/actu.fr\/auteur\/nicolas-demollien\" title=\"Consulter tous les articles de Nicolas Demollien\" rel=\"nofollow noopener\" target=\"_blank\">Nicolas Demollien<\/a><br \/>\n        <\/strong><\/p>\n<p>        Publi\u00e9 le<\/p>\n<p>            8 juin 2025 \u00e0 6h20        <\/p>\n<p><b>Arnaud Deslandes<\/b>, successeur de <a href=\"https:\/\/actu.fr\/tag\/martine-aubry\" rel=\"nofollow noopener\" target=\"_blank\">Martine Aubry<\/a>, <b>sera-t-il toujours maire en 2026<\/b> ? Rien n\u2019est moins s\u00fbr alors que les <b>\u00e9lections<\/b> <a href=\"https:\/\/actu.fr\/tag\/municipales-2026\" rel=\"nofollow noopener\" target=\"_blank\">municipales<\/a> s\u2019annoncent <b>particuli\u00e8rement disput\u00e9es<\/b> \u00e0 <a href=\"https:\/\/actu.fr\/hauts-de-france\/lille_59350\" rel=\"nofollow noopener\" target=\"_blank\">Lille<\/a> (Nord). \u00c0 moins d\u2019un an du scrutin, on fait un <b>premier point sur les candidats en lice<\/b>.<\/p>\n<p>Quels sont les candidats \u00e0 la mairie de Lille ?\u00a0<\/p>\n<p class=\" wall-content\"><b>Trois candidats font d\u00e9j\u00e0 campagne<\/b> depuis plusieurs semaines et n\u2019ont pas tard\u00e9 \u00e0 se d\u00e9clarer. La premi\u00e8re est <b>Violette Spillebout<\/b>. \u00c9lue dans l\u2019opposition, d\u00e9put\u00e9e de la 9e circonscription du Nord, elle est la candidate du <a href=\"https:\/\/actu.fr\/tag\/renaissance-ex-lrem\" rel=\"nofollow noopener\" target=\"_blank\">parti de la majorit\u00e9 pr\u00e9sidentielle<\/a>. R\u00e9guli\u00e8rement tr\u00e8s offensive et critique envers la majorit\u00e9 actuelle, elle entend bien endosser l\u2019\u00e9charpe de maire.<\/p>\n<p class=\" wall-content\">Elle aura face \u00e0 elle un autre candidat ambitieux : l\u2019<a href=\"https:\/\/actu.fr\/tag\/europe-ecologie-les-verts-eelv\" rel=\"nofollow noopener\" target=\"_blank\">\u00e9cologiste<\/a> <b>St\u00e9phane Baly<\/b>. Il avait \u00e9chou\u00e9 pour quelques dizaines de voix \u00e0 faire tomber Martine Aubry de son fauteuil lors des derni\u00e8res \u00e9lections.<\/p>\n<p class=\" wall-content\">\u00c0 droite, enfin, on retrouve <b>Louis Delemer<\/b> (<a href=\"https:\/\/actu.fr\/tag\/les-republicains-lr\" rel=\"nofollow noopener\" target=\"_blank\">Les R\u00e9publicains<\/a>). Le jeune homme pr\u00e9side l\u2019association Lille au c\u0153ur.\u00a0<\/p>\n<p>Vid\u00e9os : en ce moment sur ActuEt c\u00f4t\u00e9 PS ?\u00a0<\/p>\n<p class=\" wall-content\">Du c\u00f4t\u00e9 du <a href=\"https:\/\/actu.fr\/tag\/parti-socialiste-ps\" rel=\"nofollow noopener\" target=\"_blank\">parti socialiste<\/a>, Martine Aubry a annonc\u00e9 qu\u2019elle soutiendrait son successeur actuel lors des prochaines \u00e9lections : <b>Arnaud Deslandes<\/b>. L\u2019actuel maire de Lille a encore plusieurs mois devant lui pour se faire conna\u00eetre et d\u00e9fendre le bilan de sa majorit\u00e9.\u00a0<\/p>\n<p class=\" wall-content\">Mais le d\u00e9put\u00e9 de la 11e circonscription <b>Roger Vicot<\/b>, ancien maire de Lomme, a annonc\u00e9 lui aussi qu\u2019il comptait se pr\u00e9senter \u00e0 l\u2019\u00e9lection. Une primaire pourrait d\u00e9partager les deux candidats d\u2019ici l\u2019automne. Affaire \u00e0 suivre.<\/p>\n<p>D\u2019autres candidats devraient encore se d\u00e9clarer<\/p>\n<p class=\" wall-content\">D\u2019autres partis devraient aussi jouer les trouble-f\u00eates et se lancer dans la bataille. Le <a href=\"https:\/\/actu.fr\/tag\/rassemblement-national-rn\" rel=\"nofollow noopener\" target=\"_blank\">RN<\/a> y travaille, le nom du d\u00e9put\u00e9 europ\u00e9en <b>Matthieu Valet<\/b> est r\u00e9guli\u00e8rement cit\u00e9.<\/p>\n<p class=\" wall-content\"><a href=\"https:\/\/actu.fr\/tag\/la-france-insoumise-lfi\" rel=\"nofollow noopener\" target=\"_blank\">La France Insoumise<\/a> pourrait \u00e9galement semer le trouble \u00e0 gauche en envoyant un candidat s\u00e9rieux au front. Le d\u00e9put\u00e9 <b>Aur\u00e9lien Le Coq<\/b> est r\u00e9guli\u00e8rement cit\u00e9 par les militants du parti, ainsi qu\u2019<b>Ugo Bernalicis<\/b>, dans une moindre mesure.\u00a0<\/p>\n<p class=\" wall-content\">Enfin, le <b>parti Horizons<\/b> compte bien avoir un r\u00f4le \u00e0 jouer dans cette \u00e9lection. Il a r\u00e9cemment nomm\u00e9 le conseiller municipal d\u2019opposition Ali Douffi comme \u00ab\u00a0chef de file du mouvement\u00a0\u00bb \u00e0 Lille.<\/p>\n<p class=\" wall-content\">Suivez toute l\u2019actualit\u00e9 de vos villes et m\u00e9dias favoris en vous inscrivant \u00e0 <a href=\"https:\/\/moncompte.actu.fr\" title=\"D\u00e9couvez Mon Actu\" rel=\"nofollow noopener\" data-trk=\"{&quot;cta&quot;:{&quot;action&quot;:&quot;https:\\\/\\\/moncompte.actu.fr&quot;,&quot;category&quot;:&quot;mon compte&quot;,&quot;from&quot;:&quot;article footer&quot;,&quot;name&quot;:&quot;Mon actu&quot;,&quot;type&quot;:&quot;cta&quot;}}\" target=\"_blank\">Mon Actu<\/a>.<\/p>\n","protected":false},"excerpt":{"rendered":"Par Nicolas Demollien Publi\u00e9 le 8 juin 2025 \u00e0 6h20 Arnaud Deslandes, successeur de Martine Aubry, sera-t-il toujours&hellip;\n","protected":false},"author":2,"featured_media":160071,"comment_status":"","ping_status":"","sticky":false,"template":"","format":"standard","meta":{"footnotes":""},"categories":[2815],"tags":[1111,11,1777,674,1011,27,811,1307,15626,3434,12,316,25],"class_list":{"0":"post-160070","1":"post","2":"type-post","3":"status-publish","4":"format-standard","5":"has-post-thumbnail","7":"category-lille","8":"tag-actu","9":"tag-actualites","10":"tag-eu","11":"tag-europe","12":"tag-fr","13":"tag-france","14":"tag-hauts-de-france","15":"tag-lille","16":"tag-martine-aubry","17":"tag-municipales-2026","18":"tag-news","19":"tag-politique","20":"tag-republique-francaise"},"share_on_mastodon":{"url":"https:\/\/pubeurope.com\/@fr\/114645900076969642","error":""},"_links":{"self":[{"href":"https:\/\/www.europesays.com\/fr\/wp-json\/wp\/v2\/posts\/160070","targetHints":{"allow":["GET"]}}],"collection":[{"href":"https:\/\/www.europesays.com\/fr\/wp-json\/wp\/v2\/posts"}],"about":[{"href":"https:\/\/www.europesays.com\/fr\/wp-json\/wp\/v2\/types\/post"}],"author":[{"embeddable":true,"href":"https:\/\/www.europesays.com\/fr\/wp-json\/wp\/v2\/users\/2"}],"replies":[{"embeddable":true,"href":"https:\/\/www.europesays.com\/fr\/wp-json\/wp\/v2\/comments?post=160070"}],"version-history":[{"count":0,"href":"https:\/\/www.europesays.com\/fr\/wp-json\/wp\/v2\/posts\/160070\/revisions"}],"wp:featuredmedia":[{"embeddable":true,"href":"https:\/\/www.europesays.com\/fr\/wp-json\/wp\/v2\/media\/160071"}],"wp:attachment":[{"href":"https:\/\/www.europesays.com\/fr\/wp-json\/wp\/v2\/media?parent=160070"}],"wp:term":[{"taxonomy":"category","embeddable":true,"href":"https:\/\/www.europesays.com\/fr\/wp-json\/wp\/v2\/categories?post=160070"},{"taxonomy":"post_tag","embeddable":true,"href":"https:\/\/www.europesays.com\/fr\/wp-json\/wp\/v2\/tags?post=160070"}],"curies":[{"name":"wp","href":"https:\/\/api.w.org\/{rel}","templated":true}]}}