{"id":160076,"date":"2025-06-08T04:41:09","date_gmt":"2025-06-08T04:41:09","guid":{"rendered":"https:\/\/www.europesays.com\/fr\/160076\/"},"modified":"2025-06-08T04:41:09","modified_gmt":"2025-06-08T04:41:09","slug":"immobilier-a-marseille-les-prix-continuent-daugmenter-voici-de-combien","status":"publish","type":"post","link":"https:\/\/www.europesays.com\/fr\/160076\/","title":{"rendered":"Immobilier \u00e0 Marseille. Les prix continuent d&rsquo;augmenter, voici de combien"},"content":{"rendered":"<p>            Par<br \/>\n        <strong><br \/>\n            <a href=\"https:\/\/actu.fr\/auteur\/redaction-marseille\" title=\"Consulter tous les articles de R\u00e9daction Marseille\" rel=\"nofollow noopener\" target=\"_blank\">R\u00e9daction Marseille<\/a><br \/>\n        <\/strong><\/p>\n<p>        Publi\u00e9 le<\/p>\n<p>            8 juin 2025 \u00e0 6h04        <\/p>\n<p><a href=\"https:\/\/actu.fr\/marseille\/\" rel=\"nofollow noopener\" target=\"_blank\">Marseille<\/a> se distingue encore et toujours. Dans leur dernier barom\u00e8tre sur les chiffres de <a href=\"https:\/\/actu.fr\/tag\/immobilier\" rel=\"nofollow noopener\" target=\"_blank\">l\u2019immobilier<\/a>, Meilleurs Agents et SeLoger r\u00e9v\u00e8lent que <strong>\u00ab\u2009les prix n\u2019ont progress\u00e9 que de +\u00a00,1\u2009% au niveau national\u2009\u00bb<\/strong>. La tendance est m\u00eame \u00e0 la baisse dans plusieurs grandes m\u00e9tropoles fran\u00e7aises comme Nice ou Nantes. Ce qui n\u2019est pas du tout de la cit\u00e9 phoc\u00e9enne qui figure dans le <strong>Top\u00a03 des plus grandes villes connaissant la plus forte hausse des prix<\/strong>, derri\u00e8re Bordeaux et Montpellier.<\/p>\n<p>Un prix de 3\u2009459\u00a0euros au m2<\/p>\n<p class=\" wall-content\">\u00c0 Marseille, les prix ont <strong>augment\u00e9 de 1,2\u2009% en mai<\/strong>, confirmant une tendance. \u00ab\u2009Six des plus grandes m\u00e9tropoles de l\u2019Hexagone sont orient\u00e9es \u00e0 la hausse depuis trois mois\u2009\u00bb, \u00e9crivent Meilleurs Agents et SeLoger.<\/p>\n<p class=\" wall-content\">Aujourd\u2019hui, le prix moyen au 1er\u00a0juin 2025 s\u2019\u00e9tablit \u00e0 <strong>3\u2009459\u00a0euros du m2<\/strong> pour un appartement.<\/p>\n<p>De fortes disparit\u00e9s entre le march\u00e9 du neuf et de l\u2019ancien<\/p>\n<p class=\" wall-content\">Dans son dernier rapport, l\u2019Observatoire des loyers du parc priv\u00e9 des <a href=\"https:\/\/actu.fr\/provence-alpes-cote-d-azur\/bouches-du-rhone_13\" rel=\"nofollow noopener\" target=\"_blank\">Bouches-du-Rh\u00f4ne<\/a> fournit d\u2019autres donn\u00e9es sur le march\u00e9 de l\u2019immobilier \u00e0 Marseille. En 2024, l\u2019achat d\u2019appartements anciens a baiss\u00e9 sur Marseille\u2009: <strong>\u2013 3,5\u2009%<\/strong>. Le prix au m2 est l\u00e9g\u00e8rement inf\u00e9rieur \u00e0 celui de la ville et s\u2019\u00e9tablit \u00e0 3\u2009070\u00a0euros. Contrairement \u00e0 celui du neuf qui a connu une forte hausse\u2009: <strong>+\u00a05,8\u2009%<\/strong> pour un prix moyen \u00e0 5\u2009340\u00a0euros du m2.<\/p>\n<p class=\" wall-content\">Des disparit\u00e9s que l\u2019on retrouve aussi dans le march\u00e9 des maisons avec un march\u00e9 du neuf fortement attractif (+ 10, 3%) et celui de l\u2019ancien qui attire moins (-3,5\u2009%)<\/p>\n<p class=\" wall-content\">\u00ab\u2009Le march\u00e9 immobilier montre <strong>des signes de redressement en 2025<\/strong>, avec une l\u00e9g\u00e8re augmentation des ventes et une stabilisation des prix apr\u00e8s une baisse moyenne de 5\u2009%\u2009\u00bb, conclut l\u2019OIP dans son \u00e9tude transmise \u00e0 actu Marseille.<\/p>\n<p class=\" wall-content\">Suivez toute l\u2019actualit\u00e9 de vos villes et m\u00e9dias favoris en vous inscrivant \u00e0 <a href=\"https:\/\/moncompte.actu.fr\" title=\"D\u00e9couvez Mon Actu\" rel=\"nofollow noopener\" data-trk=\"{&quot;cta&quot;:{&quot;action&quot;:&quot;https:\\\/\\\/moncompte.actu.fr&quot;,&quot;category&quot;:&quot;mon compte&quot;,&quot;from&quot;:&quot;article footer&quot;,&quot;name&quot;:&quot;Mon actu&quot;,&quot;type&quot;:&quot;cta&quot;}}\" target=\"_blank\">Mon Actu<\/a>.<\/p>\n","protected":false},"excerpt":{"rendered":"Par R\u00e9daction Marseille Publi\u00e9 le 8 juin 2025 \u00e0 6h04 Marseille se distingue encore et toujours. Dans leur&hellip;\n","protected":false},"author":2,"featured_media":35726,"comment_status":"","ping_status":"","sticky":false,"template":"","format":"standard","meta":{"footnotes":""},"categories":[2814],"tags":[1111,11,1261,1777,674,1011,27,1116,884,12,882,25,104],"class_list":{"0":"post-160076","1":"post","2":"type-post","3":"status-publish","4":"format-standard","5":"has-post-thumbnail","7":"category-marseille","8":"tag-actu","9":"tag-actualites","10":"tag-argent","11":"tag-eu","12":"tag-europe","13":"tag-fr","14":"tag-france","15":"tag-immobilier","16":"tag-marseille","17":"tag-news","18":"tag-provence-alpes-cote-dazur","19":"tag-republique-francaise","20":"tag-societe"},"share_on_mastodon":{"url":"https:\/\/pubeurope.com\/@fr\/114645911811823171","error":""},"_links":{"self":[{"href":"https:\/\/www.europesays.com\/fr\/wp-json\/wp\/v2\/posts\/160076","targetHints":{"allow":["GET"]}}],"collection":[{"href":"https:\/\/www.europesays.com\/fr\/wp-json\/wp\/v2\/posts"}],"about":[{"href":"https:\/\/www.europesays.com\/fr\/wp-json\/wp\/v2\/types\/post"}],"author":[{"embeddable":true,"href":"https:\/\/www.europesays.com\/fr\/wp-json\/wp\/v2\/users\/2"}],"replies":[{"embeddable":true,"href":"https:\/\/www.europesays.com\/fr\/wp-json\/wp\/v2\/comments?post=160076"}],"version-history":[{"count":0,"href":"https:\/\/www.europesays.com\/fr\/wp-json\/wp\/v2\/posts\/160076\/revisions"}],"wp:featuredmedia":[{"embeddable":true,"href":"https:\/\/www.europesays.com\/fr\/wp-json\/wp\/v2\/media\/35726"}],"wp:attachment":[{"href":"https:\/\/www.europesays.com\/fr\/wp-json\/wp\/v2\/media?parent=160076"}],"wp:term":[{"taxonomy":"category","embeddable":true,"href":"https:\/\/www.europesays.com\/fr\/wp-json\/wp\/v2\/categories?post=160076"},{"taxonomy":"post_tag","embeddable":true,"href":"https:\/\/www.europesays.com\/fr\/wp-json\/wp\/v2\/tags?post=160076"}],"curies":[{"name":"wp","href":"https:\/\/api.w.org\/{rel}","templated":true}]}}